{"id":1301,"date":"2021-05-17T14:25:42","date_gmt":"2021-05-17T13:25:42","guid":{"rendered":"https:\/\/www.masina.rs\/eng\/?p=1301"},"modified":"2021-05-24T22:41:37","modified_gmt":"2021-05-24T21:41:37","slug":"a-greeen-left-coalition-and-tomislav-tomasevic-take-a-lead-in-the-first-round-of-local-elections-in-zagreb","status":"publish","type":"post","link":"https:\/\/www.masina.rs\/eng\/a-greeen-left-coalition-and-tomislav-tomasevic-take-a-lead-in-the-first-round-of-local-elections-in-zagreb\/","title":{"rendered":"Green-Left Coalition and Tomislav Toma\u0161evi\u0107 take a lead in the first round of local elections in Zagreb"},"content":{"rendered":"\n<p class=\"has-drop-cap western\">T<span style=\"color: #000000;\"><span lang=\"en-GB\">he main news of the local elections in Croatia is the extremely good result of the green-left coalition We can! and their candidate for mayor of Zagreb, Tomislav Toma\u0161evi\u0107. Although Toma\u0161evi\u0107 will have to fight for the mandate in the second round, the result he achieved on Sunday provide him with good reason to hope that he will be the next mayor of the Croatian capital.<\/span><\/span><\/p>\n\n\n\n<blockquote class=\"wp-block-quote is-layout-flow wp-block-quote-is-layout-flow\"><p class=\"western\" lang=\"sr-Latn-RS\" align=\"left\"><span style=\"color: #000000;\"><span lang=\"en-GB\">&#8220;Today, the citizens of Zagreb loudly stated that this city does not belong to a clique, that this city belongs to all of us who live in it and that is why Zagreb is ours!&#8221;, said Toma\u0161evi\u0107 during the celebration at the election headquarters.<\/span><\/span><\/p><\/blockquote>\n\n\n\n<p class=\"western\"><span style=\"color: #000000;\"><span lang=\"en-GB\">He added that the election result is another significant step in freeing Zagreb from the so-called corrupt octopus. In this difficult task, the future mayor will be able to count on the support of the city assembly \u2013 the coalition We Can! won as much as 40% of the vote for the local parliament and will most likely have the majority of seats. The members of the coalition gathered around the Croatian Democratic Union (HDZ), the Homeland Movement (DP), the Labour and Solidarity Party, the Social Democratic Party (SDP) and Most will also sit in the Zagreb Assembly.<\/span><\/span><\/p>\n\n\n\n<p class=\"western\"><span style=\"color: #000000;\">T<a style=\"color: #000000;\" name=\"_GoBack\"><\/a><span lang=\"en-GB\">oma\u0161evi\u0107 won 45% of the votes in the mayoral race, or slightly more than 147 thousand votes, which equals the sum of the votes next five candidates share between themselves. Toma\u0161evi\u0107 won as many as 107 thousand votes more than the second-placed Miroslav \u0160koro of the Homeland Movement, with whom the green-left candidate will face off in the runoff.<\/span><\/span><\/p>\n\n\n\n<p class=\"western\"><span style=\"color: #000000;\"><span lang=\"en-GB\">&#8220;We have a huge advantage over the opponent after the first round, but there is still much ahead. Two more weeks of fight awaits and we will do our best again. We will continue to run a positive campaign and focus on the problems of this city and the solutions to those problems&#8221;, Toma\u0161evi\u0107 stated.<\/span><\/span><\/p>\n\n\n\n<p class=\"western\"><span style=\"color: #000000;\"><span lang=\"en-GB\">His opponent, Miroslav \u0160koro, also addressed the public, using the opportunity to sharpen his right-wing rhetoric and comment on the ideological premises of the coalition lead by We Can!, which he already reffered to as being problematic during his campaign.<\/span><\/span><\/p>\n\n\n\n<p class=\"western\"><span style=\"color: #000000;\"><span lang=\"en-GB\">&#8220;They are neither green nor left, they&#8217;re extreme left and it will be stopped in the second round, so God help me. The gap is big, and so is the task to bridge it, but with faith in God and your help, I am sure that in two weeks we will celebrate the mayor of Zagreb who will not be from a green or left coalition, who will continue Zagreb&#8217;s tradition and all that modern democracy throughout the world represents&#8221;, said \u0160koro, according to N1.<\/span><\/span><\/p>\n\n\n\n<p class=\"western\"><span style=\"color: #000000;\"><span lang=\"en-GB\">Judging by the results so far, Toma\u0161evi\u0107 can expect to win in the faceoff. Until then, during the next two weeks Zagreb will witness an intensification of attacks on the preferred local right-wingers&#8217; boogiemen \u2013 the &#8220;leftists&#8221;, &#8220;Yugoslavs&#8221; and &#8220;Serbs&#8221;.<\/span><\/span><\/p>\n\n\n\n<p class=\"western\"><span style=\"color: #000000;\"><span lang=\"en-GB\">The<\/span><i> <\/i><span lang=\"en-GB\">We Can!, New Left, ORAH, and For the City coalition will have its representatives in the assemblies of other major Croatian cities, including Split, Osijek, Rijeka, <\/span><span lang=\"en-GB\">Dubrovnik<\/span><span lang=\"en-GB\"> and Pula. In addition, it is important to note the weak result of the Social Democratic Party of Croatia (SDP), which kept its ground only in Rijeka. This shows that a large number of SDP&#8217;s former voters gave their support to the We Can! coalition, which seeks to promote contemporary left and green policies.<\/span><\/span><\/p>\n\n\n\n<p class=\"has-text-align-right\"><em>M.M.<\/em><\/p>\n\n\n\n<p class=\"has-text-align-right\">Translation from Serbian: Iskra Krsti\u0107<\/p>\n\n\n\n<p class=\"original-source\">This article was <a href=\"https:\/\/www.masina.rs\/koalicija-mozemo-i-tomislav-tomasevic-dobili-najvise-glasova-u-prvom-krugu-lokalnih-izbora-u-zagrebu\/\">ORIGINALLY PUBLISHED<\/a> in Serbian on may 17, 2020.<\/p>\n","protected":false},"excerpt":{"rendered":"<p>According to the still unofficial results of the local elections in Croatia, the support received by the green-left coalition We can! (Mo\u017eemo!) announces changes on the political scene of the neighbouring country.<\/p>\n","protected":false},"author":2,"featured_media":1302,"comment_status":"closed","ping_status":"closed","sticky":false,"template":"","format":"standard","meta":{"_acf_changed":false,"footnotes":""},"categories":[1],"tags":[116,17,150],"form":[71],"concept":[],"contents":[156],"coauthors":[5],"class_list":["post-1301","post","type-post","status-publish","format-standard","has-post-thumbnail","hentry","category-uncategorized","tag-croatia","tag-elections","tag-we-can","form-news","contents-politics","infinite-scroll-item","generate-columns","tablet-grid-50","mobile-grid-100","grid-parent","grid-25"],"acf":[],"yoast_head":"<!-- This site is optimized with the Yoast SEO plugin v27.5 - https:\/\/yoast.com\/product\/yoast-seo-wordpress\/ -->\n<title>Green-Left Coalition and Tomislav Toma\u0161evi\u0107 take a lead in the first round of local elections in Zagreb - Ma\u0161ina English<\/title>\n<meta name=\"robots\" content=\"index, follow, max-snippet:-1, max-image-preview:large, max-video-preview:-1\" \/>\n<link rel=\"canonical\" href=\"https:\/\/www.masina.rs\/eng\/a-greeen-left-coalition-and-tomislav-tomasevic-take-a-lead-in-the-first-round-of-local-elections-in-zagreb\/\" \/>\n<meta property=\"og:locale\" content=\"en_US\" \/>\n<meta property=\"og:type\" content=\"article\" \/>\n<meta property=\"og:title\" content=\"Green-Left Coalition and Tomislav Toma\u0161evi\u0107 take a lead in the first round of local elections in Zagreb - Ma\u0161ina English\" \/>\n<meta property=\"og:description\" content=\"According to the still unofficial results of the local elections in Croatia, the support received by the green-left coalition We can! (Mo\u017eemo!) announces changes on the political scene of the neighbouring country.\" \/>\n<meta property=\"og:url\" content=\"https:\/\/www.masina.rs\/eng\/a-greeen-left-coalition-and-tomislav-tomasevic-take-a-lead-in-the-first-round-of-local-elections-in-zagreb\/\" \/>\n<meta property=\"og:site_name\" content=\"Ma\u0161ina English\" \/>\n<meta property=\"article:publisher\" content=\"https:\/\/www.facebook.com\/masinars\" \/>\n<meta property=\"article:published_time\" content=\"2021-05-17T13:25:42+00:00\" \/>\n<meta property=\"article:modified_time\" content=\"2021-05-24T21:41:37+00:00\" \/>\n<meta property=\"og:image\" content=\"https:\/\/www.masina.rs\/eng\/wp-content\/uploads\/2021\/05\/mozemo_izborna-pobeda-2021.jpg\" \/>\n\t<meta property=\"og:image:width\" content=\"1200\" \/>\n\t<meta property=\"og:image:height\" content=\"675\" \/>\n\t<meta property=\"og:image:type\" content=\"image\/jpeg\" \/>\n<meta name=\"author\" content=\"Ma\u0161ina\" \/>\n<meta name=\"twitter:card\" content=\"summary_large_image\" \/>\n<meta name=\"twitter:creator\" content=\"@MasinaRS\" \/>\n<meta name=\"twitter:site\" content=\"@MasinaRS\" \/>\n<meta name=\"twitter:label1\" content=\"Written by\" \/>\n\t<meta name=\"twitter:data1\" content=\"Ma\u0161ina\" \/>\n\t<meta name=\"twitter:label2\" content=\"Est. reading time\" \/>\n\t<meta name=\"twitter:data2\" content=\"3 minutes\" \/>\n<script type=\"application\/ld+json\" class=\"yoast-schema-graph\">{\"@context\":\"https:\\\/\\\/schema.org\",\"@graph\":[{\"@type\":\"Article\",\"@id\":\"https:\\\/\\\/www.masina.rs\\\/eng\\\/a-greeen-left-coalition-and-tomislav-tomasevic-take-a-lead-in-the-first-round-of-local-elections-in-zagreb\\\/#article\",\"isPartOf\":{\"@id\":\"https:\\\/\\\/www.masina.rs\\\/eng\\\/a-greeen-left-coalition-and-tomislav-tomasevic-take-a-lead-in-the-first-round-of-local-elections-in-zagreb\\\/\"},\"author\":{\"name\":\"Ma\u0161ina\",\"@id\":\"https:\\\/\\\/www.masina.rs\\\/eng\\\/#\\\/schema\\\/person\\\/958b9359404b87ce04cd3437b841249a\"},\"headline\":\"Green-Left Coalition and Tomislav Toma\u0161evi\u0107 take a lead in the first round of local elections in Zagreb\",\"datePublished\":\"2021-05-17T13:25:42+00:00\",\"dateModified\":\"2021-05-24T21:41:37+00:00\",\"mainEntityOfPage\":{\"@id\":\"https:\\\/\\\/www.masina.rs\\\/eng\\\/a-greeen-left-coalition-and-tomislav-tomasevic-take-a-lead-in-the-first-round-of-local-elections-in-zagreb\\\/\"},\"wordCount\":609,\"publisher\":{\"@id\":\"https:\\\/\\\/www.masina.rs\\\/eng\\\/#organization\"},\"image\":{\"@id\":\"https:\\\/\\\/www.masina.rs\\\/eng\\\/a-greeen-left-coalition-and-tomislav-tomasevic-take-a-lead-in-the-first-round-of-local-elections-in-zagreb\\\/#primaryimage\"},\"thumbnailUrl\":\"https:\\\/\\\/www.masina.rs\\\/eng\\\/wp-content\\\/uploads\\\/2021\\\/05\\\/mozemo_izborna-pobeda-2021.jpg\",\"keywords\":[\"Croatia\",\"elections\",\"We can!\"],\"inLanguage\":\"en-US\"},{\"@type\":\"WebPage\",\"@id\":\"https:\\\/\\\/www.masina.rs\\\/eng\\\/a-greeen-left-coalition-and-tomislav-tomasevic-take-a-lead-in-the-first-round-of-local-elections-in-zagreb\\\/\",\"url\":\"https:\\\/\\\/www.masina.rs\\\/eng\\\/a-greeen-left-coalition-and-tomislav-tomasevic-take-a-lead-in-the-first-round-of-local-elections-in-zagreb\\\/\",\"name\":\"Green-Left Coalition and Tomislav Toma\u0161evi\u0107 take a lead in the first round of local elections in Zagreb - Ma\u0161ina English\",\"isPartOf\":{\"@id\":\"https:\\\/\\\/www.masina.rs\\\/eng\\\/#website\"},\"primaryImageOfPage\":{\"@id\":\"https:\\\/\\\/www.masina.rs\\\/eng\\\/a-greeen-left-coalition-and-tomislav-tomasevic-take-a-lead-in-the-first-round-of-local-elections-in-zagreb\\\/#primaryimage\"},\"image\":{\"@id\":\"https:\\\/\\\/www.masina.rs\\\/eng\\\/a-greeen-left-coalition-and-tomislav-tomasevic-take-a-lead-in-the-first-round-of-local-elections-in-zagreb\\\/#primaryimage\"},\"thumbnailUrl\":\"https:\\\/\\\/www.masina.rs\\\/eng\\\/wp-content\\\/uploads\\\/2021\\\/05\\\/mozemo_izborna-pobeda-2021.jpg\",\"datePublished\":\"2021-05-17T13:25:42+00:00\",\"dateModified\":\"2021-05-24T21:41:37+00:00\",\"breadcrumb\":{\"@id\":\"https:\\\/\\\/www.masina.rs\\\/eng\\\/a-greeen-left-coalition-and-tomislav-tomasevic-take-a-lead-in-the-first-round-of-local-elections-in-zagreb\\\/#breadcrumb\"},\"inLanguage\":\"en-US\",\"potentialAction\":[{\"@type\":\"ReadAction\",\"target\":[\"https:\\\/\\\/www.masina.rs\\\/eng\\\/a-greeen-left-coalition-and-tomislav-tomasevic-take-a-lead-in-the-first-round-of-local-elections-in-zagreb\\\/\"]}]},{\"@type\":\"ImageObject\",\"inLanguage\":\"en-US\",\"@id\":\"https:\\\/\\\/www.masina.rs\\\/eng\\\/a-greeen-left-coalition-and-tomislav-tomasevic-take-a-lead-in-the-first-round-of-local-elections-in-zagreb\\\/#primaryimage\",\"url\":\"https:\\\/\\\/www.masina.rs\\\/eng\\\/wp-content\\\/uploads\\\/2021\\\/05\\\/mozemo_izborna-pobeda-2021.jpg\",\"contentUrl\":\"https:\\\/\\\/www.masina.rs\\\/eng\\\/wp-content\\\/uploads\\\/2021\\\/05\\\/mozemo_izborna-pobeda-2021.jpg\",\"width\":1200,\"height\":675,\"caption\":\"Celebration at the election headquarters of the We Can!, New Left, ORAH, and For the City coalition; Source: We can! \\\/ Facebook\"},{\"@type\":\"BreadcrumbList\",\"@id\":\"https:\\\/\\\/www.masina.rs\\\/eng\\\/a-greeen-left-coalition-and-tomislav-tomasevic-take-a-lead-in-the-first-round-of-local-elections-in-zagreb\\\/#breadcrumb\",\"itemListElement\":[{\"@type\":\"ListItem\",\"position\":1,\"name\":\"Home\",\"item\":\"https:\\\/\\\/www.masina.rs\\\/eng\\\/\"},{\"@type\":\"ListItem\",\"position\":2,\"name\":\"Green-Left Coalition and Tomislav Toma\u0161evi\u0107 take a lead in the first round of local elections in Zagreb\"}]},{\"@type\":\"WebSite\",\"@id\":\"https:\\\/\\\/www.masina.rs\\\/eng\\\/#website\",\"url\":\"https:\\\/\\\/www.masina.rs\\\/eng\\\/\",\"name\":\"Ma\u0161ina English\",\"description\":\"Production of Social Critique\",\"publisher\":{\"@id\":\"https:\\\/\\\/www.masina.rs\\\/eng\\\/#organization\"},\"potentialAction\":[{\"@type\":\"SearchAction\",\"target\":{\"@type\":\"EntryPoint\",\"urlTemplate\":\"https:\\\/\\\/www.masina.rs\\\/eng\\\/?s={search_term_string}\"},\"query-input\":{\"@type\":\"PropertyValueSpecification\",\"valueRequired\":true,\"valueName\":\"search_term_string\"}}],\"inLanguage\":\"en-US\"},{\"@type\":\"Organization\",\"@id\":\"https:\\\/\\\/www.masina.rs\\\/eng\\\/#organization\",\"name\":\"masina.rs\",\"url\":\"https:\\\/\\\/www.masina.rs\\\/eng\\\/\",\"logo\":{\"@type\":\"ImageObject\",\"inLanguage\":\"en-US\",\"@id\":\"https:\\\/\\\/www.masina.rs\\\/eng\\\/#\\\/schema\\\/logo\\\/image\\\/\",\"url\":\"https:\\\/\\\/www.masina.rs\\\/eng\\\/wp-content\\\/uploads\\\/2021\\\/05\\\/Masina-header-on-white-1.svg\",\"contentUrl\":\"https:\\\/\\\/www.masina.rs\\\/eng\\\/wp-content\\\/uploads\\\/2021\\\/05\\\/Masina-header-on-white-1.svg\",\"width\":850,\"height\":283,\"caption\":\"masina.rs\"},\"image\":{\"@id\":\"https:\\\/\\\/www.masina.rs\\\/eng\\\/#\\\/schema\\\/logo\\\/image\\\/\"},\"sameAs\":[\"https:\\\/\\\/www.facebook.com\\\/masinars\",\"https:\\\/\\\/x.com\\\/MasinaRS\",\"https:\\\/\\\/www.instagram.com\\\/masina.rs\"]},{\"@type\":\"Person\",\"@id\":\"https:\\\/\\\/www.masina.rs\\\/eng\\\/#\\\/schema\\\/person\\\/958b9359404b87ce04cd3437b841249a\",\"name\":\"Ma\u0161ina\",\"image\":{\"@type\":\"ImageObject\",\"inLanguage\":\"en-US\",\"@id\":\"https:\\\/\\\/secure.gravatar.com\\\/avatar\\\/714de62ad05798c58e25eca1fcdd8527f1b4886757589aaeee8409f9ffc347e5?s=96&d=mm&r=g712341107c94d7ea0db4b5f0543a82ce\",\"url\":\"https:\\\/\\\/secure.gravatar.com\\\/avatar\\\/714de62ad05798c58e25eca1fcdd8527f1b4886757589aaeee8409f9ffc347e5?s=96&d=mm&r=g\",\"contentUrl\":\"https:\\\/\\\/secure.gravatar.com\\\/avatar\\\/714de62ad05798c58e25eca1fcdd8527f1b4886757589aaeee8409f9ffc347e5?s=96&d=mm&r=g\",\"caption\":\"Ma\u0161ina\"},\"url\":\"https:\\\/\\\/www.masina.rs\\\/eng\\\/author\\\/masina\\\/\"}]}<\/script>\n<!-- \/ Yoast SEO plugin. -->","yoast_head_json":{"title":"Green-Left Coalition and Tomislav Toma\u0161evi\u0107 take a lead in the first round of local elections in Zagreb - Ma\u0161ina English","robots":{"index":"index","follow":"follow","max-snippet":"max-snippet:-1","max-image-preview":"max-image-preview:large","max-video-preview":"max-video-preview:-1"},"canonical":"https:\/\/www.masina.rs\/eng\/a-greeen-left-coalition-and-tomislav-tomasevic-take-a-lead-in-the-first-round-of-local-elections-in-zagreb\/","og_locale":"en_US","og_type":"article","og_title":"Green-Left Coalition and Tomislav Toma\u0161evi\u0107 take a lead in the first round of local elections in Zagreb - Ma\u0161ina English","og_description":"According to the still unofficial results of the local elections in Croatia, the support received by the green-left coalition We can! (Mo\u017eemo!) announces changes on the political scene of the neighbouring country.","og_url":"https:\/\/www.masina.rs\/eng\/a-greeen-left-coalition-and-tomislav-tomasevic-take-a-lead-in-the-first-round-of-local-elections-in-zagreb\/","og_site_name":"Ma\u0161ina English","article_publisher":"https:\/\/www.facebook.com\/masinars","article_published_time":"2021-05-17T13:25:42+00:00","article_modified_time":"2021-05-24T21:41:37+00:00","og_image":[{"width":1200,"height":675,"url":"https:\/\/www.masina.rs\/eng\/wp-content\/uploads\/2021\/05\/mozemo_izborna-pobeda-2021.jpg","type":"image\/jpeg"}],"author":"Ma\u0161ina","twitter_card":"summary_large_image","twitter_creator":"@MasinaRS","twitter_site":"@MasinaRS","twitter_misc":{"Written by":"Ma\u0161ina","Est. reading time":"3 minutes"},"schema":{"@context":"https:\/\/schema.org","@graph":[{"@type":"Article","@id":"https:\/\/www.masina.rs\/eng\/a-greeen-left-coalition-and-tomislav-tomasevic-take-a-lead-in-the-first-round-of-local-elections-in-zagreb\/#article","isPartOf":{"@id":"https:\/\/www.masina.rs\/eng\/a-greeen-left-coalition-and-tomislav-tomasevic-take-a-lead-in-the-first-round-of-local-elections-in-zagreb\/"},"author":{"name":"Ma\u0161ina","@id":"https:\/\/www.masina.rs\/eng\/#\/schema\/person\/958b9359404b87ce04cd3437b841249a"},"headline":"Green-Left Coalition and Tomislav Toma\u0161evi\u0107 take a lead in the first round of local elections in Zagreb","datePublished":"2021-05-17T13:25:42+00:00","dateModified":"2021-05-24T21:41:37+00:00","mainEntityOfPage":{"@id":"https:\/\/www.masina.rs\/eng\/a-greeen-left-coalition-and-tomislav-tomasevic-take-a-lead-in-the-first-round-of-local-elections-in-zagreb\/"},"wordCount":609,"publisher":{"@id":"https:\/\/www.masina.rs\/eng\/#organization"},"image":{"@id":"https:\/\/www.masina.rs\/eng\/a-greeen-left-coalition-and-tomislav-tomasevic-take-a-lead-in-the-first-round-of-local-elections-in-zagreb\/#primaryimage"},"thumbnailUrl":"https:\/\/www.masina.rs\/eng\/wp-content\/uploads\/2021\/05\/mozemo_izborna-pobeda-2021.jpg","keywords":["Croatia","elections","We can!"],"inLanguage":"en-US"},{"@type":"WebPage","@id":"https:\/\/www.masina.rs\/eng\/a-greeen-left-coalition-and-tomislav-tomasevic-take-a-lead-in-the-first-round-of-local-elections-in-zagreb\/","url":"https:\/\/www.masina.rs\/eng\/a-greeen-left-coalition-and-tomislav-tomasevic-take-a-lead-in-the-first-round-of-local-elections-in-zagreb\/","name":"Green-Left Coalition and Tomislav Toma\u0161evi\u0107 take a lead in the first round of local elections in Zagreb - Ma\u0161ina English","isPartOf":{"@id":"https:\/\/www.masina.rs\/eng\/#website"},"primaryImageOfPage":{"@id":"https:\/\/www.masina.rs\/eng\/a-greeen-left-coalition-and-tomislav-tomasevic-take-a-lead-in-the-first-round-of-local-elections-in-zagreb\/#primaryimage"},"image":{"@id":"https:\/\/www.masina.rs\/eng\/a-greeen-left-coalition-and-tomislav-tomasevic-take-a-lead-in-the-first-round-of-local-elections-in-zagreb\/#primaryimage"},"thumbnailUrl":"https:\/\/www.masina.rs\/eng\/wp-content\/uploads\/2021\/05\/mozemo_izborna-pobeda-2021.jpg","datePublished":"2021-05-17T13:25:42+00:00","dateModified":"2021-05-24T21:41:37+00:00","breadcrumb":{"@id":"https:\/\/www.masina.rs\/eng\/a-greeen-left-coalition-and-tomislav-tomasevic-take-a-lead-in-the-first-round-of-local-elections-in-zagreb\/#breadcrumb"},"inLanguage":"en-US","potentialAction":[{"@type":"ReadAction","target":["https:\/\/www.masina.rs\/eng\/a-greeen-left-coalition-and-tomislav-tomasevic-take-a-lead-in-the-first-round-of-local-elections-in-zagreb\/"]}]},{"@type":"ImageObject","inLanguage":"en-US","@id":"https:\/\/www.masina.rs\/eng\/a-greeen-left-coalition-and-tomislav-tomasevic-take-a-lead-in-the-first-round-of-local-elections-in-zagreb\/#primaryimage","url":"https:\/\/www.masina.rs\/eng\/wp-content\/uploads\/2021\/05\/mozemo_izborna-pobeda-2021.jpg","contentUrl":"https:\/\/www.masina.rs\/eng\/wp-content\/uploads\/2021\/05\/mozemo_izborna-pobeda-2021.jpg","width":1200,"height":675,"caption":"Celebration at the election headquarters of the We Can!, New Left, ORAH, and For the City coalition; Source: We can! \/ Facebook"},{"@type":"BreadcrumbList","@id":"https:\/\/www.masina.rs\/eng\/a-greeen-left-coalition-and-tomislav-tomasevic-take-a-lead-in-the-first-round-of-local-elections-in-zagreb\/#breadcrumb","itemListElement":[{"@type":"ListItem","position":1,"name":"Home","item":"https:\/\/www.masina.rs\/eng\/"},{"@type":"ListItem","position":2,"name":"Green-Left Coalition and Tomislav Toma\u0161evi\u0107 take a lead in the first round of local elections in Zagreb"}]},{"@type":"WebSite","@id":"https:\/\/www.masina.rs\/eng\/#website","url":"https:\/\/www.masina.rs\/eng\/","name":"Ma\u0161ina English","description":"Production of Social Critique","publisher":{"@id":"https:\/\/www.masina.rs\/eng\/#organization"},"potentialAction":[{"@type":"SearchAction","target":{"@type":"EntryPoint","urlTemplate":"https:\/\/www.masina.rs\/eng\/?s={search_term_string}"},"query-input":{"@type":"PropertyValueSpecification","valueRequired":true,"valueName":"search_term_string"}}],"inLanguage":"en-US"},{"@type":"Organization","@id":"https:\/\/www.masina.rs\/eng\/#organization","name":"masina.rs","url":"https:\/\/www.masina.rs\/eng\/","logo":{"@type":"ImageObject","inLanguage":"en-US","@id":"https:\/\/www.masina.rs\/eng\/#\/schema\/logo\/image\/","url":"https:\/\/www.masina.rs\/eng\/wp-content\/uploads\/2021\/05\/Masina-header-on-white-1.svg","contentUrl":"https:\/\/www.masina.rs\/eng\/wp-content\/uploads\/2021\/05\/Masina-header-on-white-1.svg","width":850,"height":283,"caption":"masina.rs"},"image":{"@id":"https:\/\/www.masina.rs\/eng\/#\/schema\/logo\/image\/"},"sameAs":["https:\/\/www.facebook.com\/masinars","https:\/\/x.com\/MasinaRS","https:\/\/www.instagram.com\/masina.rs"]},{"@type":"Person","@id":"https:\/\/www.masina.rs\/eng\/#\/schema\/person\/958b9359404b87ce04cd3437b841249a","name":"Ma\u0161ina","image":{"@type":"ImageObject","inLanguage":"en-US","@id":"https:\/\/secure.gravatar.com\/avatar\/714de62ad05798c58e25eca1fcdd8527f1b4886757589aaeee8409f9ffc347e5?s=96&d=mm&r=g712341107c94d7ea0db4b5f0543a82ce","url":"https:\/\/secure.gravatar.com\/avatar\/714de62ad05798c58e25eca1fcdd8527f1b4886757589aaeee8409f9ffc347e5?s=96&d=mm&r=g","contentUrl":"https:\/\/secure.gravatar.com\/avatar\/714de62ad05798c58e25eca1fcdd8527f1b4886757589aaeee8409f9ffc347e5?s=96&d=mm&r=g","caption":"Ma\u0161ina"},"url":"https:\/\/www.masina.rs\/eng\/author\/masina\/"}]}},"_links":{"self":[{"href":"https:\/\/www.masina.rs\/eng\/wp-json\/wp\/v2\/posts\/1301","targetHints":{"allow":["GET"]}}],"collection":[{"href":"https:\/\/www.masina.rs\/eng\/wp-json\/wp\/v2\/posts"}],"about":[{"href":"https:\/\/www.masina.rs\/eng\/wp-json\/wp\/v2\/types\/post"}],"author":[{"embeddable":true,"href":"https:\/\/www.masina.rs\/eng\/wp-json\/wp\/v2\/users\/2"}],"replies":[{"embeddable":true,"href":"https:\/\/www.masina.rs\/eng\/wp-json\/wp\/v2\/comments?post=1301"}],"version-history":[{"count":7,"href":"https:\/\/www.masina.rs\/eng\/wp-json\/wp\/v2\/posts\/1301\/revisions"}],"predecessor-version":[{"id":18900,"href":"https:\/\/www.masina.rs\/eng\/wp-json\/wp\/v2\/posts\/1301\/revisions\/18900"}],"wp:featuredmedia":[{"embeddable":true,"href":"https:\/\/www.masina.rs\/eng\/wp-json\/wp\/v2\/media\/1302"}],"wp:attachment":[{"href":"https:\/\/www.masina.rs\/eng\/wp-json\/wp\/v2\/media?parent=1301"}],"wp:term":[{"taxonomy":"category","embeddable":true,"href":"https:\/\/www.masina.rs\/eng\/wp-json\/wp\/v2\/categories?post=1301"},{"taxonomy":"post_tag","embeddable":true,"href":"https:\/\/www.masina.rs\/eng\/wp-json\/wp\/v2\/tags?post=1301"},{"taxonomy":"form","embeddable":true,"href":"https:\/\/www.masina.rs\/eng\/wp-json\/wp\/v2\/form?post=1301"},{"taxonomy":"concept","embeddable":true,"href":"https:\/\/www.masina.rs\/eng\/wp-json\/wp\/v2\/concept?post=1301"},{"taxonomy":"contents","embeddable":true,"href":"https:\/\/www.masina.rs\/eng\/wp-json\/wp\/v2\/contents?post=1301"},{"taxonomy":"author","embeddable":true,"href":"https:\/\/www.masina.rs\/eng\/wp-json\/wp\/v2\/coauthors?post=1301"}],"curies":[{"name":"wp","href":"https:\/\/api.w.org\/{rel}","templated":true}]}}