{"id":19237,"date":"2021-11-10T14:40:19","date_gmt":"2021-11-10T13:40:19","guid":{"rendered":"https:\/\/www.masina.rs\/eng\/?p=19237"},"modified":"2021-11-10T14:56:45","modified_gmt":"2021-11-10T13:56:45","slug":"inspection-ordered-the-residents-to-remove-the-mural-to-war-criminal-ratko-mladic-themselves","status":"publish","type":"post","link":"https:\/\/www.masina.rs\/eng\/inspection-ordered-the-residents-to-remove-the-mural-to-war-criminal-ratko-mladic-themselves\/","title":{"rendered":"Inspection ordered the residents to remove the mural of war criminal Ratko Mladi\u0107 themselves"},"content":{"rendered":"\n<p class=\"has-drop-cap\">In the meantime, a bucket of paint was thrown on the mural this morning. The latest intervention is one in a series of attempts to, as Kontrapress portal writes, &#8220;repair&#8221; the mural painted on the corner of Njego\u0161eva and Aleksa Nenadovi\u0107 Street in Belgrade.<\/p>\n\n\n\n<p>Kontrapress documented some of the attempts in a <a href=\"https:\/\/fb.watch\/9bnBgWMCgh\/\" target=\"_blank\" rel=\"noreferrer noopener\">video<\/a> that also shows the speed with which the mural was restored to its original condition each time. According to the same source, part of the residents of the surrounding buildings asked the authorities to remove the mural, and the same was requested by non-governmental organizations.<\/p>\n\n\n\n<p>Antiwar activists&nbsp;scheduled the removal of the mural \u2013 dedicated to a war criminal&nbsp;<a href=\"https:\/\/balkaninsight.com\/2021\/06\/08\/un-court-confirms-ratko-mladics-life-sentence-for-genocide\/\" target=\"_blank\" rel=\"noreferrer noopener\">convicted<\/a>&nbsp;and sentenced to life imprisonment for genocide and crimes against humanity \u2013 to mark the International Day against Fascism and Anti-Semitism. The International Criminal Tribunal for the Former Yugoslavia, aka the Hague tribunal, has<a href=\"https:\/\/www.icty.org\/x\/cases\/mladic\/tjug\/en\/171122-summary-en.pdf\" target=\"_blank\" rel=\"noreferrer noopener\">&nbsp;convicted<\/a>&nbsp;Mladic for persecutions, extermination, murder, deportation, the inhumane act of forcible transfer, unlawful attacks on civilians and hostage-taking.<\/p>\n\n\n\n<figure class=\"wp-block-image size-large is-resized\"><a href=\"https:\/\/www.masina.rs\/eng\/wp-content\/uploads\/2021\/11\/protest-ispred-murala-za-eng-2.jpg\"><img loading=\"lazy\" decoding=\"async\" src=\"https:\/\/www.masina.rs\/eng\/wp-content\/uploads\/2021\/11\/protest-ispred-murala-za-eng-2-1024x683.jpg\" alt=\"\" class=\"wp-image-19246\" width=\"985\" height=\"656\" srcset=\"https:\/\/www.masina.rs\/eng\/wp-content\/uploads\/2021\/11\/protest-ispred-murala-za-eng-2-1024x683.jpg 1024w, https:\/\/www.masina.rs\/eng\/wp-content\/uploads\/2021\/11\/protest-ispred-murala-za-eng-2-300x200.jpg 300w, https:\/\/www.masina.rs\/eng\/wp-content\/uploads\/2021\/11\/protest-ispred-murala-za-eng-2-768x512.jpg 768w, https:\/\/www.masina.rs\/eng\/wp-content\/uploads\/2021\/11\/protest-ispred-murala-za-eng-2-1536x1024.jpg 1536w, https:\/\/www.masina.rs\/eng\/wp-content\/uploads\/2021\/11\/protest-ispred-murala-za-eng-2-450x300.jpg 450w, https:\/\/www.masina.rs\/eng\/wp-content\/uploads\/2021\/11\/protest-ispred-murala-za-eng-2.jpg 1620w\" sizes=\"auto, (max-width: 985px) 100vw, 985px\" \/><\/a><figcaption>Protest in support of human rights activist Aida \u0106orovi\u0107 and artist Jelena Ja\u0107imovi\u0107 who where arrested for throwing eggs at the mural of convicted war criminal Ratko Mladi\u0107; Photo: Nemanja Jovanovi\u0107 \/ Kamerades<\/figcaption><\/figure>\n\n\n\n<p>The Serbian Ministry of Internal Affairs prevented the removal of the mural with the argument that it prevents possible incidents between groups of citizens who are for and those who are against its removal, so the location was secured by the police yesterday. In the late afternoon, human rights activist Aida \u0106orovi\u0107 and artist Jelena Ja\u0107imovi\u0107 threw eggs at the mural, after which they were first forcefully dragged away by a group of men in ordinary clothing, and then taken into custody by uniformed police officers.<\/p>\n\n\n\n<p>Citizens reacted to the arrest of \u0106orovi\u0107 and Ja\u0107imovi\u0107 with a protest rally last night. After gathering in the city centre, citizens, representatives of the civil society and the opposition walked to Njego\u0161eva street, where a police cordon prevented them from approaching the mural. The location was also visited by the Minister of Internal Affairs, Aleksandar Vulin. According to <a href=\"https:\/\/nova.rs\/vesti\/drustvo\/inspekcija-nalozila-stanarima-da-uklone-mural-ratnom-zlocincu-mladicu\/\" target=\"_blank\" rel=\"noreferrer noopener\">Nova.rs<\/a> portal, at the same time, members of far-right organizations, including members of the so-called &#8220;People&#8217;s Patrols&#8221;, gathered and tried to break through the cordon, while threatening citizens and journalists. The same source claims that individuals from this group threw boards at the gathered citizens.<\/p>\n\n\n\n<p>\u0106orovi\u0107 and Ja\u0107imovi\u0107 were released after short police interrogation. According to <a href=\"https:\/\/ba.n1info.com\/regija\/aida-corovic-nakon-incidenta-u-beogradu-dobila-prijetnje-to-su-obicne-kukavice\/\" target=\"_blank\" rel=\"noreferrer noopener\">N1<\/a>, last night \u0106orovi\u0107 received several brutal threats.&nbsp;<\/p>\n\n\n\n<p class=\"has-text-align-right\"><em>I.K.<\/em><\/p>\n\n\n\n<p class=\"has-text-align-right\">Translation: Iskra Krsti\u0107<\/p>\n\n\n\n<p>This article was&nbsp;<a href=\"https:\/\/www.masina.rs\/inspekcija-nalozila-stanarima-zgrade-na-vracaru-da-sami-uklone-mural-ratku-mladicu\/\" target=\"_blank\" rel=\"noreferrer noopener\">ORIGINALLY PUBLISHED<\/a>&nbsp;in Serbian on Nov 10, 2021.<\/p>\n","protected":false},"excerpt":{"rendered":"<p>After last night&#8217;s tensions, the inspection ordered the residents of the building in Belgrade to remove the mural of war criminal Ratko Mladic.<\/p>\n","protected":false},"author":2,"featured_media":19240,"comment_status":"closed","ping_status":"closed","sticky":false,"template":"","format":"standard","meta":{"_acf_changed":false,"footnotes":""},"categories":[1],"tags":[190],"form":[71],"concept":[87],"contents":[153],"coauthors":[5],"class_list":["post-19237","post","type-post","status-publish","format-standard","has-post-thumbnail","hentry","category-uncategorized","tag-ratko-mladic","form-news","concept-anti-fascism","contents-society","infinite-scroll-item","generate-columns","tablet-grid-50","mobile-grid-100","grid-parent","grid-25"],"acf":[],"yoast_head":"<!-- This site is optimized with the Yoast SEO plugin v27.5 - https:\/\/yoast.com\/product\/yoast-seo-wordpress\/ -->\n<title>Inspection ordered the residents to remove the mural of war criminal Ratko Mladi\u0107 themselves - Ma\u0161ina English<\/title>\n<meta name=\"robots\" content=\"index, follow, max-snippet:-1, max-image-preview:large, max-video-preview:-1\" \/>\n<link rel=\"canonical\" href=\"https:\/\/www.masina.rs\/eng\/inspection-ordered-the-residents-to-remove-the-mural-to-war-criminal-ratko-mladic-themselves\/\" \/>\n<meta property=\"og:locale\" content=\"en_US\" \/>\n<meta property=\"og:type\" content=\"article\" \/>\n<meta property=\"og:title\" content=\"Inspection ordered the residents to remove the mural of war criminal Ratko Mladi\u0107 themselves - Ma\u0161ina English\" \/>\n<meta property=\"og:description\" content=\"After last night&#039;s tensions, the inspection ordered the residents of the building in Belgrade to remove the mural of war criminal Ratko Mladic.\" \/>\n<meta property=\"og:url\" content=\"https:\/\/www.masina.rs\/eng\/inspection-ordered-the-residents-to-remove-the-mural-to-war-criminal-ratko-mladic-themselves\/\" \/>\n<meta property=\"og:site_name\" content=\"Ma\u0161ina English\" \/>\n<meta property=\"article:publisher\" content=\"https:\/\/www.facebook.com\/masinars\" \/>\n<meta property=\"article:published_time\" content=\"2021-11-10T13:40:19+00:00\" \/>\n<meta property=\"article:modified_time\" content=\"2021-11-10T13:56:45+00:00\" \/>\n<meta property=\"og:image\" content=\"https:\/\/www.masina.rs\/eng\/wp-content\/uploads\/2021\/11\/mural-noc-za-eng-2.jpg\" \/>\n\t<meta property=\"og:image:width\" content=\"1620\" \/>\n\t<meta property=\"og:image:height\" content=\"1080\" \/>\n\t<meta property=\"og:image:type\" content=\"image\/jpeg\" \/>\n<meta name=\"author\" content=\"Ma\u0161ina\" \/>\n<meta name=\"twitter:card\" content=\"summary_large_image\" \/>\n<meta name=\"twitter:creator\" content=\"@MasinaRS\" \/>\n<meta name=\"twitter:site\" content=\"@MasinaRS\" \/>\n<meta name=\"twitter:label1\" content=\"Written by\" \/>\n\t<meta name=\"twitter:data1\" content=\"Ma\u0161ina\" \/>\n\t<meta name=\"twitter:label2\" content=\"Est. reading time\" \/>\n\t<meta name=\"twitter:data2\" content=\"3 minutes\" \/>\n<script type=\"application\/ld+json\" class=\"yoast-schema-graph\">{\"@context\":\"https:\\\/\\\/schema.org\",\"@graph\":[{\"@type\":\"Article\",\"@id\":\"https:\\\/\\\/www.masina.rs\\\/eng\\\/inspection-ordered-the-residents-to-remove-the-mural-to-war-criminal-ratko-mladic-themselves\\\/#article\",\"isPartOf\":{\"@id\":\"https:\\\/\\\/www.masina.rs\\\/eng\\\/inspection-ordered-the-residents-to-remove-the-mural-to-war-criminal-ratko-mladic-themselves\\\/\"},\"author\":{\"name\":\"Ma\u0161ina\",\"@id\":\"https:\\\/\\\/www.masina.rs\\\/eng\\\/#\\\/schema\\\/person\\\/958b9359404b87ce04cd3437b841249a\"},\"headline\":\"Inspection ordered the residents to remove the mural of war criminal Ratko Mladi\u0107 themselves\",\"datePublished\":\"2021-11-10T13:40:19+00:00\",\"dateModified\":\"2021-11-10T13:56:45+00:00\",\"mainEntityOfPage\":{\"@id\":\"https:\\\/\\\/www.masina.rs\\\/eng\\\/inspection-ordered-the-residents-to-remove-the-mural-to-war-criminal-ratko-mladic-themselves\\\/\"},\"wordCount\":449,\"publisher\":{\"@id\":\"https:\\\/\\\/www.masina.rs\\\/eng\\\/#organization\"},\"image\":{\"@id\":\"https:\\\/\\\/www.masina.rs\\\/eng\\\/inspection-ordered-the-residents-to-remove-the-mural-to-war-criminal-ratko-mladic-themselves\\\/#primaryimage\"},\"thumbnailUrl\":\"https:\\\/\\\/www.masina.rs\\\/eng\\\/wp-content\\\/uploads\\\/2021\\\/11\\\/mural-noc-za-eng-2.jpg\",\"keywords\":[\"RATKO MLADI\u0106\"],\"inLanguage\":\"en-US\"},{\"@type\":\"WebPage\",\"@id\":\"https:\\\/\\\/www.masina.rs\\\/eng\\\/inspection-ordered-the-residents-to-remove-the-mural-to-war-criminal-ratko-mladic-themselves\\\/\",\"url\":\"https:\\\/\\\/www.masina.rs\\\/eng\\\/inspection-ordered-the-residents-to-remove-the-mural-to-war-criminal-ratko-mladic-themselves\\\/\",\"name\":\"Inspection ordered the residents to remove the mural of war criminal Ratko Mladi\u0107 themselves - Ma\u0161ina English\",\"isPartOf\":{\"@id\":\"https:\\\/\\\/www.masina.rs\\\/eng\\\/#website\"},\"primaryImageOfPage\":{\"@id\":\"https:\\\/\\\/www.masina.rs\\\/eng\\\/inspection-ordered-the-residents-to-remove-the-mural-to-war-criminal-ratko-mladic-themselves\\\/#primaryimage\"},\"image\":{\"@id\":\"https:\\\/\\\/www.masina.rs\\\/eng\\\/inspection-ordered-the-residents-to-remove-the-mural-to-war-criminal-ratko-mladic-themselves\\\/#primaryimage\"},\"thumbnailUrl\":\"https:\\\/\\\/www.masina.rs\\\/eng\\\/wp-content\\\/uploads\\\/2021\\\/11\\\/mural-noc-za-eng-2.jpg\",\"datePublished\":\"2021-11-10T13:40:19+00:00\",\"dateModified\":\"2021-11-10T13:56:45+00:00\",\"breadcrumb\":{\"@id\":\"https:\\\/\\\/www.masina.rs\\\/eng\\\/inspection-ordered-the-residents-to-remove-the-mural-to-war-criminal-ratko-mladic-themselves\\\/#breadcrumb\"},\"inLanguage\":\"en-US\",\"potentialAction\":[{\"@type\":\"ReadAction\",\"target\":[\"https:\\\/\\\/www.masina.rs\\\/eng\\\/inspection-ordered-the-residents-to-remove-the-mural-to-war-criminal-ratko-mladic-themselves\\\/\"]}]},{\"@type\":\"ImageObject\",\"inLanguage\":\"en-US\",\"@id\":\"https:\\\/\\\/www.masina.rs\\\/eng\\\/inspection-ordered-the-residents-to-remove-the-mural-to-war-criminal-ratko-mladic-themselves\\\/#primaryimage\",\"url\":\"https:\\\/\\\/www.masina.rs\\\/eng\\\/wp-content\\\/uploads\\\/2021\\\/11\\\/mural-noc-za-eng-2.jpg\",\"contentUrl\":\"https:\\\/\\\/www.masina.rs\\\/eng\\\/wp-content\\\/uploads\\\/2021\\\/11\\\/mural-noc-za-eng-2.jpg\",\"width\":1620,\"height\":1080,\"caption\":\"Mural in Belgrade dedicated to convicted war criminal Ratko Mladi\u0107; Photo: Nemanja Jovanovi\u0107 \\\/ Kamerades\"},{\"@type\":\"BreadcrumbList\",\"@id\":\"https:\\\/\\\/www.masina.rs\\\/eng\\\/inspection-ordered-the-residents-to-remove-the-mural-to-war-criminal-ratko-mladic-themselves\\\/#breadcrumb\",\"itemListElement\":[{\"@type\":\"ListItem\",\"position\":1,\"name\":\"Home\",\"item\":\"https:\\\/\\\/www.masina.rs\\\/eng\\\/\"},{\"@type\":\"ListItem\",\"position\":2,\"name\":\"Inspection ordered the residents to remove the mural of war criminal Ratko Mladi\u0107 themselves\"}]},{\"@type\":\"WebSite\",\"@id\":\"https:\\\/\\\/www.masina.rs\\\/eng\\\/#website\",\"url\":\"https:\\\/\\\/www.masina.rs\\\/eng\\\/\",\"name\":\"Ma\u0161ina English\",\"description\":\"Production of Social Critique\",\"publisher\":{\"@id\":\"https:\\\/\\\/www.masina.rs\\\/eng\\\/#organization\"},\"potentialAction\":[{\"@type\":\"SearchAction\",\"target\":{\"@type\":\"EntryPoint\",\"urlTemplate\":\"https:\\\/\\\/www.masina.rs\\\/eng\\\/?s={search_term_string}\"},\"query-input\":{\"@type\":\"PropertyValueSpecification\",\"valueRequired\":true,\"valueName\":\"search_term_string\"}}],\"inLanguage\":\"en-US\"},{\"@type\":\"Organization\",\"@id\":\"https:\\\/\\\/www.masina.rs\\\/eng\\\/#organization\",\"name\":\"masina.rs\",\"url\":\"https:\\\/\\\/www.masina.rs\\\/eng\\\/\",\"logo\":{\"@type\":\"ImageObject\",\"inLanguage\":\"en-US\",\"@id\":\"https:\\\/\\\/www.masina.rs\\\/eng\\\/#\\\/schema\\\/logo\\\/image\\\/\",\"url\":\"https:\\\/\\\/www.masina.rs\\\/eng\\\/wp-content\\\/uploads\\\/2021\\\/05\\\/Masina-header-on-white-1.svg\",\"contentUrl\":\"https:\\\/\\\/www.masina.rs\\\/eng\\\/wp-content\\\/uploads\\\/2021\\\/05\\\/Masina-header-on-white-1.svg\",\"width\":850,\"height\":283,\"caption\":\"masina.rs\"},\"image\":{\"@id\":\"https:\\\/\\\/www.masina.rs\\\/eng\\\/#\\\/schema\\\/logo\\\/image\\\/\"},\"sameAs\":[\"https:\\\/\\\/www.facebook.com\\\/masinars\",\"https:\\\/\\\/x.com\\\/MasinaRS\",\"https:\\\/\\\/www.instagram.com\\\/masina.rs\"]},{\"@type\":\"Person\",\"@id\":\"https:\\\/\\\/www.masina.rs\\\/eng\\\/#\\\/schema\\\/person\\\/958b9359404b87ce04cd3437b841249a\",\"name\":\"Ma\u0161ina\",\"image\":{\"@type\":\"ImageObject\",\"inLanguage\":\"en-US\",\"@id\":\"https:\\\/\\\/secure.gravatar.com\\\/avatar\\\/714de62ad05798c58e25eca1fcdd8527f1b4886757589aaeee8409f9ffc347e5?s=96&d=mm&r=g712341107c94d7ea0db4b5f0543a82ce\",\"url\":\"https:\\\/\\\/secure.gravatar.com\\\/avatar\\\/714de62ad05798c58e25eca1fcdd8527f1b4886757589aaeee8409f9ffc347e5?s=96&d=mm&r=g\",\"contentUrl\":\"https:\\\/\\\/secure.gravatar.com\\\/avatar\\\/714de62ad05798c58e25eca1fcdd8527f1b4886757589aaeee8409f9ffc347e5?s=96&d=mm&r=g\",\"caption\":\"Ma\u0161ina\"},\"url\":\"https:\\\/\\\/www.masina.rs\\\/eng\\\/author\\\/masina\\\/\"}]}<\/script>\n<!-- \/ Yoast SEO plugin. -->","yoast_head_json":{"title":"Inspection ordered the residents to remove the mural of war criminal Ratko Mladi\u0107 themselves - Ma\u0161ina English","robots":{"index":"index","follow":"follow","max-snippet":"max-snippet:-1","max-image-preview":"max-image-preview:large","max-video-preview":"max-video-preview:-1"},"canonical":"https:\/\/www.masina.rs\/eng\/inspection-ordered-the-residents-to-remove-the-mural-to-war-criminal-ratko-mladic-themselves\/","og_locale":"en_US","og_type":"article","og_title":"Inspection ordered the residents to remove the mural of war criminal Ratko Mladi\u0107 themselves - Ma\u0161ina English","og_description":"After last night's tensions, the inspection ordered the residents of the building in Belgrade to remove the mural of war criminal Ratko Mladic.","og_url":"https:\/\/www.masina.rs\/eng\/inspection-ordered-the-residents-to-remove-the-mural-to-war-criminal-ratko-mladic-themselves\/","og_site_name":"Ma\u0161ina English","article_publisher":"https:\/\/www.facebook.com\/masinars","article_published_time":"2021-11-10T13:40:19+00:00","article_modified_time":"2021-11-10T13:56:45+00:00","og_image":[{"width":1620,"height":1080,"url":"https:\/\/www.masina.rs\/eng\/wp-content\/uploads\/2021\/11\/mural-noc-za-eng-2.jpg","type":"image\/jpeg"}],"author":"Ma\u0161ina","twitter_card":"summary_large_image","twitter_creator":"@MasinaRS","twitter_site":"@MasinaRS","twitter_misc":{"Written by":"Ma\u0161ina","Est. reading time":"3 minutes"},"schema":{"@context":"https:\/\/schema.org","@graph":[{"@type":"Article","@id":"https:\/\/www.masina.rs\/eng\/inspection-ordered-the-residents-to-remove-the-mural-to-war-criminal-ratko-mladic-themselves\/#article","isPartOf":{"@id":"https:\/\/www.masina.rs\/eng\/inspection-ordered-the-residents-to-remove-the-mural-to-war-criminal-ratko-mladic-themselves\/"},"author":{"name":"Ma\u0161ina","@id":"https:\/\/www.masina.rs\/eng\/#\/schema\/person\/958b9359404b87ce04cd3437b841249a"},"headline":"Inspection ordered the residents to remove the mural of war criminal Ratko Mladi\u0107 themselves","datePublished":"2021-11-10T13:40:19+00:00","dateModified":"2021-11-10T13:56:45+00:00","mainEntityOfPage":{"@id":"https:\/\/www.masina.rs\/eng\/inspection-ordered-the-residents-to-remove-the-mural-to-war-criminal-ratko-mladic-themselves\/"},"wordCount":449,"publisher":{"@id":"https:\/\/www.masina.rs\/eng\/#organization"},"image":{"@id":"https:\/\/www.masina.rs\/eng\/inspection-ordered-the-residents-to-remove-the-mural-to-war-criminal-ratko-mladic-themselves\/#primaryimage"},"thumbnailUrl":"https:\/\/www.masina.rs\/eng\/wp-content\/uploads\/2021\/11\/mural-noc-za-eng-2.jpg","keywords":["RATKO MLADI\u0106"],"inLanguage":"en-US"},{"@type":"WebPage","@id":"https:\/\/www.masina.rs\/eng\/inspection-ordered-the-residents-to-remove-the-mural-to-war-criminal-ratko-mladic-themselves\/","url":"https:\/\/www.masina.rs\/eng\/inspection-ordered-the-residents-to-remove-the-mural-to-war-criminal-ratko-mladic-themselves\/","name":"Inspection ordered the residents to remove the mural of war criminal Ratko Mladi\u0107 themselves - Ma\u0161ina English","isPartOf":{"@id":"https:\/\/www.masina.rs\/eng\/#website"},"primaryImageOfPage":{"@id":"https:\/\/www.masina.rs\/eng\/inspection-ordered-the-residents-to-remove-the-mural-to-war-criminal-ratko-mladic-themselves\/#primaryimage"},"image":{"@id":"https:\/\/www.masina.rs\/eng\/inspection-ordered-the-residents-to-remove-the-mural-to-war-criminal-ratko-mladic-themselves\/#primaryimage"},"thumbnailUrl":"https:\/\/www.masina.rs\/eng\/wp-content\/uploads\/2021\/11\/mural-noc-za-eng-2.jpg","datePublished":"2021-11-10T13:40:19+00:00","dateModified":"2021-11-10T13:56:45+00:00","breadcrumb":{"@id":"https:\/\/www.masina.rs\/eng\/inspection-ordered-the-residents-to-remove-the-mural-to-war-criminal-ratko-mladic-themselves\/#breadcrumb"},"inLanguage":"en-US","potentialAction":[{"@type":"ReadAction","target":["https:\/\/www.masina.rs\/eng\/inspection-ordered-the-residents-to-remove-the-mural-to-war-criminal-ratko-mladic-themselves\/"]}]},{"@type":"ImageObject","inLanguage":"en-US","@id":"https:\/\/www.masina.rs\/eng\/inspection-ordered-the-residents-to-remove-the-mural-to-war-criminal-ratko-mladic-themselves\/#primaryimage","url":"https:\/\/www.masina.rs\/eng\/wp-content\/uploads\/2021\/11\/mural-noc-za-eng-2.jpg","contentUrl":"https:\/\/www.masina.rs\/eng\/wp-content\/uploads\/2021\/11\/mural-noc-za-eng-2.jpg","width":1620,"height":1080,"caption":"Mural in Belgrade dedicated to convicted war criminal Ratko Mladi\u0107; Photo: Nemanja Jovanovi\u0107 \/ Kamerades"},{"@type":"BreadcrumbList","@id":"https:\/\/www.masina.rs\/eng\/inspection-ordered-the-residents-to-remove-the-mural-to-war-criminal-ratko-mladic-themselves\/#breadcrumb","itemListElement":[{"@type":"ListItem","position":1,"name":"Home","item":"https:\/\/www.masina.rs\/eng\/"},{"@type":"ListItem","position":2,"name":"Inspection ordered the residents to remove the mural of war criminal Ratko Mladi\u0107 themselves"}]},{"@type":"WebSite","@id":"https:\/\/www.masina.rs\/eng\/#website","url":"https:\/\/www.masina.rs\/eng\/","name":"Ma\u0161ina English","description":"Production of Social Critique","publisher":{"@id":"https:\/\/www.masina.rs\/eng\/#organization"},"potentialAction":[{"@type":"SearchAction","target":{"@type":"EntryPoint","urlTemplate":"https:\/\/www.masina.rs\/eng\/?s={search_term_string}"},"query-input":{"@type":"PropertyValueSpecification","valueRequired":true,"valueName":"search_term_string"}}],"inLanguage":"en-US"},{"@type":"Organization","@id":"https:\/\/www.masina.rs\/eng\/#organization","name":"masina.rs","url":"https:\/\/www.masina.rs\/eng\/","logo":{"@type":"ImageObject","inLanguage":"en-US","@id":"https:\/\/www.masina.rs\/eng\/#\/schema\/logo\/image\/","url":"https:\/\/www.masina.rs\/eng\/wp-content\/uploads\/2021\/05\/Masina-header-on-white-1.svg","contentUrl":"https:\/\/www.masina.rs\/eng\/wp-content\/uploads\/2021\/05\/Masina-header-on-white-1.svg","width":850,"height":283,"caption":"masina.rs"},"image":{"@id":"https:\/\/www.masina.rs\/eng\/#\/schema\/logo\/image\/"},"sameAs":["https:\/\/www.facebook.com\/masinars","https:\/\/x.com\/MasinaRS","https:\/\/www.instagram.com\/masina.rs"]},{"@type":"Person","@id":"https:\/\/www.masina.rs\/eng\/#\/schema\/person\/958b9359404b87ce04cd3437b841249a","name":"Ma\u0161ina","image":{"@type":"ImageObject","inLanguage":"en-US","@id":"https:\/\/secure.gravatar.com\/avatar\/714de62ad05798c58e25eca1fcdd8527f1b4886757589aaeee8409f9ffc347e5?s=96&d=mm&r=g712341107c94d7ea0db4b5f0543a82ce","url":"https:\/\/secure.gravatar.com\/avatar\/714de62ad05798c58e25eca1fcdd8527f1b4886757589aaeee8409f9ffc347e5?s=96&d=mm&r=g","contentUrl":"https:\/\/secure.gravatar.com\/avatar\/714de62ad05798c58e25eca1fcdd8527f1b4886757589aaeee8409f9ffc347e5?s=96&d=mm&r=g","caption":"Ma\u0161ina"},"url":"https:\/\/www.masina.rs\/eng\/author\/masina\/"}]}},"_links":{"self":[{"href":"https:\/\/www.masina.rs\/eng\/wp-json\/wp\/v2\/posts\/19237","targetHints":{"allow":["GET"]}}],"collection":[{"href":"https:\/\/www.masina.rs\/eng\/wp-json\/wp\/v2\/posts"}],"about":[{"href":"https:\/\/www.masina.rs\/eng\/wp-json\/wp\/v2\/types\/post"}],"author":[{"embeddable":true,"href":"https:\/\/www.masina.rs\/eng\/wp-json\/wp\/v2\/users\/2"}],"replies":[{"embeddable":true,"href":"https:\/\/www.masina.rs\/eng\/wp-json\/wp\/v2\/comments?post=19237"}],"version-history":[{"count":9,"href":"https:\/\/www.masina.rs\/eng\/wp-json\/wp\/v2\/posts\/19237\/revisions"}],"predecessor-version":[{"id":19250,"href":"https:\/\/www.masina.rs\/eng\/wp-json\/wp\/v2\/posts\/19237\/revisions\/19250"}],"wp:featuredmedia":[{"embeddable":true,"href":"https:\/\/www.masina.rs\/eng\/wp-json\/wp\/v2\/media\/19240"}],"wp:attachment":[{"href":"https:\/\/www.masina.rs\/eng\/wp-json\/wp\/v2\/media?parent=19237"}],"wp:term":[{"taxonomy":"category","embeddable":true,"href":"https:\/\/www.masina.rs\/eng\/wp-json\/wp\/v2\/categories?post=19237"},{"taxonomy":"post_tag","embeddable":true,"href":"https:\/\/www.masina.rs\/eng\/wp-json\/wp\/v2\/tags?post=19237"},{"taxonomy":"form","embeddable":true,"href":"https:\/\/www.masina.rs\/eng\/wp-json\/wp\/v2\/form?post=19237"},{"taxonomy":"concept","embeddable":true,"href":"https:\/\/www.masina.rs\/eng\/wp-json\/wp\/v2\/concept?post=19237"},{"taxonomy":"contents","embeddable":true,"href":"https:\/\/www.masina.rs\/eng\/wp-json\/wp\/v2\/contents?post=19237"},{"taxonomy":"author","embeddable":true,"href":"https:\/\/www.masina.rs\/eng\/wp-json\/wp\/v2\/coauthors?post=19237"}],"curies":[{"name":"wp","href":"https:\/\/api.w.org\/{rel}","templated":true}]}}