{"id":19657,"date":"2023-05-05T08:56:36","date_gmt":"2023-05-05T07:56:36","guid":{"rendered":"https:\/\/www.masina.rs\/eng\/?p=19657"},"modified":"2023-05-05T08:56:36","modified_gmt":"2023-05-05T07:56:36","slug":"internationalism-is-the-dna-of-the-left-an-interview-with-andrej-hunko","status":"publish","type":"post","link":"https:\/\/www.masina.rs\/eng\/internationalism-is-the-dna-of-the-left-an-interview-with-andrej-hunko\/","title":{"rendered":"Internationalism is the DNA of the Left \u2014 An Interview with Andrej Hunko"},"content":{"rendered":"\n<p class=\"has-drop-cap\">Andrej Konstantin Hunko is a German politician and member of the left-wing political party The Left (Die Linke). He has been a member of the Bundestag since 2009 and a member of the Parliamentary Assembly of the Council of Europe since 2010.<\/p>\n\n\n\n<p>During his first years in the German Bundestag and the Council of Europe, he criticised the then dominant austerity policy as a way of dealing with economic crises. Hunko drafted and presented the report &#8220;Austerity \u2013 a danger for democracy and social rights&#8221; to the Parliamentary Assembly of the Council of Europe, and the accompanying resolution was adopted by a large majority.<\/p>\n\n\n\n<p>Hunko has observed many foreign elections, and after criticising the 2017 constitutional referendum in Turkey, the approval of which concentrated more power in the hands of Recep Tayyip Erdo\u011fan, he was accused by the Turkish president and his foreign minister, Mevl\u00fct \u00c7avu\u015fo\u011flu, of being a supporter of the revolutionary guerrilla movement, the Kurdistan Workers&#8217; Party, which Turkey, the US and NATO classify as a terrorist organisation.<\/p>\n\n\n\n<p>We sat down for a short interview with Andrej Hunko during his brief visit to Belgrade. Hunko came to Serbia in support of Kurdish political activist Ecevit Piro\u011flu, the former director of the Human Rights Association branch in the Turkish city of Izmir and a member of the central committee of the Socialist Democracy Party, who is accused by the Turkish authorities of being a member of an armed terrorist organisation. Many critics of the Erdo\u011fan regime, including Hunko, see Piro\u011flu&#8217;s case as another example of an increasingly authoritarian regime&#8217;s harsh crackdown on opponents.<\/p>\n\n\n\n<p><strong>You&#8217;ve come to Belgrade to support Ecevit Piro\u011flu, who was locked up in a Serbian prison two years ago and whom the Turkish government wants extradited on terrorism charges. What factors are in favour of the Kurdish political activists?<\/strong><\/p>\n\n\n\n<p>My aim is to raise awareness of the case. According to Serbian law, Ecevit Piro\u011flu should be released, and according to international conventions, he cannot be extradited. He has now spent two years in prison in Serbia, all because of an Interpol red notice. He is accused of being a terrorist, like so many left-wing opposition activists in Turkey.<\/p>\n\n\n\n<p>Under Serbian law, he cannot be detained for more than a year in an extradition case. He was released in January and arrested again within four days. He was accused of having a forged passport. In fact, the passport wasn&#8217;t forged, it wasn&#8217;t used by Piro\u011flu and he hadn&#8217;t committed any crime.<\/p>\n\n\n\n<p>This is a political case. The Turkish foreign minister visited Serbia and asked for the extradition of Ecevit Piro\u011flu. Turkey is once again abusing international structures such as Interpol, as it has done in other cases. My party, The Left, is working with the Turkish left-wing opposition party, the Peoples&#8217; Democratic Party, to support Piro\u011flu, and we will also take his case to the Parliamentary Assembly of the Council of Europe, which deals with human rights and the rule of law.<\/p>\n\n\n\n<p><strong>After the 2016 coup attempt, Erdo\u011fan began what seems to be a permanent crackdown on opposition actors, especially those from the Kurdish and leftist opposition. What can we expect from the Turkish elections in May? Is it possible that we&#8217;ll see the fall of Erdo\u011fan&#8217;s authoritarian rule?<\/strong><\/p>\n\n\n\n<p>The elections in May are very, very important. They are both presidential and parliamentary. There is a good chance to change the government, to have a new president and a different parliament.<\/p>\n\n\n\n<p>Since the attempted coup in 2016, the Turkish government has been using terrorism charges against members of the opposition more loosely and frequently. High-profile politicians are imprisoned and Turkey ignores the European Court of Human Rights&#8217; ruling that people like Osman Kavala, sentenced to life imprisonment for taking part in the Gezi protests, or the former co-chair of the Peoples&#8217; Democratic Party, Selahattin Demirta\u015f, should be released.<\/p>\n\n\n\n<p>There&#8217;s still an ongoing trial against the third largest party, the People&#8217;s Democratic Party, thousands of its members are in prison and it&#8217;s possible the party could be banned before the elections.<\/p>\n\n\n\n<p>Turkey is a signatory to the European Convention on Human Rights, by which it accepts the rulings of the Strasbourg Court as binding. If it refuses to act accordingly, Turkey could be expelled from the Council of Europe. People are increasingly unhappy with the way Erdo\u011fan is running the country and there is a good chance of change. It is important to ensure that the elections in May are not manipulated.<\/p>\n\n\n\n<p><strong>International circumstances are not favourable to left-wing politics. Post-World War II internationalism has failed to deliver the peace and equality that would unburden the societies of the global South. Today&#8217;s political discourse is flooded with scepticism or outright hostility towards the transnational cosmopolitan world views that were once inseparable from left politics. How do you think left-wing parties should approach internationalism?<\/strong><\/p>\n\n\n\n<p>Internationalism, as I see it, is a kind of DNA of the left. But it is complicated. The problem we have today is that the main social protections and democratic participation of the working class are within the boundaries of the national state.<\/p>\n\n\n\n<p>Education, health care and pensions are not provided by international structures. This makes it easier for the far right to win the sympathy of working class voters when they feel threatened by international factors. At the same time, everyone agrees that we need international cooperation to solve the big problems, such as the climate crisis, but we are also heading towards a world of new bloc conflicts.<\/p>\n\n\n\n<p>The US is not choosing the path of cooperation with China, and there is growing polarisation over the war in Ukraine. As leftists, we should be internationalists, we should build our own international structures, but we should also promote cooperation between states, because there are urgent problems that we can only solve together.<\/p>\n\n\n\n<p>We should oppose all attempts to play nations and ethnic groups off against each other. But in our political thinking we must also be aware that we cannot simply abolish the nation state without having something else in place in terms of social protection and democratic participation.<\/p>\n","protected":false},"excerpt":{"rendered":"<p>Andrej Hunko visited Belgrade to support Kurdish political activist Ecevit Piro\u011flu, who has been in prison in Serbia for two years. We spoke to Hunko about the importance of the recent elections in Turkey and about internationalism.<\/p>\n","protected":false},"author":2,"featured_media":19658,"comment_status":"closed","ping_status":"closed","sticky":false,"template":"","format":"standard","meta":{"_acf_changed":false,"footnotes":""},"categories":[1],"tags":[252,254,143],"form":[73],"concept":[],"contents":[156],"coauthors":[15],"class_list":["post-19657","post","type-post","status-publish","format-standard","has-post-thumbnail","hentry","category-uncategorized","tag-die-linke","tag-ecevit-piroglu","tag-turkey","form-interview","contents-politics","infinite-scroll-item","generate-columns","tablet-grid-50","mobile-grid-100","grid-parent","grid-25"],"acf":[],"yoast_head":"<!-- This site is optimized with the Yoast SEO plugin v27.5 - https:\/\/yoast.com\/product\/yoast-seo-wordpress\/ -->\n<title>Internationalism is the DNA of the Left \u2014 An Interview with Andrej Hunko - Ma\u0161ina English<\/title>\n<meta name=\"robots\" content=\"index, follow, max-snippet:-1, max-image-preview:large, max-video-preview:-1\" \/>\n<link rel=\"canonical\" href=\"https:\/\/www.masina.rs\/eng\/internationalism-is-the-dna-of-the-left-an-interview-with-andrej-hunko\/\" \/>\n<meta property=\"og:locale\" content=\"en_US\" \/>\n<meta property=\"og:type\" content=\"article\" \/>\n<meta property=\"og:title\" content=\"Internationalism is the DNA of the Left \u2014 An Interview with Andrej Hunko - Ma\u0161ina English\" \/>\n<meta property=\"og:description\" content=\"Andrej Hunko visited Belgrade to support Kurdish political activist Ecevit Piro\u011flu, who has been in prison in Serbia for two years. We spoke to Hunko about the importance of the recent elections in Turkey and about internationalism.\" \/>\n<meta property=\"og:url\" content=\"https:\/\/www.masina.rs\/eng\/internationalism-is-the-dna-of-the-left-an-interview-with-andrej-hunko\/\" \/>\n<meta property=\"og:site_name\" content=\"Ma\u0161ina English\" \/>\n<meta property=\"article:publisher\" content=\"https:\/\/www.facebook.com\/masinars\" \/>\n<meta property=\"article:published_time\" content=\"2023-05-05T07:56:36+00:00\" \/>\n<meta property=\"og:image\" content=\"https:\/\/www.masina.rs\/eng\/wp-content\/uploads\/2023\/05\/andrej-hunko.jpg\" \/>\n\t<meta property=\"og:image:width\" content=\"1200\" \/>\n\t<meta property=\"og:image:height\" content=\"800\" \/>\n\t<meta property=\"og:image:type\" content=\"image\/jpeg\" \/>\n<meta name=\"author\" content=\"Andr\u00e1s Juh\u00e1sz\" \/>\n<meta name=\"twitter:card\" content=\"summary_large_image\" \/>\n<meta name=\"twitter:creator\" content=\"@MasinaRS\" \/>\n<meta name=\"twitter:site\" content=\"@MasinaRS\" \/>\n<meta name=\"twitter:label1\" content=\"Written by\" \/>\n\t<meta name=\"twitter:data1\" content=\"Andr\u00e1s Juh\u00e1sz\" \/>\n\t<meta name=\"twitter:label2\" content=\"Est. reading time\" \/>\n\t<meta name=\"twitter:data2\" content=\"5 minutes\" \/>\n<script type=\"application\/ld+json\" class=\"yoast-schema-graph\">{\"@context\":\"https:\\\/\\\/schema.org\",\"@graph\":[{\"@type\":\"Article\",\"@id\":\"https:\\\/\\\/www.masina.rs\\\/eng\\\/internationalism-is-the-dna-of-the-left-an-interview-with-andrej-hunko\\\/#article\",\"isPartOf\":{\"@id\":\"https:\\\/\\\/www.masina.rs\\\/eng\\\/internationalism-is-the-dna-of-the-left-an-interview-with-andrej-hunko\\\/\"},\"author\":{\"name\":\"Ma\u0161ina\",\"@id\":\"https:\\\/\\\/www.masina.rs\\\/eng\\\/#\\\/schema\\\/person\\\/958b9359404b87ce04cd3437b841249a\"},\"headline\":\"Internationalism is the DNA of the Left \u2014 An Interview with Andrej Hunko\",\"datePublished\":\"2023-05-05T07:56:36+00:00\",\"mainEntityOfPage\":{\"@id\":\"https:\\\/\\\/www.masina.rs\\\/eng\\\/internationalism-is-the-dna-of-the-left-an-interview-with-andrej-hunko\\\/\"},\"wordCount\":1048,\"publisher\":{\"@id\":\"https:\\\/\\\/www.masina.rs\\\/eng\\\/#organization\"},\"image\":{\"@id\":\"https:\\\/\\\/www.masina.rs\\\/eng\\\/internationalism-is-the-dna-of-the-left-an-interview-with-andrej-hunko\\\/#primaryimage\"},\"thumbnailUrl\":\"https:\\\/\\\/www.masina.rs\\\/eng\\\/wp-content\\\/uploads\\\/2023\\\/05\\\/andrej-hunko.jpg\",\"keywords\":[\"Die Linke\",\"Ecevit Piro\u011flu\",\"Turkey\"],\"inLanguage\":\"en-US\"},{\"@type\":\"WebPage\",\"@id\":\"https:\\\/\\\/www.masina.rs\\\/eng\\\/internationalism-is-the-dna-of-the-left-an-interview-with-andrej-hunko\\\/\",\"url\":\"https:\\\/\\\/www.masina.rs\\\/eng\\\/internationalism-is-the-dna-of-the-left-an-interview-with-andrej-hunko\\\/\",\"name\":\"Internationalism is the DNA of the Left \u2014 An Interview with Andrej Hunko - Ma\u0161ina English\",\"isPartOf\":{\"@id\":\"https:\\\/\\\/www.masina.rs\\\/eng\\\/#website\"},\"primaryImageOfPage\":{\"@id\":\"https:\\\/\\\/www.masina.rs\\\/eng\\\/internationalism-is-the-dna-of-the-left-an-interview-with-andrej-hunko\\\/#primaryimage\"},\"image\":{\"@id\":\"https:\\\/\\\/www.masina.rs\\\/eng\\\/internationalism-is-the-dna-of-the-left-an-interview-with-andrej-hunko\\\/#primaryimage\"},\"thumbnailUrl\":\"https:\\\/\\\/www.masina.rs\\\/eng\\\/wp-content\\\/uploads\\\/2023\\\/05\\\/andrej-hunko.jpg\",\"datePublished\":\"2023-05-05T07:56:36+00:00\",\"breadcrumb\":{\"@id\":\"https:\\\/\\\/www.masina.rs\\\/eng\\\/internationalism-is-the-dna-of-the-left-an-interview-with-andrej-hunko\\\/#breadcrumb\"},\"inLanguage\":\"en-US\",\"potentialAction\":[{\"@type\":\"ReadAction\",\"target\":[\"https:\\\/\\\/www.masina.rs\\\/eng\\\/internationalism-is-the-dna-of-the-left-an-interview-with-andrej-hunko\\\/\"]}]},{\"@type\":\"ImageObject\",\"inLanguage\":\"en-US\",\"@id\":\"https:\\\/\\\/www.masina.rs\\\/eng\\\/internationalism-is-the-dna-of-the-left-an-interview-with-andrej-hunko\\\/#primaryimage\",\"url\":\"https:\\\/\\\/www.masina.rs\\\/eng\\\/wp-content\\\/uploads\\\/2023\\\/05\\\/andrej-hunko.jpg\",\"contentUrl\":\"https:\\\/\\\/www.masina.rs\\\/eng\\\/wp-content\\\/uploads\\\/2023\\\/05\\\/andrej-hunko.jpg\",\"width\":1200,\"height\":800,\"caption\":\"Andrej Hunko; Foto: Ma\u0161ina\"},{\"@type\":\"BreadcrumbList\",\"@id\":\"https:\\\/\\\/www.masina.rs\\\/eng\\\/internationalism-is-the-dna-of-the-left-an-interview-with-andrej-hunko\\\/#breadcrumb\",\"itemListElement\":[{\"@type\":\"ListItem\",\"position\":1,\"name\":\"Home\",\"item\":\"https:\\\/\\\/www.masina.rs\\\/eng\\\/\"},{\"@type\":\"ListItem\",\"position\":2,\"name\":\"Internationalism is the DNA of the Left \u2014 An Interview with Andrej Hunko\"}]},{\"@type\":\"WebSite\",\"@id\":\"https:\\\/\\\/www.masina.rs\\\/eng\\\/#website\",\"url\":\"https:\\\/\\\/www.masina.rs\\\/eng\\\/\",\"name\":\"Ma\u0161ina English\",\"description\":\"Production of Social Critique\",\"publisher\":{\"@id\":\"https:\\\/\\\/www.masina.rs\\\/eng\\\/#organization\"},\"potentialAction\":[{\"@type\":\"SearchAction\",\"target\":{\"@type\":\"EntryPoint\",\"urlTemplate\":\"https:\\\/\\\/www.masina.rs\\\/eng\\\/?s={search_term_string}\"},\"query-input\":{\"@type\":\"PropertyValueSpecification\",\"valueRequired\":true,\"valueName\":\"search_term_string\"}}],\"inLanguage\":\"en-US\"},{\"@type\":\"Organization\",\"@id\":\"https:\\\/\\\/www.masina.rs\\\/eng\\\/#organization\",\"name\":\"masina.rs\",\"url\":\"https:\\\/\\\/www.masina.rs\\\/eng\\\/\",\"logo\":{\"@type\":\"ImageObject\",\"inLanguage\":\"en-US\",\"@id\":\"https:\\\/\\\/www.masina.rs\\\/eng\\\/#\\\/schema\\\/logo\\\/image\\\/\",\"url\":\"https:\\\/\\\/www.masina.rs\\\/eng\\\/wp-content\\\/uploads\\\/2021\\\/05\\\/Masina-header-on-white-1.svg\",\"contentUrl\":\"https:\\\/\\\/www.masina.rs\\\/eng\\\/wp-content\\\/uploads\\\/2021\\\/05\\\/Masina-header-on-white-1.svg\",\"width\":850,\"height\":283,\"caption\":\"masina.rs\"},\"image\":{\"@id\":\"https:\\\/\\\/www.masina.rs\\\/eng\\\/#\\\/schema\\\/logo\\\/image\\\/\"},\"sameAs\":[\"https:\\\/\\\/www.facebook.com\\\/masinars\",\"https:\\\/\\\/x.com\\\/MasinaRS\",\"https:\\\/\\\/www.instagram.com\\\/masina.rs\"]},{\"@type\":\"Person\",\"@id\":\"https:\\\/\\\/www.masina.rs\\\/eng\\\/#\\\/schema\\\/person\\\/958b9359404b87ce04cd3437b841249a\",\"name\":\"Ma\u0161ina\",\"image\":{\"@type\":\"ImageObject\",\"inLanguage\":\"en-US\",\"@id\":\"https:\\\/\\\/secure.gravatar.com\\\/avatar\\\/714de62ad05798c58e25eca1fcdd8527f1b4886757589aaeee8409f9ffc347e5?s=96&d=mm&r=g712341107c94d7ea0db4b5f0543a82ce\",\"url\":\"https:\\\/\\\/secure.gravatar.com\\\/avatar\\\/714de62ad05798c58e25eca1fcdd8527f1b4886757589aaeee8409f9ffc347e5?s=96&d=mm&r=g\",\"contentUrl\":\"https:\\\/\\\/secure.gravatar.com\\\/avatar\\\/714de62ad05798c58e25eca1fcdd8527f1b4886757589aaeee8409f9ffc347e5?s=96&d=mm&r=g\",\"caption\":\"Ma\u0161ina\"},\"url\":\"https:\\\/\\\/www.masina.rs\\\/eng\\\/author\\\/masina\\\/\"}]}<\/script>\n<!-- \/ Yoast SEO plugin. -->","yoast_head_json":{"title":"Internationalism is the DNA of the Left \u2014 An Interview with Andrej Hunko - Ma\u0161ina English","robots":{"index":"index","follow":"follow","max-snippet":"max-snippet:-1","max-image-preview":"max-image-preview:large","max-video-preview":"max-video-preview:-1"},"canonical":"https:\/\/www.masina.rs\/eng\/internationalism-is-the-dna-of-the-left-an-interview-with-andrej-hunko\/","og_locale":"en_US","og_type":"article","og_title":"Internationalism is the DNA of the Left \u2014 An Interview with Andrej Hunko - Ma\u0161ina English","og_description":"Andrej Hunko visited Belgrade to support Kurdish political activist Ecevit Piro\u011flu, who has been in prison in Serbia for two years. We spoke to Hunko about the importance of the recent elections in Turkey and about internationalism.","og_url":"https:\/\/www.masina.rs\/eng\/internationalism-is-the-dna-of-the-left-an-interview-with-andrej-hunko\/","og_site_name":"Ma\u0161ina English","article_publisher":"https:\/\/www.facebook.com\/masinars","article_published_time":"2023-05-05T07:56:36+00:00","og_image":[{"width":1200,"height":800,"url":"https:\/\/www.masina.rs\/eng\/wp-content\/uploads\/2023\/05\/andrej-hunko.jpg","type":"image\/jpeg"}],"author":"Andr\u00e1s Juh\u00e1sz","twitter_card":"summary_large_image","twitter_creator":"@MasinaRS","twitter_site":"@MasinaRS","twitter_misc":{"Written by":"Andr\u00e1s Juh\u00e1sz","Est. reading time":"5 minutes"},"schema":{"@context":"https:\/\/schema.org","@graph":[{"@type":"Article","@id":"https:\/\/www.masina.rs\/eng\/internationalism-is-the-dna-of-the-left-an-interview-with-andrej-hunko\/#article","isPartOf":{"@id":"https:\/\/www.masina.rs\/eng\/internationalism-is-the-dna-of-the-left-an-interview-with-andrej-hunko\/"},"author":{"name":"Ma\u0161ina","@id":"https:\/\/www.masina.rs\/eng\/#\/schema\/person\/958b9359404b87ce04cd3437b841249a"},"headline":"Internationalism is the DNA of the Left \u2014 An Interview with Andrej Hunko","datePublished":"2023-05-05T07:56:36+00:00","mainEntityOfPage":{"@id":"https:\/\/www.masina.rs\/eng\/internationalism-is-the-dna-of-the-left-an-interview-with-andrej-hunko\/"},"wordCount":1048,"publisher":{"@id":"https:\/\/www.masina.rs\/eng\/#organization"},"image":{"@id":"https:\/\/www.masina.rs\/eng\/internationalism-is-the-dna-of-the-left-an-interview-with-andrej-hunko\/#primaryimage"},"thumbnailUrl":"https:\/\/www.masina.rs\/eng\/wp-content\/uploads\/2023\/05\/andrej-hunko.jpg","keywords":["Die Linke","Ecevit Piro\u011flu","Turkey"],"inLanguage":"en-US"},{"@type":"WebPage","@id":"https:\/\/www.masina.rs\/eng\/internationalism-is-the-dna-of-the-left-an-interview-with-andrej-hunko\/","url":"https:\/\/www.masina.rs\/eng\/internationalism-is-the-dna-of-the-left-an-interview-with-andrej-hunko\/","name":"Internationalism is the DNA of the Left \u2014 An Interview with Andrej Hunko - Ma\u0161ina English","isPartOf":{"@id":"https:\/\/www.masina.rs\/eng\/#website"},"primaryImageOfPage":{"@id":"https:\/\/www.masina.rs\/eng\/internationalism-is-the-dna-of-the-left-an-interview-with-andrej-hunko\/#primaryimage"},"image":{"@id":"https:\/\/www.masina.rs\/eng\/internationalism-is-the-dna-of-the-left-an-interview-with-andrej-hunko\/#primaryimage"},"thumbnailUrl":"https:\/\/www.masina.rs\/eng\/wp-content\/uploads\/2023\/05\/andrej-hunko.jpg","datePublished":"2023-05-05T07:56:36+00:00","breadcrumb":{"@id":"https:\/\/www.masina.rs\/eng\/internationalism-is-the-dna-of-the-left-an-interview-with-andrej-hunko\/#breadcrumb"},"inLanguage":"en-US","potentialAction":[{"@type":"ReadAction","target":["https:\/\/www.masina.rs\/eng\/internationalism-is-the-dna-of-the-left-an-interview-with-andrej-hunko\/"]}]},{"@type":"ImageObject","inLanguage":"en-US","@id":"https:\/\/www.masina.rs\/eng\/internationalism-is-the-dna-of-the-left-an-interview-with-andrej-hunko\/#primaryimage","url":"https:\/\/www.masina.rs\/eng\/wp-content\/uploads\/2023\/05\/andrej-hunko.jpg","contentUrl":"https:\/\/www.masina.rs\/eng\/wp-content\/uploads\/2023\/05\/andrej-hunko.jpg","width":1200,"height":800,"caption":"Andrej Hunko; Foto: Ma\u0161ina"},{"@type":"BreadcrumbList","@id":"https:\/\/www.masina.rs\/eng\/internationalism-is-the-dna-of-the-left-an-interview-with-andrej-hunko\/#breadcrumb","itemListElement":[{"@type":"ListItem","position":1,"name":"Home","item":"https:\/\/www.masina.rs\/eng\/"},{"@type":"ListItem","position":2,"name":"Internationalism is the DNA of the Left \u2014 An Interview with Andrej Hunko"}]},{"@type":"WebSite","@id":"https:\/\/www.masina.rs\/eng\/#website","url":"https:\/\/www.masina.rs\/eng\/","name":"Ma\u0161ina English","description":"Production of Social Critique","publisher":{"@id":"https:\/\/www.masina.rs\/eng\/#organization"},"potentialAction":[{"@type":"SearchAction","target":{"@type":"EntryPoint","urlTemplate":"https:\/\/www.masina.rs\/eng\/?s={search_term_string}"},"query-input":{"@type":"PropertyValueSpecification","valueRequired":true,"valueName":"search_term_string"}}],"inLanguage":"en-US"},{"@type":"Organization","@id":"https:\/\/www.masina.rs\/eng\/#organization","name":"masina.rs","url":"https:\/\/www.masina.rs\/eng\/","logo":{"@type":"ImageObject","inLanguage":"en-US","@id":"https:\/\/www.masina.rs\/eng\/#\/schema\/logo\/image\/","url":"https:\/\/www.masina.rs\/eng\/wp-content\/uploads\/2021\/05\/Masina-header-on-white-1.svg","contentUrl":"https:\/\/www.masina.rs\/eng\/wp-content\/uploads\/2021\/05\/Masina-header-on-white-1.svg","width":850,"height":283,"caption":"masina.rs"},"image":{"@id":"https:\/\/www.masina.rs\/eng\/#\/schema\/logo\/image\/"},"sameAs":["https:\/\/www.facebook.com\/masinars","https:\/\/x.com\/MasinaRS","https:\/\/www.instagram.com\/masina.rs"]},{"@type":"Person","@id":"https:\/\/www.masina.rs\/eng\/#\/schema\/person\/958b9359404b87ce04cd3437b841249a","name":"Ma\u0161ina","image":{"@type":"ImageObject","inLanguage":"en-US","@id":"https:\/\/secure.gravatar.com\/avatar\/714de62ad05798c58e25eca1fcdd8527f1b4886757589aaeee8409f9ffc347e5?s=96&d=mm&r=g712341107c94d7ea0db4b5f0543a82ce","url":"https:\/\/secure.gravatar.com\/avatar\/714de62ad05798c58e25eca1fcdd8527f1b4886757589aaeee8409f9ffc347e5?s=96&d=mm&r=g","contentUrl":"https:\/\/secure.gravatar.com\/avatar\/714de62ad05798c58e25eca1fcdd8527f1b4886757589aaeee8409f9ffc347e5?s=96&d=mm&r=g","caption":"Ma\u0161ina"},"url":"https:\/\/www.masina.rs\/eng\/author\/masina\/"}]}},"_links":{"self":[{"href":"https:\/\/www.masina.rs\/eng\/wp-json\/wp\/v2\/posts\/19657","targetHints":{"allow":["GET"]}}],"collection":[{"href":"https:\/\/www.masina.rs\/eng\/wp-json\/wp\/v2\/posts"}],"about":[{"href":"https:\/\/www.masina.rs\/eng\/wp-json\/wp\/v2\/types\/post"}],"author":[{"embeddable":true,"href":"https:\/\/www.masina.rs\/eng\/wp-json\/wp\/v2\/users\/2"}],"replies":[{"embeddable":true,"href":"https:\/\/www.masina.rs\/eng\/wp-json\/wp\/v2\/comments?post=19657"}],"version-history":[{"count":2,"href":"https:\/\/www.masina.rs\/eng\/wp-json\/wp\/v2\/posts\/19657\/revisions"}],"predecessor-version":[{"id":19660,"href":"https:\/\/www.masina.rs\/eng\/wp-json\/wp\/v2\/posts\/19657\/revisions\/19660"}],"wp:featuredmedia":[{"embeddable":true,"href":"https:\/\/www.masina.rs\/eng\/wp-json\/wp\/v2\/media\/19658"}],"wp:attachment":[{"href":"https:\/\/www.masina.rs\/eng\/wp-json\/wp\/v2\/media?parent=19657"}],"wp:term":[{"taxonomy":"category","embeddable":true,"href":"https:\/\/www.masina.rs\/eng\/wp-json\/wp\/v2\/categories?post=19657"},{"taxonomy":"post_tag","embeddable":true,"href":"https:\/\/www.masina.rs\/eng\/wp-json\/wp\/v2\/tags?post=19657"},{"taxonomy":"form","embeddable":true,"href":"https:\/\/www.masina.rs\/eng\/wp-json\/wp\/v2\/form?post=19657"},{"taxonomy":"concept","embeddable":true,"href":"https:\/\/www.masina.rs\/eng\/wp-json\/wp\/v2\/concept?post=19657"},{"taxonomy":"contents","embeddable":true,"href":"https:\/\/www.masina.rs\/eng\/wp-json\/wp\/v2\/contents?post=19657"},{"taxonomy":"author","embeddable":true,"href":"https:\/\/www.masina.rs\/eng\/wp-json\/wp\/v2\/coauthors?post=19657"}],"curies":[{"name":"wp","href":"https:\/\/api.w.org\/{rel}","templated":true}]}}