{"id":20181,"date":"2024-11-28T14:49:24","date_gmt":"2024-11-28T13:49:24","guid":{"rendered":"https:\/\/www.masina.rs\/eng\/?p=20181"},"modified":"2024-11-28T14:49:24","modified_gmt":"2024-11-28T13:49:24","slug":"students-blockade-the-faculty-of-dramatic-arts-in-belgrade","status":"publish","type":"post","link":"https:\/\/www.masina.rs\/eng\/students-blockade-the-faculty-of-dramatic-arts-in-belgrade\/","title":{"rendered":"Students Blockade the Faculty of Dramatic arts in Belgrade"},"content":{"rendered":"\n<p class=\"has-drop-cap\">On November 22, the protest \u201cStop, Serbia\u201d was held from 11:52 a.m. to 12:08 am, 15 minutes for the 15 lives lost in the fall of the railway station awning in Novi Sad. During one gathering in Belgrade, Faculty of Drama student Nikola Terzi\u0107 was hospitalized with injuries and a Nova.rs journalist was also assaulted.<\/p>\n\n\n\n<p>The demands of the students are:<\/p>\n\n\n\n<ol class=\"wp-block-list\">\n<li>Criminal prosecution of those who attacked students at \u201cStop, Serbia\u201d protest<\/li>\n\n\n\n<li>Disciplinary actions against public officials involved in the incident<\/li>\n<\/ol>\n\n\n\n<p>Students called on the Ministry of Internal Affairs to file criminal charges with the public prosecutor\u2019s office in Belgrade against individuals identified as the attackers, including: Milija Kold\u017ei\u0107, Aleksandar Joki\u0107, Du\u0161an Kosti\u0107, Milena Aleksi\u0107, and Ivan Stani\u0161i\u0107. They demanded immediate confirmation of these individuals\u2019 identities and that they be dismissed from public office, should they hold any position.<\/p>\n\n\n\n<p>Classes were suspended for the duration of the blockade, which began on Monday and ended Thurday at 12 PM. The students have received widespread support from professors, the Serbian Screenwriters Association, and the Association of Drama Artists of Serbia.<\/p>\n\n\n\n<h2 class=\"wp-block-heading\">Outpouring of Support<\/h2>\n\n\n\n<p>The Association of Drama Artists of Serbia released a statement saying it strongly condemns all forms of violence against its members and citizens, especially those who, during the \u201cStop, Serbia\u201d action.<\/p>\n\n\n\n<p>The Executive Board of the Serbian Screenwriters Association has also supported the students\u2019 blockade, stating: \u201cAs former students of this institution, we are proud of you and ready to assist in the fight for a fairer and safer future.&#8221;<\/p>\n\n\n\n<p>Professor and director Irena Risti\u0107 commented on the significance of these protests, saying:<\/p>\n\n\n\n<p>&#8220;Students are confronting the regime\u2019s violence in its rawest form, alongside other citizens who are justifiably outraged. Protests are growing, and they won\u2019t easily be silenced. Students are being arrested, beaten, threatened, and subjected to unjust detentions and extreme pressure. Systemic abuses have shown they can lead to death, while those responsible organize gangs to attack students.&#8221;<\/p>\n\n\n\n<p>Risti\u0107 emphasized the importance of student voices and organization, noting that attempts to alter education laws and undermine the public education system reflect a broader capitalist effort to commodify knowledge. She reaffirmed the faculty\u2019s commitment to supporting the students.<\/p>\n\n\n\n<figure class=\"wp-block-image size-large\"><a href=\"https:\/\/www.masina.rs\/eng\/wp-content\/uploads\/2024\/11\/photo_2024-11-26_14-59-58.jpg\"><img loading=\"lazy\" decoding=\"async\" width=\"1024\" height=\"771\" src=\"https:\/\/www.masina.rs\/eng\/wp-content\/uploads\/2024\/11\/photo_2024-11-26_14-59-58-1024x771.jpg\" alt=\"\" class=\"wp-image-20183\" srcset=\"https:\/\/www.masina.rs\/eng\/wp-content\/uploads\/2024\/11\/photo_2024-11-26_14-59-58-1024x771.jpg 1024w, https:\/\/www.masina.rs\/eng\/wp-content\/uploads\/2024\/11\/photo_2024-11-26_14-59-58-300x226.jpg 300w, https:\/\/www.masina.rs\/eng\/wp-content\/uploads\/2024\/11\/photo_2024-11-26_14-59-58-768x578.jpg 768w, https:\/\/www.masina.rs\/eng\/wp-content\/uploads\/2024\/11\/photo_2024-11-26_14-59-58.jpg 1280w\" sizes=\"auto, (max-width: 1024px) 100vw, 1024px\" \/><\/a><figcaption class=\"wp-element-caption\">Faculty of Drama in Belgrade; Photo: Ma\u0161ina<\/figcaption><\/figure>\n\n\n\n<h2 class=\"wp-block-heading\">Broader Context of Student Protests in Serbia<\/h2>\n\n\n\n<p>This blockade comes in the context of mass upheaval in Serbia. In addition to the \u201cStop, Serbia\u201d incidents, the Serbian state has cracked down on protest in general, arresting scores of citizens at other protests about the collapse of the railway station awning. In addition, there is an ongoing protest encampment to prevent the demolition of the Old Sava Bridge where protesters have also been attacked by police.<\/p>\n\n\n\n<p class=\"has-text-align-right\"><em>A.M.<\/em><\/p>\n\n\n\n<p><\/p>\n","protected":false},"excerpt":{"rendered":"<p>Students have organized to oppose the violence that was perpetrated at those who participated in the nationally coordinated protest, \u201cStop, Serbia.\u201d<\/p>\n","protected":false},"author":2,"featured_media":20182,"comment_status":"closed","ping_status":"closed","sticky":false,"template":"","format":"standard","meta":{"_acf_changed":false,"footnotes":""},"categories":[1],"tags":[320,319,18,263],"form":[71],"concept":[188],"contents":[156],"coauthors":[5],"class_list":["post-20181","post","type-post","status-publish","format-standard","has-post-thumbnail","hentry","category-uncategorized","tag-blockade","tag-faculty-of-dramatic-arts","tag-protest","tag-students","form-news","concept-society","contents-politics","infinite-scroll-item","generate-columns","tablet-grid-50","mobile-grid-100","grid-parent","grid-25"],"acf":[],"yoast_head":"<!-- This site is optimized with the Yoast SEO plugin v27.5 - https:\/\/yoast.com\/product\/yoast-seo-wordpress\/ -->\n<title>Students Blockade the Faculty of Dramatic arts in Belgrade - Ma\u0161ina English<\/title>\n<meta name=\"robots\" content=\"index, follow, max-snippet:-1, max-image-preview:large, max-video-preview:-1\" \/>\n<link rel=\"canonical\" href=\"https:\/\/www.masina.rs\/eng\/students-blockade-the-faculty-of-dramatic-arts-in-belgrade\/\" \/>\n<meta property=\"og:locale\" content=\"en_US\" \/>\n<meta property=\"og:type\" content=\"article\" \/>\n<meta property=\"og:title\" content=\"Students Blockade the Faculty of Dramatic arts in Belgrade - Ma\u0161ina English\" \/>\n<meta property=\"og:description\" content=\"Students have organized to oppose the violence that was perpetrated at those who participated in the nationally coordinated protest, \u201cStop, Serbia.\u201d\" \/>\n<meta property=\"og:url\" content=\"https:\/\/www.masina.rs\/eng\/students-blockade-the-faculty-of-dramatic-arts-in-belgrade\/\" \/>\n<meta property=\"og:site_name\" content=\"Ma\u0161ina English\" \/>\n<meta property=\"article:publisher\" content=\"https:\/\/www.facebook.com\/masinars\" \/>\n<meta property=\"article:published_time\" content=\"2024-11-28T13:49:24+00:00\" \/>\n<meta property=\"og:image\" content=\"https:\/\/www.masina.rs\/eng\/wp-content\/uploads\/2024\/11\/photo_2024-11-26_14-59-58-2.jpg\" \/>\n\t<meta property=\"og:image:width\" content=\"1280\" \/>\n\t<meta property=\"og:image:height\" content=\"964\" \/>\n\t<meta property=\"og:image:type\" content=\"image\/jpeg\" \/>\n<meta name=\"author\" content=\"Ma\u0161ina\" \/>\n<meta name=\"twitter:card\" content=\"summary_large_image\" \/>\n<meta name=\"twitter:creator\" content=\"@MasinaRS\" \/>\n<meta name=\"twitter:site\" content=\"@MasinaRS\" \/>\n<meta name=\"twitter:label1\" content=\"Written by\" \/>\n\t<meta name=\"twitter:data1\" content=\"Ma\u0161ina\" \/>\n\t<meta name=\"twitter:label2\" content=\"Est. reading time\" \/>\n\t<meta name=\"twitter:data2\" content=\"3 minutes\" \/>\n<script type=\"application\/ld+json\" class=\"yoast-schema-graph\">{\"@context\":\"https:\\\/\\\/schema.org\",\"@graph\":[{\"@type\":\"Article\",\"@id\":\"https:\\\/\\\/www.masina.rs\\\/eng\\\/students-blockade-the-faculty-of-dramatic-arts-in-belgrade\\\/#article\",\"isPartOf\":{\"@id\":\"https:\\\/\\\/www.masina.rs\\\/eng\\\/students-blockade-the-faculty-of-dramatic-arts-in-belgrade\\\/\"},\"author\":{\"name\":\"Ma\u0161ina\",\"@id\":\"https:\\\/\\\/www.masina.rs\\\/eng\\\/#\\\/schema\\\/person\\\/958b9359404b87ce04cd3437b841249a\"},\"headline\":\"Students Blockade the Faculty of Dramatic arts in Belgrade\",\"datePublished\":\"2024-11-28T13:49:24+00:00\",\"mainEntityOfPage\":{\"@id\":\"https:\\\/\\\/www.masina.rs\\\/eng\\\/students-blockade-the-faculty-of-dramatic-arts-in-belgrade\\\/\"},\"wordCount\":457,\"publisher\":{\"@id\":\"https:\\\/\\\/www.masina.rs\\\/eng\\\/#organization\"},\"image\":{\"@id\":\"https:\\\/\\\/www.masina.rs\\\/eng\\\/students-blockade-the-faculty-of-dramatic-arts-in-belgrade\\\/#primaryimage\"},\"thumbnailUrl\":\"https:\\\/\\\/www.masina.rs\\\/eng\\\/wp-content\\\/uploads\\\/2024\\\/11\\\/photo_2024-11-26_14-59-58-2.jpg\",\"keywords\":[\"blockade\",\"Faculty of Dramatic Arts\",\"protest\",\"students\"],\"inLanguage\":\"en-US\"},{\"@type\":\"WebPage\",\"@id\":\"https:\\\/\\\/www.masina.rs\\\/eng\\\/students-blockade-the-faculty-of-dramatic-arts-in-belgrade\\\/\",\"url\":\"https:\\\/\\\/www.masina.rs\\\/eng\\\/students-blockade-the-faculty-of-dramatic-arts-in-belgrade\\\/\",\"name\":\"Students Blockade the Faculty of Dramatic arts in Belgrade - Ma\u0161ina English\",\"isPartOf\":{\"@id\":\"https:\\\/\\\/www.masina.rs\\\/eng\\\/#website\"},\"primaryImageOfPage\":{\"@id\":\"https:\\\/\\\/www.masina.rs\\\/eng\\\/students-blockade-the-faculty-of-dramatic-arts-in-belgrade\\\/#primaryimage\"},\"image\":{\"@id\":\"https:\\\/\\\/www.masina.rs\\\/eng\\\/students-blockade-the-faculty-of-dramatic-arts-in-belgrade\\\/#primaryimage\"},\"thumbnailUrl\":\"https:\\\/\\\/www.masina.rs\\\/eng\\\/wp-content\\\/uploads\\\/2024\\\/11\\\/photo_2024-11-26_14-59-58-2.jpg\",\"datePublished\":\"2024-11-28T13:49:24+00:00\",\"breadcrumb\":{\"@id\":\"https:\\\/\\\/www.masina.rs\\\/eng\\\/students-blockade-the-faculty-of-dramatic-arts-in-belgrade\\\/#breadcrumb\"},\"inLanguage\":\"en-US\",\"potentialAction\":[{\"@type\":\"ReadAction\",\"target\":[\"https:\\\/\\\/www.masina.rs\\\/eng\\\/students-blockade-the-faculty-of-dramatic-arts-in-belgrade\\\/\"]}]},{\"@type\":\"ImageObject\",\"inLanguage\":\"en-US\",\"@id\":\"https:\\\/\\\/www.masina.rs\\\/eng\\\/students-blockade-the-faculty-of-dramatic-arts-in-belgrade\\\/#primaryimage\",\"url\":\"https:\\\/\\\/www.masina.rs\\\/eng\\\/wp-content\\\/uploads\\\/2024\\\/11\\\/photo_2024-11-26_14-59-58-2.jpg\",\"contentUrl\":\"https:\\\/\\\/www.masina.rs\\\/eng\\\/wp-content\\\/uploads\\\/2024\\\/11\\\/photo_2024-11-26_14-59-58-2.jpg\",\"width\":1280,\"height\":964,\"caption\":\"Faculty of Drama in Belgrade during blockade; Photo: Ma\u0161ina\"},{\"@type\":\"BreadcrumbList\",\"@id\":\"https:\\\/\\\/www.masina.rs\\\/eng\\\/students-blockade-the-faculty-of-dramatic-arts-in-belgrade\\\/#breadcrumb\",\"itemListElement\":[{\"@type\":\"ListItem\",\"position\":1,\"name\":\"Home\",\"item\":\"https:\\\/\\\/www.masina.rs\\\/eng\\\/\"},{\"@type\":\"ListItem\",\"position\":2,\"name\":\"Students Blockade the Faculty of Dramatic arts in Belgrade\"}]},{\"@type\":\"WebSite\",\"@id\":\"https:\\\/\\\/www.masina.rs\\\/eng\\\/#website\",\"url\":\"https:\\\/\\\/www.masina.rs\\\/eng\\\/\",\"name\":\"Ma\u0161ina English\",\"description\":\"Production of Social Critique\",\"publisher\":{\"@id\":\"https:\\\/\\\/www.masina.rs\\\/eng\\\/#organization\"},\"potentialAction\":[{\"@type\":\"SearchAction\",\"target\":{\"@type\":\"EntryPoint\",\"urlTemplate\":\"https:\\\/\\\/www.masina.rs\\\/eng\\\/?s={search_term_string}\"},\"query-input\":{\"@type\":\"PropertyValueSpecification\",\"valueRequired\":true,\"valueName\":\"search_term_string\"}}],\"inLanguage\":\"en-US\"},{\"@type\":\"Organization\",\"@id\":\"https:\\\/\\\/www.masina.rs\\\/eng\\\/#organization\",\"name\":\"masina.rs\",\"url\":\"https:\\\/\\\/www.masina.rs\\\/eng\\\/\",\"logo\":{\"@type\":\"ImageObject\",\"inLanguage\":\"en-US\",\"@id\":\"https:\\\/\\\/www.masina.rs\\\/eng\\\/#\\\/schema\\\/logo\\\/image\\\/\",\"url\":\"https:\\\/\\\/www.masina.rs\\\/eng\\\/wp-content\\\/uploads\\\/2021\\\/05\\\/Masina-header-on-white-1.svg\",\"contentUrl\":\"https:\\\/\\\/www.masina.rs\\\/eng\\\/wp-content\\\/uploads\\\/2021\\\/05\\\/Masina-header-on-white-1.svg\",\"width\":850,\"height\":283,\"caption\":\"masina.rs\"},\"image\":{\"@id\":\"https:\\\/\\\/www.masina.rs\\\/eng\\\/#\\\/schema\\\/logo\\\/image\\\/\"},\"sameAs\":[\"https:\\\/\\\/www.facebook.com\\\/masinars\",\"https:\\\/\\\/x.com\\\/MasinaRS\",\"https:\\\/\\\/www.instagram.com\\\/masina.rs\"]},{\"@type\":\"Person\",\"@id\":\"https:\\\/\\\/www.masina.rs\\\/eng\\\/#\\\/schema\\\/person\\\/958b9359404b87ce04cd3437b841249a\",\"name\":\"Ma\u0161ina\",\"image\":{\"@type\":\"ImageObject\",\"inLanguage\":\"en-US\",\"@id\":\"https:\\\/\\\/secure.gravatar.com\\\/avatar\\\/714de62ad05798c58e25eca1fcdd8527f1b4886757589aaeee8409f9ffc347e5?s=96&d=mm&r=g712341107c94d7ea0db4b5f0543a82ce\",\"url\":\"https:\\\/\\\/secure.gravatar.com\\\/avatar\\\/714de62ad05798c58e25eca1fcdd8527f1b4886757589aaeee8409f9ffc347e5?s=96&d=mm&r=g\",\"contentUrl\":\"https:\\\/\\\/secure.gravatar.com\\\/avatar\\\/714de62ad05798c58e25eca1fcdd8527f1b4886757589aaeee8409f9ffc347e5?s=96&d=mm&r=g\",\"caption\":\"Ma\u0161ina\"},\"url\":\"https:\\\/\\\/www.masina.rs\\\/eng\\\/author\\\/masina\\\/\"}]}<\/script>\n<!-- \/ Yoast SEO plugin. -->","yoast_head_json":{"title":"Students Blockade the Faculty of Dramatic arts in Belgrade - Ma\u0161ina English","robots":{"index":"index","follow":"follow","max-snippet":"max-snippet:-1","max-image-preview":"max-image-preview:large","max-video-preview":"max-video-preview:-1"},"canonical":"https:\/\/www.masina.rs\/eng\/students-blockade-the-faculty-of-dramatic-arts-in-belgrade\/","og_locale":"en_US","og_type":"article","og_title":"Students Blockade the Faculty of Dramatic arts in Belgrade - Ma\u0161ina English","og_description":"Students have organized to oppose the violence that was perpetrated at those who participated in the nationally coordinated protest, \u201cStop, Serbia.\u201d","og_url":"https:\/\/www.masina.rs\/eng\/students-blockade-the-faculty-of-dramatic-arts-in-belgrade\/","og_site_name":"Ma\u0161ina English","article_publisher":"https:\/\/www.facebook.com\/masinars","article_published_time":"2024-11-28T13:49:24+00:00","og_image":[{"width":1280,"height":964,"url":"https:\/\/www.masina.rs\/eng\/wp-content\/uploads\/2024\/11\/photo_2024-11-26_14-59-58-2.jpg","type":"image\/jpeg"}],"author":"Ma\u0161ina","twitter_card":"summary_large_image","twitter_creator":"@MasinaRS","twitter_site":"@MasinaRS","twitter_misc":{"Written by":"Ma\u0161ina","Est. reading time":"3 minutes"},"schema":{"@context":"https:\/\/schema.org","@graph":[{"@type":"Article","@id":"https:\/\/www.masina.rs\/eng\/students-blockade-the-faculty-of-dramatic-arts-in-belgrade\/#article","isPartOf":{"@id":"https:\/\/www.masina.rs\/eng\/students-blockade-the-faculty-of-dramatic-arts-in-belgrade\/"},"author":{"name":"Ma\u0161ina","@id":"https:\/\/www.masina.rs\/eng\/#\/schema\/person\/958b9359404b87ce04cd3437b841249a"},"headline":"Students Blockade the Faculty of Dramatic arts in Belgrade","datePublished":"2024-11-28T13:49:24+00:00","mainEntityOfPage":{"@id":"https:\/\/www.masina.rs\/eng\/students-blockade-the-faculty-of-dramatic-arts-in-belgrade\/"},"wordCount":457,"publisher":{"@id":"https:\/\/www.masina.rs\/eng\/#organization"},"image":{"@id":"https:\/\/www.masina.rs\/eng\/students-blockade-the-faculty-of-dramatic-arts-in-belgrade\/#primaryimage"},"thumbnailUrl":"https:\/\/www.masina.rs\/eng\/wp-content\/uploads\/2024\/11\/photo_2024-11-26_14-59-58-2.jpg","keywords":["blockade","Faculty of Dramatic Arts","protest","students"],"inLanguage":"en-US"},{"@type":"WebPage","@id":"https:\/\/www.masina.rs\/eng\/students-blockade-the-faculty-of-dramatic-arts-in-belgrade\/","url":"https:\/\/www.masina.rs\/eng\/students-blockade-the-faculty-of-dramatic-arts-in-belgrade\/","name":"Students Blockade the Faculty of Dramatic arts in Belgrade - Ma\u0161ina English","isPartOf":{"@id":"https:\/\/www.masina.rs\/eng\/#website"},"primaryImageOfPage":{"@id":"https:\/\/www.masina.rs\/eng\/students-blockade-the-faculty-of-dramatic-arts-in-belgrade\/#primaryimage"},"image":{"@id":"https:\/\/www.masina.rs\/eng\/students-blockade-the-faculty-of-dramatic-arts-in-belgrade\/#primaryimage"},"thumbnailUrl":"https:\/\/www.masina.rs\/eng\/wp-content\/uploads\/2024\/11\/photo_2024-11-26_14-59-58-2.jpg","datePublished":"2024-11-28T13:49:24+00:00","breadcrumb":{"@id":"https:\/\/www.masina.rs\/eng\/students-blockade-the-faculty-of-dramatic-arts-in-belgrade\/#breadcrumb"},"inLanguage":"en-US","potentialAction":[{"@type":"ReadAction","target":["https:\/\/www.masina.rs\/eng\/students-blockade-the-faculty-of-dramatic-arts-in-belgrade\/"]}]},{"@type":"ImageObject","inLanguage":"en-US","@id":"https:\/\/www.masina.rs\/eng\/students-blockade-the-faculty-of-dramatic-arts-in-belgrade\/#primaryimage","url":"https:\/\/www.masina.rs\/eng\/wp-content\/uploads\/2024\/11\/photo_2024-11-26_14-59-58-2.jpg","contentUrl":"https:\/\/www.masina.rs\/eng\/wp-content\/uploads\/2024\/11\/photo_2024-11-26_14-59-58-2.jpg","width":1280,"height":964,"caption":"Faculty of Drama in Belgrade during blockade; Photo: Ma\u0161ina"},{"@type":"BreadcrumbList","@id":"https:\/\/www.masina.rs\/eng\/students-blockade-the-faculty-of-dramatic-arts-in-belgrade\/#breadcrumb","itemListElement":[{"@type":"ListItem","position":1,"name":"Home","item":"https:\/\/www.masina.rs\/eng\/"},{"@type":"ListItem","position":2,"name":"Students Blockade the Faculty of Dramatic arts in Belgrade"}]},{"@type":"WebSite","@id":"https:\/\/www.masina.rs\/eng\/#website","url":"https:\/\/www.masina.rs\/eng\/","name":"Ma\u0161ina English","description":"Production of Social Critique","publisher":{"@id":"https:\/\/www.masina.rs\/eng\/#organization"},"potentialAction":[{"@type":"SearchAction","target":{"@type":"EntryPoint","urlTemplate":"https:\/\/www.masina.rs\/eng\/?s={search_term_string}"},"query-input":{"@type":"PropertyValueSpecification","valueRequired":true,"valueName":"search_term_string"}}],"inLanguage":"en-US"},{"@type":"Organization","@id":"https:\/\/www.masina.rs\/eng\/#organization","name":"masina.rs","url":"https:\/\/www.masina.rs\/eng\/","logo":{"@type":"ImageObject","inLanguage":"en-US","@id":"https:\/\/www.masina.rs\/eng\/#\/schema\/logo\/image\/","url":"https:\/\/www.masina.rs\/eng\/wp-content\/uploads\/2021\/05\/Masina-header-on-white-1.svg","contentUrl":"https:\/\/www.masina.rs\/eng\/wp-content\/uploads\/2021\/05\/Masina-header-on-white-1.svg","width":850,"height":283,"caption":"masina.rs"},"image":{"@id":"https:\/\/www.masina.rs\/eng\/#\/schema\/logo\/image\/"},"sameAs":["https:\/\/www.facebook.com\/masinars","https:\/\/x.com\/MasinaRS","https:\/\/www.instagram.com\/masina.rs"]},{"@type":"Person","@id":"https:\/\/www.masina.rs\/eng\/#\/schema\/person\/958b9359404b87ce04cd3437b841249a","name":"Ma\u0161ina","image":{"@type":"ImageObject","inLanguage":"en-US","@id":"https:\/\/secure.gravatar.com\/avatar\/714de62ad05798c58e25eca1fcdd8527f1b4886757589aaeee8409f9ffc347e5?s=96&d=mm&r=g712341107c94d7ea0db4b5f0543a82ce","url":"https:\/\/secure.gravatar.com\/avatar\/714de62ad05798c58e25eca1fcdd8527f1b4886757589aaeee8409f9ffc347e5?s=96&d=mm&r=g","contentUrl":"https:\/\/secure.gravatar.com\/avatar\/714de62ad05798c58e25eca1fcdd8527f1b4886757589aaeee8409f9ffc347e5?s=96&d=mm&r=g","caption":"Ma\u0161ina"},"url":"https:\/\/www.masina.rs\/eng\/author\/masina\/"}]}},"_links":{"self":[{"href":"https:\/\/www.masina.rs\/eng\/wp-json\/wp\/v2\/posts\/20181","targetHints":{"allow":["GET"]}}],"collection":[{"href":"https:\/\/www.masina.rs\/eng\/wp-json\/wp\/v2\/posts"}],"about":[{"href":"https:\/\/www.masina.rs\/eng\/wp-json\/wp\/v2\/types\/post"}],"author":[{"embeddable":true,"href":"https:\/\/www.masina.rs\/eng\/wp-json\/wp\/v2\/users\/2"}],"replies":[{"embeddable":true,"href":"https:\/\/www.masina.rs\/eng\/wp-json\/wp\/v2\/comments?post=20181"}],"version-history":[{"count":1,"href":"https:\/\/www.masina.rs\/eng\/wp-json\/wp\/v2\/posts\/20181\/revisions"}],"predecessor-version":[{"id":20184,"href":"https:\/\/www.masina.rs\/eng\/wp-json\/wp\/v2\/posts\/20181\/revisions\/20184"}],"wp:featuredmedia":[{"embeddable":true,"href":"https:\/\/www.masina.rs\/eng\/wp-json\/wp\/v2\/media\/20182"}],"wp:attachment":[{"href":"https:\/\/www.masina.rs\/eng\/wp-json\/wp\/v2\/media?parent=20181"}],"wp:term":[{"taxonomy":"category","embeddable":true,"href":"https:\/\/www.masina.rs\/eng\/wp-json\/wp\/v2\/categories?post=20181"},{"taxonomy":"post_tag","embeddable":true,"href":"https:\/\/www.masina.rs\/eng\/wp-json\/wp\/v2\/tags?post=20181"},{"taxonomy":"form","embeddable":true,"href":"https:\/\/www.masina.rs\/eng\/wp-json\/wp\/v2\/form?post=20181"},{"taxonomy":"concept","embeddable":true,"href":"https:\/\/www.masina.rs\/eng\/wp-json\/wp\/v2\/concept?post=20181"},{"taxonomy":"contents","embeddable":true,"href":"https:\/\/www.masina.rs\/eng\/wp-json\/wp\/v2\/contents?post=20181"},{"taxonomy":"author","embeddable":true,"href":"https:\/\/www.masina.rs\/eng\/wp-json\/wp\/v2\/coauthors?post=20181"}],"curies":[{"name":"wp","href":"https:\/\/api.w.org\/{rel}","templated":true}]}}