{"id":20195,"date":"2024-12-05T10:45:54","date_gmt":"2024-12-05T09:45:54","guid":{"rendered":"https:\/\/www.masina.rs\/eng\/?p=20195"},"modified":"2024-12-05T10:45:54","modified_gmt":"2024-12-05T09:45:54","slug":"provincial-mp-radivoje-jovovic-is-arrested","status":"publish","type":"post","link":"https:\/\/www.masina.rs\/eng\/provincial-mp-radivoje-jovovic-is-arrested\/","title":{"rendered":"Provincial MP Radivoje Jovovi\u0107 is arrested"},"content":{"rendered":"\n<p class=\"has-drop-cap\">The president of the Novi Sad City Board for the political party Movement of Free Citizens (PSG) and provincial MP was arrested last night. His hearing took place this morning, December 5<sup>th<\/sup>.<\/p>\n\n\n\n<p>As announced late last night by the Novi Sad branch of the Movement of Free Citizens, after learning that a warrant had been issued for Jovovi\u0107, they went to the Old Town police station. Jovovi\u0107 voluntarily turned himself in, accompanied by his lawyer. He was arrested and remained in the police station overnight to appear before the prosecutor on the morning of December 5<sup>th<\/sup>.<\/p>\n\n\n\n<p>The provincial MP has been charged with assaulting a public official. The prosecutor has requested a 30-day detention for Jovovi\u0107. The MP has been placed under house arrest for the duration of this period. <\/p>\n\n\n\n<p>Before being arrested, Jovovi\u0107 told <em>Ma\u0161ina<\/em> \u201cEveryone who enters politics under this dictatorial regime must be prepared for the same. Whatever they do to us will only make us stronger. Even from prison, a lot can be accomplished, as long as there are pens and paper.\u201d<\/p>\n\n\n\n<p>Opposition MPs and councilors have openly clashed with police on several occasions in recent weeks. Radivoje Jovovi\u0107, a member of the Assembly of the Autonomous Province of Vojvodina, believes that the presence of opposition leaders on the front lines of these struggles is crucial for building trust amongst the people.<\/p>\n\n\n\n<p>Jovovi\u0107 says that the executive authority\u2014rather than an independent prosecution, which he believes does not exist\u2014persistently arrests young people, aiming to achieve two goals: &#8220;to intimidate the youth and create a rift between the people and the opposition.&#8221;<\/p>\n\n\n\n<p>&#8220;We must not allow them to do that. That\u2019s why the struggle of us MPs and councilors on the front lines is crucial\u2014for building trust and ensuring the safety of the people standing behind us. That\u2019s why we, opposition politicians, must take the most risk, even when it doesn\u2019t align with our instincts and preferences,&#8221; Jovovi\u0107 tells <em>Ma\u0161ina<\/em>.<\/p>\n\n\n\n<p>Jovovi\u0107 wishes we lived in a normal society where debates could focus on topics like electoral system reform and the decentralization of the bureaucracy, \u201cbut we do not live in a normal society.\u201d<\/p>\n\n\n\n<p>\u201cPeople have been killed; we live under a dictatorship of crime and dirty capital. That\u2019s why it\u2019s time for the streets, where everyone must choose whether they are on the side of the people or a mere opportunist,\u201d Jovovi\u0107 emphasized.<\/p>\n\n\n\n<p>During a confrontation with the police at a session of the Novi Sad Assembly, Jovovi\u0107 stood out by directly addressing the officers, urging them to arrest criminals instead of targeting peaceful protesters on behalf of the ruling party. Instead of heeding his advice, the security apparatus has chosen to do more of the same, this time affecting Jovovi\u0107 himself.<\/p>\n\n\n\n<p class=\"has-text-align-right\"><em>I.K.<\/em><\/p>\n","protected":false},"excerpt":{"rendered":"<p>Just yesterday, he told Ma\u0161ina he did not fear such a possibility. <\/p>\n","protected":false},"author":2,"featured_media":20196,"comment_status":"closed","ping_status":"closed","sticky":false,"template":"","format":"standard","meta":{"_acf_changed":false,"footnotes":""},"categories":[1],"tags":[235,322,323],"form":[],"concept":[],"contents":[],"coauthors":[5],"class_list":["post-20195","post","type-post","status-publish","format-standard","has-post-thumbnail","hentry","category-uncategorized","tag-novi-sad","tag-psg","tag-radivoje-jovovic","infinite-scroll-item","generate-columns","tablet-grid-50","mobile-grid-100","grid-parent","grid-25"],"acf":[],"yoast_head":"<!-- This site is optimized with the Yoast SEO plugin v27.5 - https:\/\/yoast.com\/product\/yoast-seo-wordpress\/ -->\n<title>Provincial MP Radivoje Jovovi\u0107 is arrested - Ma\u0161ina English<\/title>\n<meta name=\"robots\" content=\"index, follow, max-snippet:-1, max-image-preview:large, max-video-preview:-1\" \/>\n<link rel=\"canonical\" href=\"https:\/\/www.masina.rs\/eng\/provincial-mp-radivoje-jovovic-is-arrested\/\" \/>\n<meta property=\"og:locale\" content=\"en_US\" \/>\n<meta property=\"og:type\" content=\"article\" \/>\n<meta property=\"og:title\" content=\"Provincial MP Radivoje Jovovi\u0107 is arrested - Ma\u0161ina English\" \/>\n<meta property=\"og:description\" content=\"Just yesterday, he told Ma\u0161ina he did not fear such a possibility.\" \/>\n<meta property=\"og:url\" content=\"https:\/\/www.masina.rs\/eng\/provincial-mp-radivoje-jovovic-is-arrested\/\" \/>\n<meta property=\"og:site_name\" content=\"Ma\u0161ina English\" \/>\n<meta property=\"article:publisher\" content=\"https:\/\/www.facebook.com\/masinars\" \/>\n<meta property=\"article:published_time\" content=\"2024-12-05T09:45:54+00:00\" \/>\n<meta property=\"og:image\" content=\"https:\/\/www.masina.rs\/eng\/wp-content\/uploads\/2024\/12\/radivoje-jovovic.webp\" \/>\n\t<meta property=\"og:image:width\" content=\"1200\" \/>\n\t<meta property=\"og:image:height\" content=\"800\" \/>\n\t<meta property=\"og:image:type\" content=\"image\/webp\" \/>\n<meta name=\"author\" content=\"Ma\u0161ina\" \/>\n<meta name=\"twitter:card\" content=\"summary_large_image\" \/>\n<meta name=\"twitter:creator\" content=\"@MasinaRS\" \/>\n<meta name=\"twitter:site\" content=\"@MasinaRS\" \/>\n<meta name=\"twitter:label1\" content=\"Written by\" \/>\n\t<meta name=\"twitter:data1\" content=\"Ma\u0161ina\" \/>\n\t<meta name=\"twitter:label2\" content=\"Est. reading time\" \/>\n\t<meta name=\"twitter:data2\" content=\"3 minutes\" \/>\n<script type=\"application\/ld+json\" class=\"yoast-schema-graph\">{\"@context\":\"https:\\\/\\\/schema.org\",\"@graph\":[{\"@type\":\"Article\",\"@id\":\"https:\\\/\\\/www.masina.rs\\\/eng\\\/provincial-mp-radivoje-jovovic-is-arrested\\\/#article\",\"isPartOf\":{\"@id\":\"https:\\\/\\\/www.masina.rs\\\/eng\\\/provincial-mp-radivoje-jovovic-is-arrested\\\/\"},\"author\":{\"name\":\"Ma\u0161ina\",\"@id\":\"https:\\\/\\\/www.masina.rs\\\/eng\\\/#\\\/schema\\\/person\\\/958b9359404b87ce04cd3437b841249a\"},\"headline\":\"Provincial MP Radivoje Jovovi\u0107 is arrested\",\"datePublished\":\"2024-12-05T09:45:54+00:00\",\"mainEntityOfPage\":{\"@id\":\"https:\\\/\\\/www.masina.rs\\\/eng\\\/provincial-mp-radivoje-jovovic-is-arrested\\\/\"},\"wordCount\":472,\"publisher\":{\"@id\":\"https:\\\/\\\/www.masina.rs\\\/eng\\\/#organization\"},\"image\":{\"@id\":\"https:\\\/\\\/www.masina.rs\\\/eng\\\/provincial-mp-radivoje-jovovic-is-arrested\\\/#primaryimage\"},\"thumbnailUrl\":\"https:\\\/\\\/www.masina.rs\\\/eng\\\/wp-content\\\/uploads\\\/2024\\\/12\\\/radivoje-jovovic.webp\",\"keywords\":[\"Novi Sad\",\"PSG\",\"Radivoje Jovovi\u0107\"],\"inLanguage\":\"en-US\"},{\"@type\":\"WebPage\",\"@id\":\"https:\\\/\\\/www.masina.rs\\\/eng\\\/provincial-mp-radivoje-jovovic-is-arrested\\\/\",\"url\":\"https:\\\/\\\/www.masina.rs\\\/eng\\\/provincial-mp-radivoje-jovovic-is-arrested\\\/\",\"name\":\"Provincial MP Radivoje Jovovi\u0107 is arrested - Ma\u0161ina English\",\"isPartOf\":{\"@id\":\"https:\\\/\\\/www.masina.rs\\\/eng\\\/#website\"},\"primaryImageOfPage\":{\"@id\":\"https:\\\/\\\/www.masina.rs\\\/eng\\\/provincial-mp-radivoje-jovovic-is-arrested\\\/#primaryimage\"},\"image\":{\"@id\":\"https:\\\/\\\/www.masina.rs\\\/eng\\\/provincial-mp-radivoje-jovovic-is-arrested\\\/#primaryimage\"},\"thumbnailUrl\":\"https:\\\/\\\/www.masina.rs\\\/eng\\\/wp-content\\\/uploads\\\/2024\\\/12\\\/radivoje-jovovic.webp\",\"datePublished\":\"2024-12-05T09:45:54+00:00\",\"breadcrumb\":{\"@id\":\"https:\\\/\\\/www.masina.rs\\\/eng\\\/provincial-mp-radivoje-jovovic-is-arrested\\\/#breadcrumb\"},\"inLanguage\":\"en-US\",\"potentialAction\":[{\"@type\":\"ReadAction\",\"target\":[\"https:\\\/\\\/www.masina.rs\\\/eng\\\/provincial-mp-radivoje-jovovic-is-arrested\\\/\"]}]},{\"@type\":\"ImageObject\",\"inLanguage\":\"en-US\",\"@id\":\"https:\\\/\\\/www.masina.rs\\\/eng\\\/provincial-mp-radivoje-jovovic-is-arrested\\\/#primaryimage\",\"url\":\"https:\\\/\\\/www.masina.rs\\\/eng\\\/wp-content\\\/uploads\\\/2024\\\/12\\\/radivoje-jovovic.webp\",\"contentUrl\":\"https:\\\/\\\/www.masina.rs\\\/eng\\\/wp-content\\\/uploads\\\/2024\\\/12\\\/radivoje-jovovic.webp\",\"width\":1200,\"height\":800,\"caption\":\"Radivoje Jovovi\u0107, Photo: Ma\u0161ina\"},{\"@type\":\"BreadcrumbList\",\"@id\":\"https:\\\/\\\/www.masina.rs\\\/eng\\\/provincial-mp-radivoje-jovovic-is-arrested\\\/#breadcrumb\",\"itemListElement\":[{\"@type\":\"ListItem\",\"position\":1,\"name\":\"Home\",\"item\":\"https:\\\/\\\/www.masina.rs\\\/eng\\\/\"},{\"@type\":\"ListItem\",\"position\":2,\"name\":\"Provincial MP Radivoje Jovovi\u0107 is arrested\"}]},{\"@type\":\"WebSite\",\"@id\":\"https:\\\/\\\/www.masina.rs\\\/eng\\\/#website\",\"url\":\"https:\\\/\\\/www.masina.rs\\\/eng\\\/\",\"name\":\"Ma\u0161ina English\",\"description\":\"Production of Social Critique\",\"publisher\":{\"@id\":\"https:\\\/\\\/www.masina.rs\\\/eng\\\/#organization\"},\"potentialAction\":[{\"@type\":\"SearchAction\",\"target\":{\"@type\":\"EntryPoint\",\"urlTemplate\":\"https:\\\/\\\/www.masina.rs\\\/eng\\\/?s={search_term_string}\"},\"query-input\":{\"@type\":\"PropertyValueSpecification\",\"valueRequired\":true,\"valueName\":\"search_term_string\"}}],\"inLanguage\":\"en-US\"},{\"@type\":\"Organization\",\"@id\":\"https:\\\/\\\/www.masina.rs\\\/eng\\\/#organization\",\"name\":\"masina.rs\",\"url\":\"https:\\\/\\\/www.masina.rs\\\/eng\\\/\",\"logo\":{\"@type\":\"ImageObject\",\"inLanguage\":\"en-US\",\"@id\":\"https:\\\/\\\/www.masina.rs\\\/eng\\\/#\\\/schema\\\/logo\\\/image\\\/\",\"url\":\"https:\\\/\\\/www.masina.rs\\\/eng\\\/wp-content\\\/uploads\\\/2021\\\/05\\\/Masina-header-on-white-1.svg\",\"contentUrl\":\"https:\\\/\\\/www.masina.rs\\\/eng\\\/wp-content\\\/uploads\\\/2021\\\/05\\\/Masina-header-on-white-1.svg\",\"width\":850,\"height\":283,\"caption\":\"masina.rs\"},\"image\":{\"@id\":\"https:\\\/\\\/www.masina.rs\\\/eng\\\/#\\\/schema\\\/logo\\\/image\\\/\"},\"sameAs\":[\"https:\\\/\\\/www.facebook.com\\\/masinars\",\"https:\\\/\\\/x.com\\\/MasinaRS\",\"https:\\\/\\\/www.instagram.com\\\/masina.rs\"]},{\"@type\":\"Person\",\"@id\":\"https:\\\/\\\/www.masina.rs\\\/eng\\\/#\\\/schema\\\/person\\\/958b9359404b87ce04cd3437b841249a\",\"name\":\"Ma\u0161ina\",\"image\":{\"@type\":\"ImageObject\",\"inLanguage\":\"en-US\",\"@id\":\"https:\\\/\\\/secure.gravatar.com\\\/avatar\\\/714de62ad05798c58e25eca1fcdd8527f1b4886757589aaeee8409f9ffc347e5?s=96&d=mm&r=g712341107c94d7ea0db4b5f0543a82ce\",\"url\":\"https:\\\/\\\/secure.gravatar.com\\\/avatar\\\/714de62ad05798c58e25eca1fcdd8527f1b4886757589aaeee8409f9ffc347e5?s=96&d=mm&r=g\",\"contentUrl\":\"https:\\\/\\\/secure.gravatar.com\\\/avatar\\\/714de62ad05798c58e25eca1fcdd8527f1b4886757589aaeee8409f9ffc347e5?s=96&d=mm&r=g\",\"caption\":\"Ma\u0161ina\"},\"url\":\"https:\\\/\\\/www.masina.rs\\\/eng\\\/author\\\/masina\\\/\"}]}<\/script>\n<!-- \/ Yoast SEO plugin. -->","yoast_head_json":{"title":"Provincial MP Radivoje Jovovi\u0107 is arrested - Ma\u0161ina English","robots":{"index":"index","follow":"follow","max-snippet":"max-snippet:-1","max-image-preview":"max-image-preview:large","max-video-preview":"max-video-preview:-1"},"canonical":"https:\/\/www.masina.rs\/eng\/provincial-mp-radivoje-jovovic-is-arrested\/","og_locale":"en_US","og_type":"article","og_title":"Provincial MP Radivoje Jovovi\u0107 is arrested - Ma\u0161ina English","og_description":"Just yesterday, he told Ma\u0161ina he did not fear such a possibility.","og_url":"https:\/\/www.masina.rs\/eng\/provincial-mp-radivoje-jovovic-is-arrested\/","og_site_name":"Ma\u0161ina English","article_publisher":"https:\/\/www.facebook.com\/masinars","article_published_time":"2024-12-05T09:45:54+00:00","og_image":[{"width":1200,"height":800,"url":"https:\/\/www.masina.rs\/eng\/wp-content\/uploads\/2024\/12\/radivoje-jovovic.webp","type":"image\/webp"}],"author":"Ma\u0161ina","twitter_card":"summary_large_image","twitter_creator":"@MasinaRS","twitter_site":"@MasinaRS","twitter_misc":{"Written by":"Ma\u0161ina","Est. reading time":"3 minutes"},"schema":{"@context":"https:\/\/schema.org","@graph":[{"@type":"Article","@id":"https:\/\/www.masina.rs\/eng\/provincial-mp-radivoje-jovovic-is-arrested\/#article","isPartOf":{"@id":"https:\/\/www.masina.rs\/eng\/provincial-mp-radivoje-jovovic-is-arrested\/"},"author":{"name":"Ma\u0161ina","@id":"https:\/\/www.masina.rs\/eng\/#\/schema\/person\/958b9359404b87ce04cd3437b841249a"},"headline":"Provincial MP Radivoje Jovovi\u0107 is arrested","datePublished":"2024-12-05T09:45:54+00:00","mainEntityOfPage":{"@id":"https:\/\/www.masina.rs\/eng\/provincial-mp-radivoje-jovovic-is-arrested\/"},"wordCount":472,"publisher":{"@id":"https:\/\/www.masina.rs\/eng\/#organization"},"image":{"@id":"https:\/\/www.masina.rs\/eng\/provincial-mp-radivoje-jovovic-is-arrested\/#primaryimage"},"thumbnailUrl":"https:\/\/www.masina.rs\/eng\/wp-content\/uploads\/2024\/12\/radivoje-jovovic.webp","keywords":["Novi Sad","PSG","Radivoje Jovovi\u0107"],"inLanguage":"en-US"},{"@type":"WebPage","@id":"https:\/\/www.masina.rs\/eng\/provincial-mp-radivoje-jovovic-is-arrested\/","url":"https:\/\/www.masina.rs\/eng\/provincial-mp-radivoje-jovovic-is-arrested\/","name":"Provincial MP Radivoje Jovovi\u0107 is arrested - Ma\u0161ina English","isPartOf":{"@id":"https:\/\/www.masina.rs\/eng\/#website"},"primaryImageOfPage":{"@id":"https:\/\/www.masina.rs\/eng\/provincial-mp-radivoje-jovovic-is-arrested\/#primaryimage"},"image":{"@id":"https:\/\/www.masina.rs\/eng\/provincial-mp-radivoje-jovovic-is-arrested\/#primaryimage"},"thumbnailUrl":"https:\/\/www.masina.rs\/eng\/wp-content\/uploads\/2024\/12\/radivoje-jovovic.webp","datePublished":"2024-12-05T09:45:54+00:00","breadcrumb":{"@id":"https:\/\/www.masina.rs\/eng\/provincial-mp-radivoje-jovovic-is-arrested\/#breadcrumb"},"inLanguage":"en-US","potentialAction":[{"@type":"ReadAction","target":["https:\/\/www.masina.rs\/eng\/provincial-mp-radivoje-jovovic-is-arrested\/"]}]},{"@type":"ImageObject","inLanguage":"en-US","@id":"https:\/\/www.masina.rs\/eng\/provincial-mp-radivoje-jovovic-is-arrested\/#primaryimage","url":"https:\/\/www.masina.rs\/eng\/wp-content\/uploads\/2024\/12\/radivoje-jovovic.webp","contentUrl":"https:\/\/www.masina.rs\/eng\/wp-content\/uploads\/2024\/12\/radivoje-jovovic.webp","width":1200,"height":800,"caption":"Radivoje Jovovi\u0107, Photo: Ma\u0161ina"},{"@type":"BreadcrumbList","@id":"https:\/\/www.masina.rs\/eng\/provincial-mp-radivoje-jovovic-is-arrested\/#breadcrumb","itemListElement":[{"@type":"ListItem","position":1,"name":"Home","item":"https:\/\/www.masina.rs\/eng\/"},{"@type":"ListItem","position":2,"name":"Provincial MP Radivoje Jovovi\u0107 is arrested"}]},{"@type":"WebSite","@id":"https:\/\/www.masina.rs\/eng\/#website","url":"https:\/\/www.masina.rs\/eng\/","name":"Ma\u0161ina English","description":"Production of Social Critique","publisher":{"@id":"https:\/\/www.masina.rs\/eng\/#organization"},"potentialAction":[{"@type":"SearchAction","target":{"@type":"EntryPoint","urlTemplate":"https:\/\/www.masina.rs\/eng\/?s={search_term_string}"},"query-input":{"@type":"PropertyValueSpecification","valueRequired":true,"valueName":"search_term_string"}}],"inLanguage":"en-US"},{"@type":"Organization","@id":"https:\/\/www.masina.rs\/eng\/#organization","name":"masina.rs","url":"https:\/\/www.masina.rs\/eng\/","logo":{"@type":"ImageObject","inLanguage":"en-US","@id":"https:\/\/www.masina.rs\/eng\/#\/schema\/logo\/image\/","url":"https:\/\/www.masina.rs\/eng\/wp-content\/uploads\/2021\/05\/Masina-header-on-white-1.svg","contentUrl":"https:\/\/www.masina.rs\/eng\/wp-content\/uploads\/2021\/05\/Masina-header-on-white-1.svg","width":850,"height":283,"caption":"masina.rs"},"image":{"@id":"https:\/\/www.masina.rs\/eng\/#\/schema\/logo\/image\/"},"sameAs":["https:\/\/www.facebook.com\/masinars","https:\/\/x.com\/MasinaRS","https:\/\/www.instagram.com\/masina.rs"]},{"@type":"Person","@id":"https:\/\/www.masina.rs\/eng\/#\/schema\/person\/958b9359404b87ce04cd3437b841249a","name":"Ma\u0161ina","image":{"@type":"ImageObject","inLanguage":"en-US","@id":"https:\/\/secure.gravatar.com\/avatar\/714de62ad05798c58e25eca1fcdd8527f1b4886757589aaeee8409f9ffc347e5?s=96&d=mm&r=g712341107c94d7ea0db4b5f0543a82ce","url":"https:\/\/secure.gravatar.com\/avatar\/714de62ad05798c58e25eca1fcdd8527f1b4886757589aaeee8409f9ffc347e5?s=96&d=mm&r=g","contentUrl":"https:\/\/secure.gravatar.com\/avatar\/714de62ad05798c58e25eca1fcdd8527f1b4886757589aaeee8409f9ffc347e5?s=96&d=mm&r=g","caption":"Ma\u0161ina"},"url":"https:\/\/www.masina.rs\/eng\/author\/masina\/"}]}},"_links":{"self":[{"href":"https:\/\/www.masina.rs\/eng\/wp-json\/wp\/v2\/posts\/20195","targetHints":{"allow":["GET"]}}],"collection":[{"href":"https:\/\/www.masina.rs\/eng\/wp-json\/wp\/v2\/posts"}],"about":[{"href":"https:\/\/www.masina.rs\/eng\/wp-json\/wp\/v2\/types\/post"}],"author":[{"embeddable":true,"href":"https:\/\/www.masina.rs\/eng\/wp-json\/wp\/v2\/users\/2"}],"replies":[{"embeddable":true,"href":"https:\/\/www.masina.rs\/eng\/wp-json\/wp\/v2\/comments?post=20195"}],"version-history":[{"count":3,"href":"https:\/\/www.masina.rs\/eng\/wp-json\/wp\/v2\/posts\/20195\/revisions"}],"predecessor-version":[{"id":20199,"href":"https:\/\/www.masina.rs\/eng\/wp-json\/wp\/v2\/posts\/20195\/revisions\/20199"}],"wp:featuredmedia":[{"embeddable":true,"href":"https:\/\/www.masina.rs\/eng\/wp-json\/wp\/v2\/media\/20196"}],"wp:attachment":[{"href":"https:\/\/www.masina.rs\/eng\/wp-json\/wp\/v2\/media?parent=20195"}],"wp:term":[{"taxonomy":"category","embeddable":true,"href":"https:\/\/www.masina.rs\/eng\/wp-json\/wp\/v2\/categories?post=20195"},{"taxonomy":"post_tag","embeddable":true,"href":"https:\/\/www.masina.rs\/eng\/wp-json\/wp\/v2\/tags?post=20195"},{"taxonomy":"form","embeddable":true,"href":"https:\/\/www.masina.rs\/eng\/wp-json\/wp\/v2\/form?post=20195"},{"taxonomy":"concept","embeddable":true,"href":"https:\/\/www.masina.rs\/eng\/wp-json\/wp\/v2\/concept?post=20195"},{"taxonomy":"contents","embeddable":true,"href":"https:\/\/www.masina.rs\/eng\/wp-json\/wp\/v2\/contents?post=20195"},{"taxonomy":"author","embeddable":true,"href":"https:\/\/www.masina.rs\/eng\/wp-json\/wp\/v2\/coauthors?post=20195"}],"curies":[{"name":"wp","href":"https:\/\/api.w.org\/{rel}","templated":true}]}}