{"id":20307,"date":"2025-05-20T10:44:42","date_gmt":"2025-05-20T09:44:42","guid":{"rendered":"https:\/\/www.masina.rs\/eng\/?p=20307"},"modified":"2025-05-20T10:44:44","modified_gmt":"2025-05-20T09:44:44","slug":"court-in-novi-sad-still-blockaded-marija-vasic-in-prison-hospital-on-iv-fluids","status":"publish","type":"post","link":"https:\/\/www.masina.rs\/eng\/court-in-novi-sad-still-blockaded-marija-vasic-in-prison-hospital-on-iv-fluids\/","title":{"rendered":"Court in Novi Sad Still Blockaded, Marija Vasi\u0107 in Prison Hospital on IV Fluids"},"content":{"rendered":"\n<p class=\"has-drop-cap\">The son of detained professor and activist Marija Vasi\u0107, Milan \u010canak, told <em>Ma\u0161ina<\/em> that no one from the main prison hospital in Belgrade is responding to the family\u2019s inquiries, stating that \u201cthey are silent and pretend to be dead because they are ashamed of their own existence.\u201d<\/p>\n\n\n\n<p>Last Tuesday, Marija Vasi\u0107 \u2013 one of six activists who have been detained for over two months in Novi Sad\u2019s Klisa prison \u2013 began a hunger and thirst strike. Two days later, due to her deteriorating health, she was transferred to the prison hospital in Belgrade. According to her son Milan \u010canak, neither the family nor her lawyers have received any information about her condition since then.<\/p>\n\n\n\n<p>\u201cSince Thursday, when we found out on our own that she is in the hospital at the central prison, we have received absolutely zero information about her. Zero. Nothing,\u201d \u010canak told <em>Ma\u0161ina<\/em>.<\/p>\n\n\n\n<p>He added that no one at the prison hospital is responding, that they remain silent and \u201cpretend to be dead because they are ashamed of their own existence.\u201d He also thanked everyone who came to the courthouse in Novi Sad, which has been blockaded by citizens for six days.<\/p>\n\n\n\n<h2 class=\"wp-block-heading\">IV Fluids and Electrolytes in Prison Hospital<\/h2>\n\n\n\n<p>Portal 021 reported that the Directorate for the Execution of Criminal Sanctions told them Marija Vasi\u0107\u2019s health is being monitored and that all vital parameters have been tracked since she began her hunger strike. She is reportedly \u201creceiving fluid, food, and electrolytes through IV infusion.\u201d<\/p>\n\n\n\n<p>According to 021, the Directorate stated that on the same day Vasi\u0107 was admitted to the prison hospital, they informed the public she was in stable condition and placed on IV fluids, through which she is receiving hydration, electrolytes, and vitamin support \u2013 treatment she had refused while in pre-trial detention at the Novi Sad District Prison unit.<\/p>\n\n\n\n<figure class=\"wp-block-image size-large\"><a href=\"https:\/\/www.masina.rs\/eng\/wp-content\/uploads\/2025\/05\/photo_2025-05-16_19-17-07.jpg\"><img loading=\"lazy\" decoding=\"async\" width=\"1024\" height=\"768\" src=\"https:\/\/www.masina.rs\/eng\/wp-content\/uploads\/2025\/05\/photo_2025-05-16_19-17-07-1024x768.jpg\" alt=\"\" class=\"wp-image-20309\" srcset=\"https:\/\/www.masina.rs\/eng\/wp-content\/uploads\/2025\/05\/photo_2025-05-16_19-17-07-1024x768.jpg 1024w, https:\/\/www.masina.rs\/eng\/wp-content\/uploads\/2025\/05\/photo_2025-05-16_19-17-07-300x225.jpg 300w, https:\/\/www.masina.rs\/eng\/wp-content\/uploads\/2025\/05\/photo_2025-05-16_19-17-07-768x576.jpg 768w, https:\/\/www.masina.rs\/eng\/wp-content\/uploads\/2025\/05\/photo_2025-05-16_19-17-07.jpg 1280w\" sizes=\"auto, (max-width: 1024px) 100vw, 1024px\" \/><\/a><figcaption class=\"wp-element-caption\">Protest in front of the Central prison in Belgrade; Photo: Ma\u0161ina<\/figcaption><\/figure>\n\n\n\n<h2 class=\"wp-block-heading\">A Call to Judges<\/h2>\n\n\n\n<p>Provincial MP and president of the Novi Sad chapter of the Movement of Free Citizens \u2013 of which Marija Vasi\u0107 and most of the detained activists are members \u2013 Radivoje Jovovi\u0107 told <em>Ma\u0161ina<\/em> that the invitation remains open for all court employees working on the case to enter the building through the main entrance and act on the defense\u2019s appeals. Today, the defense&#8217;s appeal was accepted and will now be officially considered by the court. The defense is requesting house arrest for the imprisoned activists.<\/p>\n\n\n\n<p>\u201cWe received information that some cases were transferred to the misdemeanor court in Novi Sad and that judges there can also formally and legally hold sessions and make decisions on the appeals. The essential point here is that the deadline has already passed and this case must be resolved urgently. We are simply calling on the judges \u2013 all employees \u2013 to do their jobs. Nothing more. We are blockading this court nonviolently, demanding that they finally do their jobs,\u201d Jovovi\u0107 said.<\/p>\n\n\n\n<p>Organizers announced that court employees would be allowed to enter the building until 11 a.m., after which the blockade will continue. After entering the building this morning, court employees left en masse before 10:30 a.m.<\/p>\n\n\n\n<figure class=\"wp-block-embed is-type-video is-provider-youtube wp-block-embed-youtube wp-embed-aspect-16-9 wp-has-aspect-ratio\"><div class=\"wp-block-embed__wrapper\">\n<div class=\"container-lazyload preview-lazyload container-youtube js-lazyload--not-loaded\"><a href=\"https:\/\/www.youtube.com\/shorts\/8z9Is571W20\" class=\"lazy-load-youtube preview-lazyload preview-youtube\" data-video-title=\"Sin Marije Vasi\u0107 za Ma\u0161inu ispred suda u Novom Sadu\" title=\"Play video &quot;Sin Marije Vasi\u0107 za Ma\u0161inu ispred suda u Novom Sadu&quot;\">https:\/\/www.youtube.com\/shorts\/8z9Is571W20<\/a><noscript>Video can&#8217;t be loaded because JavaScript is disabled: <a href=\"https:\/\/www.youtube.com\/shorts\/8z9Is571W20\" title=\"Sin Marije Vasi\u0107 za Ma\u0161inu ispred suda u Novom Sadu\">Sin Marije Vasi\u0107 za Ma\u0161inu ispred suda u Novom Sadu (https:\/\/www.youtube.com\/shorts\/8z9Is571W20)<\/a><\/noscript><\/div>\n<\/div><\/figure>\n\n\n\n<h2 class=\"wp-block-heading\">\u201cWe Are Persistent, We Are Staying in Front of the Court\u201d<\/h2>\n\n\n\n<p>The call to action was echoed yesterday by Marija Srdi\u0107 of the Feminist Anti-Fascist Network (FAMa).<\/p>\n\n\n\n<p>\u201cWe expected the judicial institutions to respond today and that we would receive information both about Marija\u2019s condition and the appeals filed by the lawyers so that our comrades could be released,\u201d said Srdi\u0107. She added that she hopes the judicial institutions will show understanding and allow the detainees to defend their freedom in whatever way is possible under the current circumstances.<\/p>\n\n\n\n<p>\u201cIt\u2019s important to emphasize that we are persistent in this demand and that we will remain in front of the court,\u201d she told <em>Ma\u0161ina<\/em>.<\/p>\n\n\n\n<h2 class=\"wp-block-heading\">\u201cWe Are Defending Our Freedom\u201d<\/h2>\n\n\n\n<p>National Assembly member from the Green-Left Front, Natalija Stojmenovi\u0107, told <em>Ma\u0161ina<\/em> that these events could pave the way for any dissent against the Serbian Progressive Party to be criminalized and that anyone could be the next \u201cLazar, Marija, Mladen, Sr\u0111an, or any of the others.\u201d<\/p>\n\n\n\n<p>\u201cI believe it\u2019s crucial to understand that today they are in detention, but tomorrow any one of us could be. Anyone who has criticized the Serbian Progressive Party or its actions in any way over the past thirteen years. So, it\u2019s not just about defending their freedom \u2013 we are defending our own freedom, the freedom to have a say and to express how we think the state should look. Otherwise, I fear that any conversation we have could lead to us being imprisoned for more than sixty days,\u201d said Stojmenovi\u0107.<\/p>\n\n\n\n<p>To recall, activists from the Movement of Free Citizens and the organization STAV were detained in mid-March, ahead of a major student protest in Belgrade. An audio recording of a conversation they had \u2013 which was aired on national television before their arrest \u2013 was used as alleged evidence of their attempt to overthrow the constitutional order. In addition to the six detained, six more activists currently outside the country are also being charged with the same offense.<\/p>\n\n\n\n<p class=\"has-text-align-right\"><em>A.M., M.M.<\/em><\/p>\n","protected":false},"excerpt":{"rendered":"<p>Today, the defense\u2019s appeal to free the six imprisoned activists was officially accepted by the court and will now be considered. Organizers gave court employees unimpeded access to enter the building until 11 a.m. to perform their duties, but employees were ordered by superiors to exit the building by 10:30 a.m.<\/p>\n","protected":false},"author":2,"featured_media":20308,"comment_status":"closed","ping_status":"closed","sticky":false,"template":"","format":"standard","meta":{"_acf_changed":false,"footnotes":""},"categories":[1],"tags":[235,18],"form":[71],"concept":[188],"contents":[],"coauthors":[5],"class_list":["post-20307","post","type-post","status-publish","format-standard","has-post-thumbnail","hentry","category-uncategorized","tag-novi-sad","tag-protest","form-news","concept-society","infinite-scroll-item","generate-columns","tablet-grid-50","mobile-grid-100","grid-parent","grid-25"],"acf":[],"yoast_head":"<!-- This site is optimized with the Yoast SEO plugin v27.5 - https:\/\/yoast.com\/product\/yoast-seo-wordpress\/ -->\n<title>Court in Novi Sad Still Blockaded, Marija Vasi\u0107 in Prison Hospital on IV Fluids - Ma\u0161ina English<\/title>\n<meta name=\"robots\" content=\"index, follow, max-snippet:-1, max-image-preview:large, max-video-preview:-1\" \/>\n<link rel=\"canonical\" href=\"https:\/\/www.masina.rs\/eng\/court-in-novi-sad-still-blockaded-marija-vasic-in-prison-hospital-on-iv-fluids\/\" \/>\n<meta property=\"og:locale\" content=\"en_US\" \/>\n<meta property=\"og:type\" content=\"article\" \/>\n<meta property=\"og:title\" content=\"Court in Novi Sad Still Blockaded, Marija Vasi\u0107 in Prison Hospital on IV Fluids - Ma\u0161ina English\" \/>\n<meta property=\"og:description\" content=\"Today, the defense\u2019s appeal to free the six imprisoned activists was officially accepted by the court and will now be considered. Organizers gave court employees unimpeded access to enter the building until 11 a.m. to perform their duties, but employees were ordered by superiors to exit the building by 10:30 a.m.\" \/>\n<meta property=\"og:url\" content=\"https:\/\/www.masina.rs\/eng\/court-in-novi-sad-still-blockaded-marija-vasic-in-prison-hospital-on-iv-fluids\/\" \/>\n<meta property=\"og:site_name\" content=\"Ma\u0161ina English\" \/>\n<meta property=\"article:publisher\" content=\"https:\/\/www.facebook.com\/masinars\" \/>\n<meta property=\"article:published_time\" content=\"2025-05-20T09:44:42+00:00\" \/>\n<meta property=\"article:modified_time\" content=\"2025-05-20T09:44:44+00:00\" \/>\n<meta property=\"og:image\" content=\"https:\/\/www.masina.rs\/eng\/wp-content\/uploads\/2025\/05\/photo_2025-05-15_20-51-36.jpg\" \/>\n\t<meta property=\"og:image:width\" content=\"1280\" \/>\n\t<meta property=\"og:image:height\" content=\"960\" \/>\n\t<meta property=\"og:image:type\" content=\"image\/jpeg\" \/>\n<meta name=\"author\" content=\"Ma\u0161ina\" \/>\n<meta name=\"twitter:card\" content=\"summary_large_image\" \/>\n<meta name=\"twitter:creator\" content=\"@MasinaRS\" \/>\n<meta name=\"twitter:site\" content=\"@MasinaRS\" \/>\n<meta name=\"twitter:label1\" content=\"Written by\" \/>\n\t<meta name=\"twitter:data1\" content=\"Ma\u0161ina\" \/>\n\t<meta name=\"twitter:label2\" content=\"Est. reading time\" \/>\n\t<meta name=\"twitter:data2\" content=\"5 minutes\" \/>\n<script type=\"application\/ld+json\" class=\"yoast-schema-graph\">{\"@context\":\"https:\\\/\\\/schema.org\",\"@graph\":[{\"@type\":\"Article\",\"@id\":\"https:\\\/\\\/www.masina.rs\\\/eng\\\/court-in-novi-sad-still-blockaded-marija-vasic-in-prison-hospital-on-iv-fluids\\\/#article\",\"isPartOf\":{\"@id\":\"https:\\\/\\\/www.masina.rs\\\/eng\\\/court-in-novi-sad-still-blockaded-marija-vasic-in-prison-hospital-on-iv-fluids\\\/\"},\"author\":{\"name\":\"Ma\u0161ina\",\"@id\":\"https:\\\/\\\/www.masina.rs\\\/eng\\\/#\\\/schema\\\/person\\\/958b9359404b87ce04cd3437b841249a\"},\"headline\":\"Court in Novi Sad Still Blockaded, Marija Vasi\u0107 in Prison Hospital on IV Fluids\",\"datePublished\":\"2025-05-20T09:44:42+00:00\",\"dateModified\":\"2025-05-20T09:44:44+00:00\",\"mainEntityOfPage\":{\"@id\":\"https:\\\/\\\/www.masina.rs\\\/eng\\\/court-in-novi-sad-still-blockaded-marija-vasic-in-prison-hospital-on-iv-fluids\\\/\"},\"wordCount\":884,\"publisher\":{\"@id\":\"https:\\\/\\\/www.masina.rs\\\/eng\\\/#organization\"},\"image\":{\"@id\":\"https:\\\/\\\/www.masina.rs\\\/eng\\\/court-in-novi-sad-still-blockaded-marija-vasic-in-prison-hospital-on-iv-fluids\\\/#primaryimage\"},\"thumbnailUrl\":\"https:\\\/\\\/www.masina.rs\\\/eng\\\/wp-content\\\/uploads\\\/2025\\\/05\\\/photo_2025-05-15_20-51-36.jpg\",\"keywords\":[\"Novi Sad\",\"protest\"],\"inLanguage\":\"en-US\"},{\"@type\":\"WebPage\",\"@id\":\"https:\\\/\\\/www.masina.rs\\\/eng\\\/court-in-novi-sad-still-blockaded-marija-vasic-in-prison-hospital-on-iv-fluids\\\/\",\"url\":\"https:\\\/\\\/www.masina.rs\\\/eng\\\/court-in-novi-sad-still-blockaded-marija-vasic-in-prison-hospital-on-iv-fluids\\\/\",\"name\":\"Court in Novi Sad Still Blockaded, Marija Vasi\u0107 in Prison Hospital on IV Fluids - Ma\u0161ina English\",\"isPartOf\":{\"@id\":\"https:\\\/\\\/www.masina.rs\\\/eng\\\/#website\"},\"primaryImageOfPage\":{\"@id\":\"https:\\\/\\\/www.masina.rs\\\/eng\\\/court-in-novi-sad-still-blockaded-marija-vasic-in-prison-hospital-on-iv-fluids\\\/#primaryimage\"},\"image\":{\"@id\":\"https:\\\/\\\/www.masina.rs\\\/eng\\\/court-in-novi-sad-still-blockaded-marija-vasic-in-prison-hospital-on-iv-fluids\\\/#primaryimage\"},\"thumbnailUrl\":\"https:\\\/\\\/www.masina.rs\\\/eng\\\/wp-content\\\/uploads\\\/2025\\\/05\\\/photo_2025-05-15_20-51-36.jpg\",\"datePublished\":\"2025-05-20T09:44:42+00:00\",\"dateModified\":\"2025-05-20T09:44:44+00:00\",\"breadcrumb\":{\"@id\":\"https:\\\/\\\/www.masina.rs\\\/eng\\\/court-in-novi-sad-still-blockaded-marija-vasic-in-prison-hospital-on-iv-fluids\\\/#breadcrumb\"},\"inLanguage\":\"en-US\",\"potentialAction\":[{\"@type\":\"ReadAction\",\"target\":[\"https:\\\/\\\/www.masina.rs\\\/eng\\\/court-in-novi-sad-still-blockaded-marija-vasic-in-prison-hospital-on-iv-fluids\\\/\"]}]},{\"@type\":\"ImageObject\",\"inLanguage\":\"en-US\",\"@id\":\"https:\\\/\\\/www.masina.rs\\\/eng\\\/court-in-novi-sad-still-blockaded-marija-vasic-in-prison-hospital-on-iv-fluids\\\/#primaryimage\",\"url\":\"https:\\\/\\\/www.masina.rs\\\/eng\\\/wp-content\\\/uploads\\\/2025\\\/05\\\/photo_2025-05-15_20-51-36.jpg\",\"contentUrl\":\"https:\\\/\\\/www.masina.rs\\\/eng\\\/wp-content\\\/uploads\\\/2025\\\/05\\\/photo_2025-05-15_20-51-36.jpg\",\"width\":1280,\"height\":960,\"caption\":\"Blockade of the court building in Novi Sad; Photo: Ma\u0161ina\"},{\"@type\":\"BreadcrumbList\",\"@id\":\"https:\\\/\\\/www.masina.rs\\\/eng\\\/court-in-novi-sad-still-blockaded-marija-vasic-in-prison-hospital-on-iv-fluids\\\/#breadcrumb\",\"itemListElement\":[{\"@type\":\"ListItem\",\"position\":1,\"name\":\"Home\",\"item\":\"https:\\\/\\\/www.masina.rs\\\/eng\\\/\"},{\"@type\":\"ListItem\",\"position\":2,\"name\":\"Court in Novi Sad Still Blockaded, Marija Vasi\u0107 in Prison Hospital on IV Fluids\"}]},{\"@type\":\"WebSite\",\"@id\":\"https:\\\/\\\/www.masina.rs\\\/eng\\\/#website\",\"url\":\"https:\\\/\\\/www.masina.rs\\\/eng\\\/\",\"name\":\"Ma\u0161ina English\",\"description\":\"Production of Social Critique\",\"publisher\":{\"@id\":\"https:\\\/\\\/www.masina.rs\\\/eng\\\/#organization\"},\"potentialAction\":[{\"@type\":\"SearchAction\",\"target\":{\"@type\":\"EntryPoint\",\"urlTemplate\":\"https:\\\/\\\/www.masina.rs\\\/eng\\\/?s={search_term_string}\"},\"query-input\":{\"@type\":\"PropertyValueSpecification\",\"valueRequired\":true,\"valueName\":\"search_term_string\"}}],\"inLanguage\":\"en-US\"},{\"@type\":\"Organization\",\"@id\":\"https:\\\/\\\/www.masina.rs\\\/eng\\\/#organization\",\"name\":\"masina.rs\",\"url\":\"https:\\\/\\\/www.masina.rs\\\/eng\\\/\",\"logo\":{\"@type\":\"ImageObject\",\"inLanguage\":\"en-US\",\"@id\":\"https:\\\/\\\/www.masina.rs\\\/eng\\\/#\\\/schema\\\/logo\\\/image\\\/\",\"url\":\"https:\\\/\\\/www.masina.rs\\\/eng\\\/wp-content\\\/uploads\\\/2021\\\/05\\\/Masina-header-on-white-1.svg\",\"contentUrl\":\"https:\\\/\\\/www.masina.rs\\\/eng\\\/wp-content\\\/uploads\\\/2021\\\/05\\\/Masina-header-on-white-1.svg\",\"width\":850,\"height\":283,\"caption\":\"masina.rs\"},\"image\":{\"@id\":\"https:\\\/\\\/www.masina.rs\\\/eng\\\/#\\\/schema\\\/logo\\\/image\\\/\"},\"sameAs\":[\"https:\\\/\\\/www.facebook.com\\\/masinars\",\"https:\\\/\\\/x.com\\\/MasinaRS\",\"https:\\\/\\\/www.instagram.com\\\/masina.rs\"]},{\"@type\":\"Person\",\"@id\":\"https:\\\/\\\/www.masina.rs\\\/eng\\\/#\\\/schema\\\/person\\\/958b9359404b87ce04cd3437b841249a\",\"name\":\"Ma\u0161ina\",\"image\":{\"@type\":\"ImageObject\",\"inLanguage\":\"en-US\",\"@id\":\"https:\\\/\\\/secure.gravatar.com\\\/avatar\\\/714de62ad05798c58e25eca1fcdd8527f1b4886757589aaeee8409f9ffc347e5?s=96&d=mm&r=g712341107c94d7ea0db4b5f0543a82ce\",\"url\":\"https:\\\/\\\/secure.gravatar.com\\\/avatar\\\/714de62ad05798c58e25eca1fcdd8527f1b4886757589aaeee8409f9ffc347e5?s=96&d=mm&r=g\",\"contentUrl\":\"https:\\\/\\\/secure.gravatar.com\\\/avatar\\\/714de62ad05798c58e25eca1fcdd8527f1b4886757589aaeee8409f9ffc347e5?s=96&d=mm&r=g\",\"caption\":\"Ma\u0161ina\"},\"url\":\"https:\\\/\\\/www.masina.rs\\\/eng\\\/author\\\/masina\\\/\"}]}<\/script>\n<!-- \/ Yoast SEO plugin. -->","yoast_head_json":{"title":"Court in Novi Sad Still Blockaded, Marija Vasi\u0107 in Prison Hospital on IV Fluids - Ma\u0161ina English","robots":{"index":"index","follow":"follow","max-snippet":"max-snippet:-1","max-image-preview":"max-image-preview:large","max-video-preview":"max-video-preview:-1"},"canonical":"https:\/\/www.masina.rs\/eng\/court-in-novi-sad-still-blockaded-marija-vasic-in-prison-hospital-on-iv-fluids\/","og_locale":"en_US","og_type":"article","og_title":"Court in Novi Sad Still Blockaded, Marija Vasi\u0107 in Prison Hospital on IV Fluids - Ma\u0161ina English","og_description":"Today, the defense\u2019s appeal to free the six imprisoned activists was officially accepted by the court and will now be considered. Organizers gave court employees unimpeded access to enter the building until 11 a.m. to perform their duties, but employees were ordered by superiors to exit the building by 10:30 a.m.","og_url":"https:\/\/www.masina.rs\/eng\/court-in-novi-sad-still-blockaded-marija-vasic-in-prison-hospital-on-iv-fluids\/","og_site_name":"Ma\u0161ina English","article_publisher":"https:\/\/www.facebook.com\/masinars","article_published_time":"2025-05-20T09:44:42+00:00","article_modified_time":"2025-05-20T09:44:44+00:00","og_image":[{"width":1280,"height":960,"url":"https:\/\/www.masina.rs\/eng\/wp-content\/uploads\/2025\/05\/photo_2025-05-15_20-51-36.jpg","type":"image\/jpeg"}],"author":"Ma\u0161ina","twitter_card":"summary_large_image","twitter_creator":"@MasinaRS","twitter_site":"@MasinaRS","twitter_misc":{"Written by":"Ma\u0161ina","Est. reading time":"5 minutes"},"schema":{"@context":"https:\/\/schema.org","@graph":[{"@type":"Article","@id":"https:\/\/www.masina.rs\/eng\/court-in-novi-sad-still-blockaded-marija-vasic-in-prison-hospital-on-iv-fluids\/#article","isPartOf":{"@id":"https:\/\/www.masina.rs\/eng\/court-in-novi-sad-still-blockaded-marija-vasic-in-prison-hospital-on-iv-fluids\/"},"author":{"name":"Ma\u0161ina","@id":"https:\/\/www.masina.rs\/eng\/#\/schema\/person\/958b9359404b87ce04cd3437b841249a"},"headline":"Court in Novi Sad Still Blockaded, Marija Vasi\u0107 in Prison Hospital on IV Fluids","datePublished":"2025-05-20T09:44:42+00:00","dateModified":"2025-05-20T09:44:44+00:00","mainEntityOfPage":{"@id":"https:\/\/www.masina.rs\/eng\/court-in-novi-sad-still-blockaded-marija-vasic-in-prison-hospital-on-iv-fluids\/"},"wordCount":884,"publisher":{"@id":"https:\/\/www.masina.rs\/eng\/#organization"},"image":{"@id":"https:\/\/www.masina.rs\/eng\/court-in-novi-sad-still-blockaded-marija-vasic-in-prison-hospital-on-iv-fluids\/#primaryimage"},"thumbnailUrl":"https:\/\/www.masina.rs\/eng\/wp-content\/uploads\/2025\/05\/photo_2025-05-15_20-51-36.jpg","keywords":["Novi Sad","protest"],"inLanguage":"en-US"},{"@type":"WebPage","@id":"https:\/\/www.masina.rs\/eng\/court-in-novi-sad-still-blockaded-marija-vasic-in-prison-hospital-on-iv-fluids\/","url":"https:\/\/www.masina.rs\/eng\/court-in-novi-sad-still-blockaded-marija-vasic-in-prison-hospital-on-iv-fluids\/","name":"Court in Novi Sad Still Blockaded, Marija Vasi\u0107 in Prison Hospital on IV Fluids - Ma\u0161ina English","isPartOf":{"@id":"https:\/\/www.masina.rs\/eng\/#website"},"primaryImageOfPage":{"@id":"https:\/\/www.masina.rs\/eng\/court-in-novi-sad-still-blockaded-marija-vasic-in-prison-hospital-on-iv-fluids\/#primaryimage"},"image":{"@id":"https:\/\/www.masina.rs\/eng\/court-in-novi-sad-still-blockaded-marija-vasic-in-prison-hospital-on-iv-fluids\/#primaryimage"},"thumbnailUrl":"https:\/\/www.masina.rs\/eng\/wp-content\/uploads\/2025\/05\/photo_2025-05-15_20-51-36.jpg","datePublished":"2025-05-20T09:44:42+00:00","dateModified":"2025-05-20T09:44:44+00:00","breadcrumb":{"@id":"https:\/\/www.masina.rs\/eng\/court-in-novi-sad-still-blockaded-marija-vasic-in-prison-hospital-on-iv-fluids\/#breadcrumb"},"inLanguage":"en-US","potentialAction":[{"@type":"ReadAction","target":["https:\/\/www.masina.rs\/eng\/court-in-novi-sad-still-blockaded-marija-vasic-in-prison-hospital-on-iv-fluids\/"]}]},{"@type":"ImageObject","inLanguage":"en-US","@id":"https:\/\/www.masina.rs\/eng\/court-in-novi-sad-still-blockaded-marija-vasic-in-prison-hospital-on-iv-fluids\/#primaryimage","url":"https:\/\/www.masina.rs\/eng\/wp-content\/uploads\/2025\/05\/photo_2025-05-15_20-51-36.jpg","contentUrl":"https:\/\/www.masina.rs\/eng\/wp-content\/uploads\/2025\/05\/photo_2025-05-15_20-51-36.jpg","width":1280,"height":960,"caption":"Blockade of the court building in Novi Sad; Photo: Ma\u0161ina"},{"@type":"BreadcrumbList","@id":"https:\/\/www.masina.rs\/eng\/court-in-novi-sad-still-blockaded-marija-vasic-in-prison-hospital-on-iv-fluids\/#breadcrumb","itemListElement":[{"@type":"ListItem","position":1,"name":"Home","item":"https:\/\/www.masina.rs\/eng\/"},{"@type":"ListItem","position":2,"name":"Court in Novi Sad Still Blockaded, Marija Vasi\u0107 in Prison Hospital on IV Fluids"}]},{"@type":"WebSite","@id":"https:\/\/www.masina.rs\/eng\/#website","url":"https:\/\/www.masina.rs\/eng\/","name":"Ma\u0161ina English","description":"Production of Social Critique","publisher":{"@id":"https:\/\/www.masina.rs\/eng\/#organization"},"potentialAction":[{"@type":"SearchAction","target":{"@type":"EntryPoint","urlTemplate":"https:\/\/www.masina.rs\/eng\/?s={search_term_string}"},"query-input":{"@type":"PropertyValueSpecification","valueRequired":true,"valueName":"search_term_string"}}],"inLanguage":"en-US"},{"@type":"Organization","@id":"https:\/\/www.masina.rs\/eng\/#organization","name":"masina.rs","url":"https:\/\/www.masina.rs\/eng\/","logo":{"@type":"ImageObject","inLanguage":"en-US","@id":"https:\/\/www.masina.rs\/eng\/#\/schema\/logo\/image\/","url":"https:\/\/www.masina.rs\/eng\/wp-content\/uploads\/2021\/05\/Masina-header-on-white-1.svg","contentUrl":"https:\/\/www.masina.rs\/eng\/wp-content\/uploads\/2021\/05\/Masina-header-on-white-1.svg","width":850,"height":283,"caption":"masina.rs"},"image":{"@id":"https:\/\/www.masina.rs\/eng\/#\/schema\/logo\/image\/"},"sameAs":["https:\/\/www.facebook.com\/masinars","https:\/\/x.com\/MasinaRS","https:\/\/www.instagram.com\/masina.rs"]},{"@type":"Person","@id":"https:\/\/www.masina.rs\/eng\/#\/schema\/person\/958b9359404b87ce04cd3437b841249a","name":"Ma\u0161ina","image":{"@type":"ImageObject","inLanguage":"en-US","@id":"https:\/\/secure.gravatar.com\/avatar\/714de62ad05798c58e25eca1fcdd8527f1b4886757589aaeee8409f9ffc347e5?s=96&d=mm&r=g712341107c94d7ea0db4b5f0543a82ce","url":"https:\/\/secure.gravatar.com\/avatar\/714de62ad05798c58e25eca1fcdd8527f1b4886757589aaeee8409f9ffc347e5?s=96&d=mm&r=g","contentUrl":"https:\/\/secure.gravatar.com\/avatar\/714de62ad05798c58e25eca1fcdd8527f1b4886757589aaeee8409f9ffc347e5?s=96&d=mm&r=g","caption":"Ma\u0161ina"},"url":"https:\/\/www.masina.rs\/eng\/author\/masina\/"}]}},"_links":{"self":[{"href":"https:\/\/www.masina.rs\/eng\/wp-json\/wp\/v2\/posts\/20307","targetHints":{"allow":["GET"]}}],"collection":[{"href":"https:\/\/www.masina.rs\/eng\/wp-json\/wp\/v2\/posts"}],"about":[{"href":"https:\/\/www.masina.rs\/eng\/wp-json\/wp\/v2\/types\/post"}],"author":[{"embeddable":true,"href":"https:\/\/www.masina.rs\/eng\/wp-json\/wp\/v2\/users\/2"}],"replies":[{"embeddable":true,"href":"https:\/\/www.masina.rs\/eng\/wp-json\/wp\/v2\/comments?post=20307"}],"version-history":[{"count":1,"href":"https:\/\/www.masina.rs\/eng\/wp-json\/wp\/v2\/posts\/20307\/revisions"}],"predecessor-version":[{"id":20310,"href":"https:\/\/www.masina.rs\/eng\/wp-json\/wp\/v2\/posts\/20307\/revisions\/20310"}],"wp:featuredmedia":[{"embeddable":true,"href":"https:\/\/www.masina.rs\/eng\/wp-json\/wp\/v2\/media\/20308"}],"wp:attachment":[{"href":"https:\/\/www.masina.rs\/eng\/wp-json\/wp\/v2\/media?parent=20307"}],"wp:term":[{"taxonomy":"category","embeddable":true,"href":"https:\/\/www.masina.rs\/eng\/wp-json\/wp\/v2\/categories?post=20307"},{"taxonomy":"post_tag","embeddable":true,"href":"https:\/\/www.masina.rs\/eng\/wp-json\/wp\/v2\/tags?post=20307"},{"taxonomy":"form","embeddable":true,"href":"https:\/\/www.masina.rs\/eng\/wp-json\/wp\/v2\/form?post=20307"},{"taxonomy":"concept","embeddable":true,"href":"https:\/\/www.masina.rs\/eng\/wp-json\/wp\/v2\/concept?post=20307"},{"taxonomy":"contents","embeddable":true,"href":"https:\/\/www.masina.rs\/eng\/wp-json\/wp\/v2\/contents?post=20307"},{"taxonomy":"author","embeddable":true,"href":"https:\/\/www.masina.rs\/eng\/wp-json\/wp\/v2\/coauthors?post=20307"}],"curies":[{"name":"wp","href":"https:\/\/api.w.org\/{rel}","templated":true}]}}