{"id":20325,"date":"2025-06-11T16:00:45","date_gmt":"2025-06-11T15:00:45","guid":{"rendered":"https:\/\/www.masina.rs\/eng\/?p=20325"},"modified":"2025-06-11T17:37:01","modified_gmt":"2025-06-11T16:37:01","slug":"government-influence-and-academic-resistance-in-serbia","status":"publish","type":"post","link":"https:\/\/www.masina.rs\/eng\/government-influence-and-academic-resistance-in-serbia\/","title":{"rendered":"Government Influence and Academic Resistance in Serbia"},"content":{"rendered":"\n<p class=\"has-drop-cap\">The recently appointed Prime Minister of Serbia Dr. \u0110uro Macut and the Rector of the University of Belgrade Dr. Vladan \u0110oki\u0107, have reached a series of verbal agreements regarding the continuation of work and the &#8220;preservation of the integrity and credibility&#8221; of the University of Belgrade. Plans are in now place to hold entrance exams for new students, to pay university staff, and to repeal a decree that reduced scientific research. It was also decided today that a working group for drafting a new Law on Higher Education, which seeks to privatize higher education and replace public universities, will not be formed.<\/p>\n\n\n\n<p>According to a statement on the University of Belgrade\u2019s website, Prime Minister \u0110uro Macut and Rector Vladan \u0110oki\u0107 agreed on upcoming activities aimed at preserving the university\u2019s integrity and credibility, ensuring financial conditions for its operation, and creating prerequisites for the regular functioning of higher education institutions.<\/p>\n\n\n\n<figure class=\"gb-block-image gb-block-image-b9a5868e\"><img loading=\"lazy\" decoding=\"async\" width=\"1200\" height=\"675\" class=\"gb-image gb-image-b9a5868e\" src=\"https:\/\/www.masina.rs\/eng\/wp-content\/uploads\/2025\/04\/Screenshot-from-2025-04-07-13-05-56.jpg\" alt=\"\" title=\"Screenshot from 2025-04-07 13-05-56\" srcset=\"https:\/\/www.masina.rs\/eng\/wp-content\/uploads\/2025\/04\/Screenshot-from-2025-04-07-13-05-56.jpg 1200w, https:\/\/www.masina.rs\/eng\/wp-content\/uploads\/2025\/04\/Screenshot-from-2025-04-07-13-05-56-300x169.jpg 300w, https:\/\/www.masina.rs\/eng\/wp-content\/uploads\/2025\/04\/Screenshot-from-2025-04-07-13-05-56-1024x576.jpg 1024w, https:\/\/www.masina.rs\/eng\/wp-content\/uploads\/2025\/04\/Screenshot-from-2025-04-07-13-05-56-768x432.jpg 768w\" sizes=\"auto, (max-width: 1200px) 100vw, 1200px\" \/>\n<figcaption class=\"gb-headline gb-headline-dc210672 gb-headline-text\">Prime Minister of Serbia Dr. \u0110uro Macut<\/figcaption>\n<\/figure>\n\n\n\n<p>Based on this agreement, in the coming period the Government of Serbia and the University of Belgrade will take all necessary steps to organize entrance exams for the incoming generation of students, which is planned for the last week of July 2025.<\/p>\n\n\n\n<p>According to unofficial information obtained by the media outlet Danas, the government is considering a model in which 50 to 60 percent of students would enroll immediately after the first application round, with the rest enrolling in September. The idea is to create a unified list after the entrance exam, then admit part of the students immediately and the rest in September. If adopted, this model would apply to all universities in Serbia. In return, faculties are expected to begin making up for the missed classes accumulated during the student blockades.<\/p>\n\n\n\n<p>Sources cited by Danas say the Prime Minister has promised that the controversial decree, which significantly reduces research work in favor of teaching responsibilities, will be repealed in the near future. He also pledged that salaries for staff at faculties that have resumed work will soon begin to be paid. However, all of this has only been communicated verbally so far without any written guarantees, Danas reports.<\/p>\n\n\n\n<p>At today\u2019s parliamentary session, the Serbian government institution decided to repeal the establishment of a working group for analyzing the current state of funding and performance in higher education and for drafting a new law. This move was made in line with the agreement between the Prime Minister and the Rector of the University of Belgrade, Danas notes.<\/p>\n\n\n\n<h2 class=\"wp-block-heading\">\u201cFaculties at the Crossroads\u201d: Academic Community Mobilizes in Front of Government<\/h2>\n\n\n\n<p>Since June 9, professors and other teaching staff have been blockading a main avenue in downtown Belgrade and say their protest will continue under their demands are fulfilled.<\/p>\n\n\n\n<p>Protest organizers say they are fighting to preserve universities as a public good and to oppose the government\u2019s manipulation of education for political purposes, the erosion of university autonomy, and the overall degradation of conditions in higher education.<\/p>\n\n\n\n<p>Their demands are:<\/p>\n\n\n\n<ol class=\"wp-block-list\">\n<li>The disbandment of the Working Group for drafting a new Law on Higher Education, due a lack of transparency, politically motivated appointments, all made without input from the academic community;<\/li>\n\n\n\n<li>The urgent repeal of the unconstitutional Decree on university work standards and the removal of its consequences, which seriously threaten scientific and artistic work in higher education;<\/li>\n\n\n\n<li>Approval of budget quotas for student admissions by the end of June to ensure the stability of public universities and security for future students.<\/li>\n<\/ol>\n\n\n\n<figure class=\"gb-block-image gb-block-image-0ae0d6c4\"><img loading=\"lazy\" decoding=\"async\" width=\"1280\" height=\"960\" class=\"gb-image gb-image-0ae0d6c4\" src=\"https:\/\/www.masina.rs\/eng\/wp-content\/uploads\/2025\/02\/photo_2025-02-01_16-05-04.jpg\" alt=\"\" title=\"photo_2025-02-01_16-05-04\" srcset=\"https:\/\/www.masina.rs\/eng\/wp-content\/uploads\/2025\/02\/photo_2025-02-01_16-05-04.jpg 1280w, https:\/\/www.masina.rs\/eng\/wp-content\/uploads\/2025\/02\/photo_2025-02-01_16-05-04-300x225.jpg 300w, https:\/\/www.masina.rs\/eng\/wp-content\/uploads\/2025\/02\/photo_2025-02-01_16-05-04-1024x768.jpg 1024w, https:\/\/www.masina.rs\/eng\/wp-content\/uploads\/2025\/02\/photo_2025-02-01_16-05-04-768x576.jpg 768w\" sizes=\"auto, (max-width: 1280px) 100vw, 1280px\" \/><\/figure>\n\n\n\n<p><\/p>\n\n\n\n<p>Speaking to the media, organizers stressed that the current situation amounts to systemic repression of universities in Serbia.<\/p>\n\n\n\n<p>\u201cThere is an attempt to destroy everything that makes a university a university \u2014 science, art, freedom of thought, integrity, and autonomy. As the academic community, we choose the path that leads to freedom, knowledge, and dignity,\u201d was their message at a press conference.<\/p>\n\n\n\n<p>Protesters emphasized that the academic community is not seeking privileges, but basic conditions for lawful, dignified, and free work.<\/p>\n\n\n\n<p>They also pointed out that the state is neglecting the fundamental objective of public education, directly endangering not only the future of universities but of society as a whole.<\/p>\n\n\n\n<p>\u201cIf the state refuses to fund public universities, it is telling us it does not want education to be accessible to all. Public universities are non-profit institutions. Funding them is a duty of the state, not a matter of political will,\u201d they said.<\/p>\n\n\n\n<p>The organizers called on citizens to come to the intersection in front of the Government building, get informed, ask questions, and support the protest, emphasizing that \u201ceducation must remain accessible to all and this must never be called into question.\u201d<\/p>\n\n\n\n<p>\u201cWe are not asking for privileges, but for the right for universities to remain free and accountable to knowledge, not political directives. This is not just an academic struggle. This is a struggle for the future,\u201d protest organizers said.<\/p>\n\n\n\n<figure class=\"wp-block-image size-large\"><a href=\"https:\/\/www.masina.rs\/eng\/wp-content\/uploads\/2025\/06\/photo_2025-01-08_15-06-18.jpg\"><img loading=\"lazy\" decoding=\"async\" width=\"1024\" height=\"771\" src=\"https:\/\/www.masina.rs\/eng\/wp-content\/uploads\/2025\/06\/photo_2025-01-08_15-06-18-1024x771.jpg\" alt=\"\" class=\"wp-image-20322\" srcset=\"https:\/\/www.masina.rs\/eng\/wp-content\/uploads\/2025\/06\/photo_2025-01-08_15-06-18-1024x771.jpg 1024w, https:\/\/www.masina.rs\/eng\/wp-content\/uploads\/2025\/06\/photo_2025-01-08_15-06-18-300x226.jpg 300w, https:\/\/www.masina.rs\/eng\/wp-content\/uploads\/2025\/06\/photo_2025-01-08_15-06-18-768x578.jpg 768w, https:\/\/www.masina.rs\/eng\/wp-content\/uploads\/2025\/06\/photo_2025-01-08_15-06-18.jpg 1280w\" sizes=\"auto, (max-width: 1024px) 100vw, 1024px\" \/><\/a><figcaption class=\"wp-element-caption\">Blockade of the Faculty of Philosophy in Belgrade; Photo: Ma\u0161ina<\/figcaption><\/figure>\n\n\n\n<h2 class=\"wp-block-heading\">Three University Professors Arrested in Less Than 24 Hours<\/h2>\n\n\n\n<p>In less than 24 hours, three university professors were arrested in Novi Sad, including two professors who participated in protests blockading a road as well as the Dean of the Medical Faculty.<\/p>\n\n\n\n<p>The Academic Plenum stated that the arrest of three professors from the University of Novi Sad is a blatant act of repression and retaliation by the authorities for supporting student demands.<\/p>\n\n\n\n<p>The two professors, who were marshals during yesterday\u2019s protests in Novi Sad, were arrested on charges of disturbing public order and peace.<\/p>\n\n\n\n<p>According to the Plenum\u2019s statement, one of the arrested professors was initially summoned as a witness, only to become a suspect after more than two hours of questioning.<\/p>\n\n\n\n<p>The Dean of the Medical Faculty was also detained this morning, the statement adds, with tabloids immediately claiming it was due to excessive salary payments at the faculty, reports N1.<\/p>\n\n\n\n<p>Students and citizens gathered today outside the Misdemeanor Court in Novi Sad. The most recent development is that Veroljub Naumovi\u0107, a teaching assistant at the Academy of Arts, has been released.<\/p>\n\n\n\n<p class=\"has-text-align-right\"><em>A.G.A., I.M., A.M.<\/em><\/p>\n\n\n\n<p><\/p>\n","protected":false},"excerpt":{"rendered":"<p> &#8230; <a title=\"Government Influence and Academic Resistance in Serbia\" class=\"read-more\" href=\"https:\/\/www.masina.rs\/eng\/government-influence-and-academic-resistance-in-serbia\/\" aria-label=\"Read more about Government Influence and Academic Resistance in Serbia\">READ<\/a><\/p>\n","protected":false},"author":2,"featured_media":20331,"comment_status":"closed","ping_status":"closed","sticky":false,"template":"","format":"standard","meta":{"_acf_changed":false,"footnotes":""},"categories":[1],"tags":[296,263,337],"form":[71],"concept":[81],"contents":[153],"coauthors":[5],"class_list":["post-20325","post","type-post","status-publish","format-standard","has-post-thumbnail","hentry","category-uncategorized","tag-repression","tag-students","tag-university","form-news","concept-education","contents-society","infinite-scroll-item","generate-columns","tablet-grid-50","mobile-grid-100","grid-parent","grid-25"],"acf":[],"yoast_head":"<!-- This site is optimized with the Yoast SEO plugin v27.5 - https:\/\/yoast.com\/product\/yoast-seo-wordpress\/ -->\n<title>Government Influence and Academic Resistance in Serbia - Ma\u0161ina English<\/title>\n<meta name=\"robots\" content=\"index, follow, max-snippet:-1, max-image-preview:large, max-video-preview:-1\" \/>\n<link rel=\"canonical\" href=\"https:\/\/www.masina.rs\/eng\/government-influence-and-academic-resistance-in-serbia\/\" \/>\n<meta property=\"og:locale\" content=\"en_US\" \/>\n<meta property=\"og:type\" content=\"article\" \/>\n<meta property=\"og:title\" content=\"Government Influence and Academic Resistance in Serbia - Ma\u0161ina English\" \/>\n<meta property=\"og:description\" content=\"... READ\" \/>\n<meta property=\"og:url\" content=\"https:\/\/www.masina.rs\/eng\/government-influence-and-academic-resistance-in-serbia\/\" \/>\n<meta property=\"og:site_name\" content=\"Ma\u0161ina English\" \/>\n<meta property=\"article:publisher\" content=\"https:\/\/www.facebook.com\/masinars\" \/>\n<meta property=\"article:published_time\" content=\"2025-06-11T15:00:45+00:00\" \/>\n<meta property=\"article:modified_time\" content=\"2025-06-11T16:37:01+00:00\" \/>\n<meta property=\"og:image\" content=\"https:\/\/www.masina.rs\/eng\/wp-content\/uploads\/2025\/06\/protest-akademske-zajednice.jpg\" \/>\n\t<meta property=\"og:image:width\" content=\"1280\" \/>\n\t<meta property=\"og:image:height\" content=\"957\" \/>\n\t<meta property=\"og:image:type\" content=\"image\/jpeg\" \/>\n<meta name=\"author\" content=\"Ma\u0161ina\" \/>\n<meta name=\"twitter:card\" content=\"summary_large_image\" \/>\n<meta name=\"twitter:creator\" content=\"@MasinaRS\" \/>\n<meta name=\"twitter:site\" content=\"@MasinaRS\" \/>\n<meta name=\"twitter:label1\" content=\"Written by\" \/>\n\t<meta name=\"twitter:data1\" content=\"Ma\u0161ina\" \/>\n\t<meta name=\"twitter:label2\" content=\"Est. reading time\" \/>\n\t<meta name=\"twitter:data2\" content=\"6 minutes\" \/>\n<script type=\"application\/ld+json\" class=\"yoast-schema-graph\">{\"@context\":\"https:\\\/\\\/schema.org\",\"@graph\":[{\"@type\":\"Article\",\"@id\":\"https:\\\/\\\/www.masina.rs\\\/eng\\\/government-influence-and-academic-resistance-in-serbia\\\/#article\",\"isPartOf\":{\"@id\":\"https:\\\/\\\/www.masina.rs\\\/eng\\\/government-influence-and-academic-resistance-in-serbia\\\/\"},\"author\":{\"name\":\"Ma\u0161ina\",\"@id\":\"https:\\\/\\\/www.masina.rs\\\/eng\\\/#\\\/schema\\\/person\\\/958b9359404b87ce04cd3437b841249a\"},\"headline\":\"Government Influence and Academic Resistance in Serbia\",\"datePublished\":\"2025-06-11T15:00:45+00:00\",\"dateModified\":\"2025-06-11T16:37:01+00:00\",\"mainEntityOfPage\":{\"@id\":\"https:\\\/\\\/www.masina.rs\\\/eng\\\/government-influence-and-academic-resistance-in-serbia\\\/\"},\"wordCount\":1014,\"publisher\":{\"@id\":\"https:\\\/\\\/www.masina.rs\\\/eng\\\/#organization\"},\"image\":{\"@id\":\"https:\\\/\\\/www.masina.rs\\\/eng\\\/government-influence-and-academic-resistance-in-serbia\\\/#primaryimage\"},\"thumbnailUrl\":\"https:\\\/\\\/www.masina.rs\\\/eng\\\/wp-content\\\/uploads\\\/2025\\\/06\\\/protest-akademske-zajednice.jpg\",\"keywords\":[\"repression\",\"students\",\"University\"],\"inLanguage\":\"en-US\"},{\"@type\":\"WebPage\",\"@id\":\"https:\\\/\\\/www.masina.rs\\\/eng\\\/government-influence-and-academic-resistance-in-serbia\\\/\",\"url\":\"https:\\\/\\\/www.masina.rs\\\/eng\\\/government-influence-and-academic-resistance-in-serbia\\\/\",\"name\":\"Government Influence and Academic Resistance in Serbia - Ma\u0161ina English\",\"isPartOf\":{\"@id\":\"https:\\\/\\\/www.masina.rs\\\/eng\\\/#website\"},\"primaryImageOfPage\":{\"@id\":\"https:\\\/\\\/www.masina.rs\\\/eng\\\/government-influence-and-academic-resistance-in-serbia\\\/#primaryimage\"},\"image\":{\"@id\":\"https:\\\/\\\/www.masina.rs\\\/eng\\\/government-influence-and-academic-resistance-in-serbia\\\/#primaryimage\"},\"thumbnailUrl\":\"https:\\\/\\\/www.masina.rs\\\/eng\\\/wp-content\\\/uploads\\\/2025\\\/06\\\/protest-akademske-zajednice.jpg\",\"datePublished\":\"2025-06-11T15:00:45+00:00\",\"dateModified\":\"2025-06-11T16:37:01+00:00\",\"breadcrumb\":{\"@id\":\"https:\\\/\\\/www.masina.rs\\\/eng\\\/government-influence-and-academic-resistance-in-serbia\\\/#breadcrumb\"},\"inLanguage\":\"en-US\",\"potentialAction\":[{\"@type\":\"ReadAction\",\"target\":[\"https:\\\/\\\/www.masina.rs\\\/eng\\\/government-influence-and-academic-resistance-in-serbia\\\/\"]}]},{\"@type\":\"ImageObject\",\"inLanguage\":\"en-US\",\"@id\":\"https:\\\/\\\/www.masina.rs\\\/eng\\\/government-influence-and-academic-resistance-in-serbia\\\/#primaryimage\",\"url\":\"https:\\\/\\\/www.masina.rs\\\/eng\\\/wp-content\\\/uploads\\\/2025\\\/06\\\/protest-akademske-zajednice.jpg\",\"contentUrl\":\"https:\\\/\\\/www.masina.rs\\\/eng\\\/wp-content\\\/uploads\\\/2025\\\/06\\\/protest-akademske-zajednice.jpg\",\"width\":1280,\"height\":957,\"caption\":\"Foto: Solidarnost\"},{\"@type\":\"BreadcrumbList\",\"@id\":\"https:\\\/\\\/www.masina.rs\\\/eng\\\/government-influence-and-academic-resistance-in-serbia\\\/#breadcrumb\",\"itemListElement\":[{\"@type\":\"ListItem\",\"position\":1,\"name\":\"Home\",\"item\":\"https:\\\/\\\/www.masina.rs\\\/eng\\\/\"},{\"@type\":\"ListItem\",\"position\":2,\"name\":\"Government Influence and Academic Resistance in Serbia\"}]},{\"@type\":\"WebSite\",\"@id\":\"https:\\\/\\\/www.masina.rs\\\/eng\\\/#website\",\"url\":\"https:\\\/\\\/www.masina.rs\\\/eng\\\/\",\"name\":\"Ma\u0161ina English\",\"description\":\"Production of Social Critique\",\"publisher\":{\"@id\":\"https:\\\/\\\/www.masina.rs\\\/eng\\\/#organization\"},\"potentialAction\":[{\"@type\":\"SearchAction\",\"target\":{\"@type\":\"EntryPoint\",\"urlTemplate\":\"https:\\\/\\\/www.masina.rs\\\/eng\\\/?s={search_term_string}\"},\"query-input\":{\"@type\":\"PropertyValueSpecification\",\"valueRequired\":true,\"valueName\":\"search_term_string\"}}],\"inLanguage\":\"en-US\"},{\"@type\":\"Organization\",\"@id\":\"https:\\\/\\\/www.masina.rs\\\/eng\\\/#organization\",\"name\":\"masina.rs\",\"url\":\"https:\\\/\\\/www.masina.rs\\\/eng\\\/\",\"logo\":{\"@type\":\"ImageObject\",\"inLanguage\":\"en-US\",\"@id\":\"https:\\\/\\\/www.masina.rs\\\/eng\\\/#\\\/schema\\\/logo\\\/image\\\/\",\"url\":\"https:\\\/\\\/www.masina.rs\\\/eng\\\/wp-content\\\/uploads\\\/2021\\\/05\\\/Masina-header-on-white-1.svg\",\"contentUrl\":\"https:\\\/\\\/www.masina.rs\\\/eng\\\/wp-content\\\/uploads\\\/2021\\\/05\\\/Masina-header-on-white-1.svg\",\"width\":850,\"height\":283,\"caption\":\"masina.rs\"},\"image\":{\"@id\":\"https:\\\/\\\/www.masina.rs\\\/eng\\\/#\\\/schema\\\/logo\\\/image\\\/\"},\"sameAs\":[\"https:\\\/\\\/www.facebook.com\\\/masinars\",\"https:\\\/\\\/x.com\\\/MasinaRS\",\"https:\\\/\\\/www.instagram.com\\\/masina.rs\"]},{\"@type\":\"Person\",\"@id\":\"https:\\\/\\\/www.masina.rs\\\/eng\\\/#\\\/schema\\\/person\\\/958b9359404b87ce04cd3437b841249a\",\"name\":\"Ma\u0161ina\",\"image\":{\"@type\":\"ImageObject\",\"inLanguage\":\"en-US\",\"@id\":\"https:\\\/\\\/secure.gravatar.com\\\/avatar\\\/714de62ad05798c58e25eca1fcdd8527f1b4886757589aaeee8409f9ffc347e5?s=96&d=mm&r=g712341107c94d7ea0db4b5f0543a82ce\",\"url\":\"https:\\\/\\\/secure.gravatar.com\\\/avatar\\\/714de62ad05798c58e25eca1fcdd8527f1b4886757589aaeee8409f9ffc347e5?s=96&d=mm&r=g\",\"contentUrl\":\"https:\\\/\\\/secure.gravatar.com\\\/avatar\\\/714de62ad05798c58e25eca1fcdd8527f1b4886757589aaeee8409f9ffc347e5?s=96&d=mm&r=g\",\"caption\":\"Ma\u0161ina\"},\"url\":\"https:\\\/\\\/www.masina.rs\\\/eng\\\/author\\\/masina\\\/\"}]}<\/script>\n<!-- \/ Yoast SEO plugin. -->","yoast_head_json":{"title":"Government Influence and Academic Resistance in Serbia - Ma\u0161ina English","robots":{"index":"index","follow":"follow","max-snippet":"max-snippet:-1","max-image-preview":"max-image-preview:large","max-video-preview":"max-video-preview:-1"},"canonical":"https:\/\/www.masina.rs\/eng\/government-influence-and-academic-resistance-in-serbia\/","og_locale":"en_US","og_type":"article","og_title":"Government Influence and Academic Resistance in Serbia - Ma\u0161ina English","og_description":"... READ","og_url":"https:\/\/www.masina.rs\/eng\/government-influence-and-academic-resistance-in-serbia\/","og_site_name":"Ma\u0161ina English","article_publisher":"https:\/\/www.facebook.com\/masinars","article_published_time":"2025-06-11T15:00:45+00:00","article_modified_time":"2025-06-11T16:37:01+00:00","og_image":[{"width":1280,"height":957,"url":"https:\/\/www.masina.rs\/eng\/wp-content\/uploads\/2025\/06\/protest-akademske-zajednice.jpg","type":"image\/jpeg"}],"author":"Ma\u0161ina","twitter_card":"summary_large_image","twitter_creator":"@MasinaRS","twitter_site":"@MasinaRS","twitter_misc":{"Written by":"Ma\u0161ina","Est. reading time":"6 minutes"},"schema":{"@context":"https:\/\/schema.org","@graph":[{"@type":"Article","@id":"https:\/\/www.masina.rs\/eng\/government-influence-and-academic-resistance-in-serbia\/#article","isPartOf":{"@id":"https:\/\/www.masina.rs\/eng\/government-influence-and-academic-resistance-in-serbia\/"},"author":{"name":"Ma\u0161ina","@id":"https:\/\/www.masina.rs\/eng\/#\/schema\/person\/958b9359404b87ce04cd3437b841249a"},"headline":"Government Influence and Academic Resistance in Serbia","datePublished":"2025-06-11T15:00:45+00:00","dateModified":"2025-06-11T16:37:01+00:00","mainEntityOfPage":{"@id":"https:\/\/www.masina.rs\/eng\/government-influence-and-academic-resistance-in-serbia\/"},"wordCount":1014,"publisher":{"@id":"https:\/\/www.masina.rs\/eng\/#organization"},"image":{"@id":"https:\/\/www.masina.rs\/eng\/government-influence-and-academic-resistance-in-serbia\/#primaryimage"},"thumbnailUrl":"https:\/\/www.masina.rs\/eng\/wp-content\/uploads\/2025\/06\/protest-akademske-zajednice.jpg","keywords":["repression","students","University"],"inLanguage":"en-US"},{"@type":"WebPage","@id":"https:\/\/www.masina.rs\/eng\/government-influence-and-academic-resistance-in-serbia\/","url":"https:\/\/www.masina.rs\/eng\/government-influence-and-academic-resistance-in-serbia\/","name":"Government Influence and Academic Resistance in Serbia - Ma\u0161ina English","isPartOf":{"@id":"https:\/\/www.masina.rs\/eng\/#website"},"primaryImageOfPage":{"@id":"https:\/\/www.masina.rs\/eng\/government-influence-and-academic-resistance-in-serbia\/#primaryimage"},"image":{"@id":"https:\/\/www.masina.rs\/eng\/government-influence-and-academic-resistance-in-serbia\/#primaryimage"},"thumbnailUrl":"https:\/\/www.masina.rs\/eng\/wp-content\/uploads\/2025\/06\/protest-akademske-zajednice.jpg","datePublished":"2025-06-11T15:00:45+00:00","dateModified":"2025-06-11T16:37:01+00:00","breadcrumb":{"@id":"https:\/\/www.masina.rs\/eng\/government-influence-and-academic-resistance-in-serbia\/#breadcrumb"},"inLanguage":"en-US","potentialAction":[{"@type":"ReadAction","target":["https:\/\/www.masina.rs\/eng\/government-influence-and-academic-resistance-in-serbia\/"]}]},{"@type":"ImageObject","inLanguage":"en-US","@id":"https:\/\/www.masina.rs\/eng\/government-influence-and-academic-resistance-in-serbia\/#primaryimage","url":"https:\/\/www.masina.rs\/eng\/wp-content\/uploads\/2025\/06\/protest-akademske-zajednice.jpg","contentUrl":"https:\/\/www.masina.rs\/eng\/wp-content\/uploads\/2025\/06\/protest-akademske-zajednice.jpg","width":1280,"height":957,"caption":"Foto: Solidarnost"},{"@type":"BreadcrumbList","@id":"https:\/\/www.masina.rs\/eng\/government-influence-and-academic-resistance-in-serbia\/#breadcrumb","itemListElement":[{"@type":"ListItem","position":1,"name":"Home","item":"https:\/\/www.masina.rs\/eng\/"},{"@type":"ListItem","position":2,"name":"Government Influence and Academic Resistance in Serbia"}]},{"@type":"WebSite","@id":"https:\/\/www.masina.rs\/eng\/#website","url":"https:\/\/www.masina.rs\/eng\/","name":"Ma\u0161ina English","description":"Production of Social Critique","publisher":{"@id":"https:\/\/www.masina.rs\/eng\/#organization"},"potentialAction":[{"@type":"SearchAction","target":{"@type":"EntryPoint","urlTemplate":"https:\/\/www.masina.rs\/eng\/?s={search_term_string}"},"query-input":{"@type":"PropertyValueSpecification","valueRequired":true,"valueName":"search_term_string"}}],"inLanguage":"en-US"},{"@type":"Organization","@id":"https:\/\/www.masina.rs\/eng\/#organization","name":"masina.rs","url":"https:\/\/www.masina.rs\/eng\/","logo":{"@type":"ImageObject","inLanguage":"en-US","@id":"https:\/\/www.masina.rs\/eng\/#\/schema\/logo\/image\/","url":"https:\/\/www.masina.rs\/eng\/wp-content\/uploads\/2021\/05\/Masina-header-on-white-1.svg","contentUrl":"https:\/\/www.masina.rs\/eng\/wp-content\/uploads\/2021\/05\/Masina-header-on-white-1.svg","width":850,"height":283,"caption":"masina.rs"},"image":{"@id":"https:\/\/www.masina.rs\/eng\/#\/schema\/logo\/image\/"},"sameAs":["https:\/\/www.facebook.com\/masinars","https:\/\/x.com\/MasinaRS","https:\/\/www.instagram.com\/masina.rs"]},{"@type":"Person","@id":"https:\/\/www.masina.rs\/eng\/#\/schema\/person\/958b9359404b87ce04cd3437b841249a","name":"Ma\u0161ina","image":{"@type":"ImageObject","inLanguage":"en-US","@id":"https:\/\/secure.gravatar.com\/avatar\/714de62ad05798c58e25eca1fcdd8527f1b4886757589aaeee8409f9ffc347e5?s=96&d=mm&r=g712341107c94d7ea0db4b5f0543a82ce","url":"https:\/\/secure.gravatar.com\/avatar\/714de62ad05798c58e25eca1fcdd8527f1b4886757589aaeee8409f9ffc347e5?s=96&d=mm&r=g","contentUrl":"https:\/\/secure.gravatar.com\/avatar\/714de62ad05798c58e25eca1fcdd8527f1b4886757589aaeee8409f9ffc347e5?s=96&d=mm&r=g","caption":"Ma\u0161ina"},"url":"https:\/\/www.masina.rs\/eng\/author\/masina\/"}]}},"_links":{"self":[{"href":"https:\/\/www.masina.rs\/eng\/wp-json\/wp\/v2\/posts\/20325","targetHints":{"allow":["GET"]}}],"collection":[{"href":"https:\/\/www.masina.rs\/eng\/wp-json\/wp\/v2\/posts"}],"about":[{"href":"https:\/\/www.masina.rs\/eng\/wp-json\/wp\/v2\/types\/post"}],"author":[{"embeddable":true,"href":"https:\/\/www.masina.rs\/eng\/wp-json\/wp\/v2\/users\/2"}],"replies":[{"embeddable":true,"href":"https:\/\/www.masina.rs\/eng\/wp-json\/wp\/v2\/comments?post=20325"}],"version-history":[{"count":7,"href":"https:\/\/www.masina.rs\/eng\/wp-json\/wp\/v2\/posts\/20325\/revisions"}],"predecessor-version":[{"id":20338,"href":"https:\/\/www.masina.rs\/eng\/wp-json\/wp\/v2\/posts\/20325\/revisions\/20338"}],"wp:featuredmedia":[{"embeddable":true,"href":"https:\/\/www.masina.rs\/eng\/wp-json\/wp\/v2\/media\/20331"}],"wp:attachment":[{"href":"https:\/\/www.masina.rs\/eng\/wp-json\/wp\/v2\/media?parent=20325"}],"wp:term":[{"taxonomy":"category","embeddable":true,"href":"https:\/\/www.masina.rs\/eng\/wp-json\/wp\/v2\/categories?post=20325"},{"taxonomy":"post_tag","embeddable":true,"href":"https:\/\/www.masina.rs\/eng\/wp-json\/wp\/v2\/tags?post=20325"},{"taxonomy":"form","embeddable":true,"href":"https:\/\/www.masina.rs\/eng\/wp-json\/wp\/v2\/form?post=20325"},{"taxonomy":"concept","embeddable":true,"href":"https:\/\/www.masina.rs\/eng\/wp-json\/wp\/v2\/concept?post=20325"},{"taxonomy":"contents","embeddable":true,"href":"https:\/\/www.masina.rs\/eng\/wp-json\/wp\/v2\/contents?post=20325"},{"taxonomy":"author","embeddable":true,"href":"https:\/\/www.masina.rs\/eng\/wp-json\/wp\/v2\/coauthors?post=20325"}],"curies":[{"name":"wp","href":"https:\/\/api.w.org\/{rel}","templated":true}]}}