{"id":20505,"date":"2025-10-14T17:37:10","date_gmt":"2025-10-14T16:37:10","guid":{"rendered":"https:\/\/www.masina.rs\/eng\/?p=20505"},"modified":"2025-10-14T18:20:29","modified_gmt":"2025-10-14T17:20:29","slug":"von-der-leyen-faces-pressure-over-serbia-visit","status":"publish","type":"post","link":"https:\/\/www.masina.rs\/eng\/von-der-leyen-faces-pressure-over-serbia-visit\/","title":{"rendered":"Von der Leyen Faces Pressure Over Serbia Visit"},"content":{"rendered":"\n<p class=\"has-drop-cap\">The European Democratic Party, the European Green Party, the Party of European Socialists, and the Alliance of Liberals and Democrats for Europe issued a joint statement calling on the President of the European Commission and the European Union as a whole to stand with citizens in Serbia who have been protesting for democratic rights and the rule of law over the past year.<\/p>\n\n\n\n<p>\u201cPresident Vu\u010di\u0107 has been repressing demonstrators, including through the use of violence, for almost a year. Tomorrow, President von der Leyen will visit Serbia again. We fear that President Vu\u010di\u0107 will use her visit to claim that he has the support of European partners. Autocrats must not be rewarded,\u201d the statement on the European Greens\u2019 Instagram page reads.<\/p>\n\n\n\n<h2 class=\"wp-block-heading\"><strong>Media organizations call on EU to suspend funds to Serbia<\/strong><\/h2>\n\n\n\n<p>A coalition of media rights organizations has called on von der Leyen to raise the issue of media freedom and the protection of journalists while in Serbia and throughout her visit to the Western Balkans. The organizations explicitly called on the European Union to use leverage at their disposal to pressure Vu\u010di\u0107, including suspending EU funds to the Serbian government.<\/p>\n\n\n\n<p>\u201cThe current level of violence against journalists in Serbia is unique among all EU member states and candidate countries. Reporters Without Borders (RSF) documented 34 physical attacks on media professionals carried out in less than two summer months by political activists and law enforcement personnel. To date, the annual number of physical attacks in 2025 stands at 76 cases, according to RSF data \u2013 unprecedented, judging by the records of the Independent Journalists\u2019 Association of Serbia (NUNS), which have been kept since 2008,\u201d the statement reads.<\/p>\n\n\n\n<p>The coalition members are Free Press Unlimited, the European Federation of Journalists, the European Centre for Press and Media Freedom, the Balkan\u2013Caucasus\u2013Transeuropa Observatory (Osservatorio Balcani Caucaso Transeuropa), Reporters Without Borders, ARTICLE 19 Europe, Index on Censorship, the International Press Institute, and the Committee to Protect Journalists.<\/p>\n\n\n\n<h2 class=\"wp-block-heading\"><strong>Parents of high school students appeal to von der Leyen<\/strong><\/h2>\n\n\n\n<p>The Parents of Belgrade Initiative and representatives of the Fifth Belgrade Gymnasium have sent an open letter to European Commission President Ursula von der Leyen, calling for a response to what they describe as \u201cthe violence that Aleksandar Vu\u010di\u0107\u2019s regime is carrying out in schools against educators and students.\u201d<\/p>\n\n\n\n<p>The statement says that the education system at the Fifth Gymnasium is collapsing \u201cthrough the intimidation of staff, the appointment of party loyalists, and the prohibition of communication between parents, teachers, and students.\u201d The parents add that children are the direct victims of such a system, which is why parents and students, \u201cdesperate after being ignored and denied their rights,\u201d have decided to put the school under a protest blockade.<\/p>\n\n\n\n<p>The statement also recalls a recent remark by Minister of Education Dejan Vuk Stankovi\u0107, who, as they note, \u201cfurther humiliated parents\u201d by saying that they \u201chave psychological problems.\u201d<\/p>\n\n\n\n<p>Because of all this, the parents\u2019 initiative and the representatives of the Fifth Belgrade Gymnasium are calling for an urgent response from the President of the European Commission and a meeting where they could present evidence of workplace bullying and political abuse in the education system.<\/p>\n\n\n\n<p>\u201cWe demand an end to the collapse of schools and the restoration of dignity for students and teachers,\u201d the signatories of the letter emphasized.<\/p>\n\n\n\n<p class=\"has-text-align-right\"><em>A.M.; M.B.<\/em><\/p>\n","protected":false},"excerpt":{"rendered":"<p>European Commission President Ursula von der Leyen will meet with Serbian President Vu\u010di\u0107 and Prime Minister Macut tomorrow during her visit to the Western Balkans. European political parties, media rights organizations, and Serbian citizens have called on von der Leyen to take a stand in support of those protesting against the government\u2019s corruption and repression. Von der Leyen is visiting Serbia as part of her tour of the Western Balkans, which also includes Albania, Montenegro, Bosnia and Herzegovina, and Kosovo.<\/p>\n","protected":false},"author":2,"featured_media":20506,"comment_status":"closed","ping_status":"closed","sticky":false,"template":"","format":"standard","meta":{"_acf_changed":false,"footnotes":""},"categories":[1],"tags":[47,365,127,366],"form":[71],"concept":[331],"contents":[],"coauthors":[5],"class_list":["post-20505","post","type-post","status-publish","format-standard","has-post-thumbnail","hentry","category-uncategorized","tag-eu","tag-european-union","tag-serbia","tag-von-der-layen","form-news","concept-politics","infinite-scroll-item","generate-columns","tablet-grid-50","mobile-grid-100","grid-parent","grid-25"],"acf":[],"yoast_head":"<!-- This site is optimized with the Yoast SEO plugin v27.5 - https:\/\/yoast.com\/product\/yoast-seo-wordpress\/ -->\n<title>Von der Leyen Faces Pressure Over Serbia Visit - Ma\u0161ina English<\/title>\n<meta name=\"robots\" content=\"index, follow, max-snippet:-1, max-image-preview:large, max-video-preview:-1\" \/>\n<link rel=\"canonical\" href=\"https:\/\/www.masina.rs\/eng\/von-der-leyen-faces-pressure-over-serbia-visit\/\" \/>\n<meta property=\"og:locale\" content=\"en_US\" \/>\n<meta property=\"og:type\" content=\"article\" \/>\n<meta property=\"og:title\" content=\"Von der Leyen Faces Pressure Over Serbia Visit - Ma\u0161ina English\" \/>\n<meta property=\"og:description\" content=\"European Commission President Ursula von der Leyen will meet with Serbian President Vu\u010di\u0107 and Prime Minister Macut tomorrow during her visit to the Western Balkans. European political parties, media rights organizations, and Serbian citizens have called on von der Leyen to take a stand in support of those protesting against the government\u2019s corruption and repression. Von der Leyen is visiting Serbia as part of her tour of the Western Balkans, which also includes Albania, Montenegro, Bosnia and Herzegovina, and Kosovo.\" \/>\n<meta property=\"og:url\" content=\"https:\/\/www.masina.rs\/eng\/von-der-leyen-faces-pressure-over-serbia-visit\/\" \/>\n<meta property=\"og:site_name\" content=\"Ma\u0161ina English\" \/>\n<meta property=\"article:publisher\" content=\"https:\/\/www.facebook.com\/masinars\" \/>\n<meta property=\"article:published_time\" content=\"2025-10-14T16:37:10+00:00\" \/>\n<meta property=\"article:modified_time\" content=\"2025-10-14T17:20:29+00:00\" \/>\n<meta property=\"og:image\" content=\"https:\/\/www.masina.rs\/eng\/wp-content\/uploads\/2025\/10\/P067255-13803-scaled.jpg\" \/>\n\t<meta property=\"og:image:width\" content=\"2560\" \/>\n\t<meta property=\"og:image:height\" content=\"1707\" \/>\n\t<meta property=\"og:image:type\" content=\"image\/jpeg\" \/>\n<meta name=\"author\" content=\"Ma\u0161ina\" \/>\n<meta name=\"twitter:card\" content=\"summary_large_image\" \/>\n<meta name=\"twitter:creator\" content=\"@MasinaRS\" \/>\n<meta name=\"twitter:site\" content=\"@MasinaRS\" \/>\n<meta name=\"twitter:label1\" content=\"Written by\" \/>\n\t<meta name=\"twitter:data1\" content=\"Ma\u0161ina\" \/>\n\t<meta name=\"twitter:label2\" content=\"Est. reading time\" \/>\n\t<meta name=\"twitter:data2\" content=\"1 minute\" \/>\n<script type=\"application\/ld+json\" class=\"yoast-schema-graph\">{\"@context\":\"https:\\\/\\\/schema.org\",\"@graph\":[{\"@type\":\"Article\",\"@id\":\"https:\\\/\\\/www.masina.rs\\\/eng\\\/von-der-leyen-faces-pressure-over-serbia-visit\\\/#article\",\"isPartOf\":{\"@id\":\"https:\\\/\\\/www.masina.rs\\\/eng\\\/von-der-leyen-faces-pressure-over-serbia-visit\\\/\"},\"author\":{\"name\":\"Ma\u0161ina\",\"@id\":\"https:\\\/\\\/www.masina.rs\\\/eng\\\/#\\\/schema\\\/person\\\/958b9359404b87ce04cd3437b841249a\"},\"headline\":\"Von der Leyen Faces Pressure Over Serbia Visit\",\"datePublished\":\"2025-10-14T16:37:10+00:00\",\"dateModified\":\"2025-10-14T17:20:29+00:00\",\"mainEntityOfPage\":{\"@id\":\"https:\\\/\\\/www.masina.rs\\\/eng\\\/von-der-leyen-faces-pressure-over-serbia-visit\\\/\"},\"wordCount\":563,\"publisher\":{\"@id\":\"https:\\\/\\\/www.masina.rs\\\/eng\\\/#organization\"},\"image\":{\"@id\":\"https:\\\/\\\/www.masina.rs\\\/eng\\\/von-der-leyen-faces-pressure-over-serbia-visit\\\/#primaryimage\"},\"thumbnailUrl\":\"https:\\\/\\\/www.masina.rs\\\/eng\\\/wp-content\\\/uploads\\\/2025\\\/10\\\/P067255-13803-scaled.jpg\",\"keywords\":[\"EU\",\"european union\",\"Serbia\",\"von der layen\"],\"inLanguage\":\"en-US\"},{\"@type\":\"WebPage\",\"@id\":\"https:\\\/\\\/www.masina.rs\\\/eng\\\/von-der-leyen-faces-pressure-over-serbia-visit\\\/\",\"url\":\"https:\\\/\\\/www.masina.rs\\\/eng\\\/von-der-leyen-faces-pressure-over-serbia-visit\\\/\",\"name\":\"Von der Leyen Faces Pressure Over Serbia Visit - Ma\u0161ina English\",\"isPartOf\":{\"@id\":\"https:\\\/\\\/www.masina.rs\\\/eng\\\/#website\"},\"primaryImageOfPage\":{\"@id\":\"https:\\\/\\\/www.masina.rs\\\/eng\\\/von-der-leyen-faces-pressure-over-serbia-visit\\\/#primaryimage\"},\"image\":{\"@id\":\"https:\\\/\\\/www.masina.rs\\\/eng\\\/von-der-leyen-faces-pressure-over-serbia-visit\\\/#primaryimage\"},\"thumbnailUrl\":\"https:\\\/\\\/www.masina.rs\\\/eng\\\/wp-content\\\/uploads\\\/2025\\\/10\\\/P067255-13803-scaled.jpg\",\"datePublished\":\"2025-10-14T16:37:10+00:00\",\"dateModified\":\"2025-10-14T17:20:29+00:00\",\"breadcrumb\":{\"@id\":\"https:\\\/\\\/www.masina.rs\\\/eng\\\/von-der-leyen-faces-pressure-over-serbia-visit\\\/#breadcrumb\"},\"inLanguage\":\"en-US\",\"potentialAction\":[{\"@type\":\"ReadAction\",\"target\":[\"https:\\\/\\\/www.masina.rs\\\/eng\\\/von-der-leyen-faces-pressure-over-serbia-visit\\\/\"]}]},{\"@type\":\"ImageObject\",\"inLanguage\":\"en-US\",\"@id\":\"https:\\\/\\\/www.masina.rs\\\/eng\\\/von-der-leyen-faces-pressure-over-serbia-visit\\\/#primaryimage\",\"url\":\"https:\\\/\\\/www.masina.rs\\\/eng\\\/wp-content\\\/uploads\\\/2025\\\/10\\\/P067255-13803-scaled.jpg\",\"contentUrl\":\"https:\\\/\\\/www.masina.rs\\\/eng\\\/wp-content\\\/uploads\\\/2025\\\/10\\\/P067255-13803-scaled.jpg\",\"width\":2560,\"height\":1707,\"caption\":\"Ursula Von der Leyen; Photo: CE - Service audiovisuel \\\/ Dati Bendo \\\/ EC Audiovisual Service; Copyright: European Union, 2025\"},{\"@type\":\"BreadcrumbList\",\"@id\":\"https:\\\/\\\/www.masina.rs\\\/eng\\\/von-der-leyen-faces-pressure-over-serbia-visit\\\/#breadcrumb\",\"itemListElement\":[{\"@type\":\"ListItem\",\"position\":1,\"name\":\"Home\",\"item\":\"https:\\\/\\\/www.masina.rs\\\/eng\\\/\"},{\"@type\":\"ListItem\",\"position\":2,\"name\":\"Von der Leyen Faces Pressure Over Serbia Visit\"}]},{\"@type\":\"WebSite\",\"@id\":\"https:\\\/\\\/www.masina.rs\\\/eng\\\/#website\",\"url\":\"https:\\\/\\\/www.masina.rs\\\/eng\\\/\",\"name\":\"Ma\u0161ina English\",\"description\":\"Production of Social Critique\",\"publisher\":{\"@id\":\"https:\\\/\\\/www.masina.rs\\\/eng\\\/#organization\"},\"potentialAction\":[{\"@type\":\"SearchAction\",\"target\":{\"@type\":\"EntryPoint\",\"urlTemplate\":\"https:\\\/\\\/www.masina.rs\\\/eng\\\/?s={search_term_string}\"},\"query-input\":{\"@type\":\"PropertyValueSpecification\",\"valueRequired\":true,\"valueName\":\"search_term_string\"}}],\"inLanguage\":\"en-US\"},{\"@type\":\"Organization\",\"@id\":\"https:\\\/\\\/www.masina.rs\\\/eng\\\/#organization\",\"name\":\"masina.rs\",\"url\":\"https:\\\/\\\/www.masina.rs\\\/eng\\\/\",\"logo\":{\"@type\":\"ImageObject\",\"inLanguage\":\"en-US\",\"@id\":\"https:\\\/\\\/www.masina.rs\\\/eng\\\/#\\\/schema\\\/logo\\\/image\\\/\",\"url\":\"https:\\\/\\\/www.masina.rs\\\/eng\\\/wp-content\\\/uploads\\\/2021\\\/05\\\/Masina-header-on-white-1.svg\",\"contentUrl\":\"https:\\\/\\\/www.masina.rs\\\/eng\\\/wp-content\\\/uploads\\\/2021\\\/05\\\/Masina-header-on-white-1.svg\",\"width\":850,\"height\":283,\"caption\":\"masina.rs\"},\"image\":{\"@id\":\"https:\\\/\\\/www.masina.rs\\\/eng\\\/#\\\/schema\\\/logo\\\/image\\\/\"},\"sameAs\":[\"https:\\\/\\\/www.facebook.com\\\/masinars\",\"https:\\\/\\\/x.com\\\/MasinaRS\",\"https:\\\/\\\/www.instagram.com\\\/masina.rs\"]},{\"@type\":\"Person\",\"@id\":\"https:\\\/\\\/www.masina.rs\\\/eng\\\/#\\\/schema\\\/person\\\/958b9359404b87ce04cd3437b841249a\",\"name\":\"Ma\u0161ina\",\"image\":{\"@type\":\"ImageObject\",\"inLanguage\":\"en-US\",\"@id\":\"https:\\\/\\\/secure.gravatar.com\\\/avatar\\\/714de62ad05798c58e25eca1fcdd8527f1b4886757589aaeee8409f9ffc347e5?s=96&d=mm&r=g712341107c94d7ea0db4b5f0543a82ce\",\"url\":\"https:\\\/\\\/secure.gravatar.com\\\/avatar\\\/714de62ad05798c58e25eca1fcdd8527f1b4886757589aaeee8409f9ffc347e5?s=96&d=mm&r=g\",\"contentUrl\":\"https:\\\/\\\/secure.gravatar.com\\\/avatar\\\/714de62ad05798c58e25eca1fcdd8527f1b4886757589aaeee8409f9ffc347e5?s=96&d=mm&r=g\",\"caption\":\"Ma\u0161ina\"},\"url\":\"https:\\\/\\\/www.masina.rs\\\/eng\\\/author\\\/masina\\\/\"}]}<\/script>\n<!-- \/ Yoast SEO plugin. -->","yoast_head_json":{"title":"Von der Leyen Faces Pressure Over Serbia Visit - Ma\u0161ina English","robots":{"index":"index","follow":"follow","max-snippet":"max-snippet:-1","max-image-preview":"max-image-preview:large","max-video-preview":"max-video-preview:-1"},"canonical":"https:\/\/www.masina.rs\/eng\/von-der-leyen-faces-pressure-over-serbia-visit\/","og_locale":"en_US","og_type":"article","og_title":"Von der Leyen Faces Pressure Over Serbia Visit - Ma\u0161ina English","og_description":"European Commission President Ursula von der Leyen will meet with Serbian President Vu\u010di\u0107 and Prime Minister Macut tomorrow during her visit to the Western Balkans. European political parties, media rights organizations, and Serbian citizens have called on von der Leyen to take a stand in support of those protesting against the government\u2019s corruption and repression. Von der Leyen is visiting Serbia as part of her tour of the Western Balkans, which also includes Albania, Montenegro, Bosnia and Herzegovina, and Kosovo.","og_url":"https:\/\/www.masina.rs\/eng\/von-der-leyen-faces-pressure-over-serbia-visit\/","og_site_name":"Ma\u0161ina English","article_publisher":"https:\/\/www.facebook.com\/masinars","article_published_time":"2025-10-14T16:37:10+00:00","article_modified_time":"2025-10-14T17:20:29+00:00","og_image":[{"width":2560,"height":1707,"url":"https:\/\/www.masina.rs\/eng\/wp-content\/uploads\/2025\/10\/P067255-13803-scaled.jpg","type":"image\/jpeg"}],"author":"Ma\u0161ina","twitter_card":"summary_large_image","twitter_creator":"@MasinaRS","twitter_site":"@MasinaRS","twitter_misc":{"Written by":"Ma\u0161ina","Est. reading time":"1 minute"},"schema":{"@context":"https:\/\/schema.org","@graph":[{"@type":"Article","@id":"https:\/\/www.masina.rs\/eng\/von-der-leyen-faces-pressure-over-serbia-visit\/#article","isPartOf":{"@id":"https:\/\/www.masina.rs\/eng\/von-der-leyen-faces-pressure-over-serbia-visit\/"},"author":{"name":"Ma\u0161ina","@id":"https:\/\/www.masina.rs\/eng\/#\/schema\/person\/958b9359404b87ce04cd3437b841249a"},"headline":"Von der Leyen Faces Pressure Over Serbia Visit","datePublished":"2025-10-14T16:37:10+00:00","dateModified":"2025-10-14T17:20:29+00:00","mainEntityOfPage":{"@id":"https:\/\/www.masina.rs\/eng\/von-der-leyen-faces-pressure-over-serbia-visit\/"},"wordCount":563,"publisher":{"@id":"https:\/\/www.masina.rs\/eng\/#organization"},"image":{"@id":"https:\/\/www.masina.rs\/eng\/von-der-leyen-faces-pressure-over-serbia-visit\/#primaryimage"},"thumbnailUrl":"https:\/\/www.masina.rs\/eng\/wp-content\/uploads\/2025\/10\/P067255-13803-scaled.jpg","keywords":["EU","european union","Serbia","von der layen"],"inLanguage":"en-US"},{"@type":"WebPage","@id":"https:\/\/www.masina.rs\/eng\/von-der-leyen-faces-pressure-over-serbia-visit\/","url":"https:\/\/www.masina.rs\/eng\/von-der-leyen-faces-pressure-over-serbia-visit\/","name":"Von der Leyen Faces Pressure Over Serbia Visit - Ma\u0161ina English","isPartOf":{"@id":"https:\/\/www.masina.rs\/eng\/#website"},"primaryImageOfPage":{"@id":"https:\/\/www.masina.rs\/eng\/von-der-leyen-faces-pressure-over-serbia-visit\/#primaryimage"},"image":{"@id":"https:\/\/www.masina.rs\/eng\/von-der-leyen-faces-pressure-over-serbia-visit\/#primaryimage"},"thumbnailUrl":"https:\/\/www.masina.rs\/eng\/wp-content\/uploads\/2025\/10\/P067255-13803-scaled.jpg","datePublished":"2025-10-14T16:37:10+00:00","dateModified":"2025-10-14T17:20:29+00:00","breadcrumb":{"@id":"https:\/\/www.masina.rs\/eng\/von-der-leyen-faces-pressure-over-serbia-visit\/#breadcrumb"},"inLanguage":"en-US","potentialAction":[{"@type":"ReadAction","target":["https:\/\/www.masina.rs\/eng\/von-der-leyen-faces-pressure-over-serbia-visit\/"]}]},{"@type":"ImageObject","inLanguage":"en-US","@id":"https:\/\/www.masina.rs\/eng\/von-der-leyen-faces-pressure-over-serbia-visit\/#primaryimage","url":"https:\/\/www.masina.rs\/eng\/wp-content\/uploads\/2025\/10\/P067255-13803-scaled.jpg","contentUrl":"https:\/\/www.masina.rs\/eng\/wp-content\/uploads\/2025\/10\/P067255-13803-scaled.jpg","width":2560,"height":1707,"caption":"Ursula Von der Leyen; Photo: CE - Service audiovisuel \/ Dati Bendo \/ EC Audiovisual Service; Copyright: European Union, 2025"},{"@type":"BreadcrumbList","@id":"https:\/\/www.masina.rs\/eng\/von-der-leyen-faces-pressure-over-serbia-visit\/#breadcrumb","itemListElement":[{"@type":"ListItem","position":1,"name":"Home","item":"https:\/\/www.masina.rs\/eng\/"},{"@type":"ListItem","position":2,"name":"Von der Leyen Faces Pressure Over Serbia Visit"}]},{"@type":"WebSite","@id":"https:\/\/www.masina.rs\/eng\/#website","url":"https:\/\/www.masina.rs\/eng\/","name":"Ma\u0161ina English","description":"Production of Social Critique","publisher":{"@id":"https:\/\/www.masina.rs\/eng\/#organization"},"potentialAction":[{"@type":"SearchAction","target":{"@type":"EntryPoint","urlTemplate":"https:\/\/www.masina.rs\/eng\/?s={search_term_string}"},"query-input":{"@type":"PropertyValueSpecification","valueRequired":true,"valueName":"search_term_string"}}],"inLanguage":"en-US"},{"@type":"Organization","@id":"https:\/\/www.masina.rs\/eng\/#organization","name":"masina.rs","url":"https:\/\/www.masina.rs\/eng\/","logo":{"@type":"ImageObject","inLanguage":"en-US","@id":"https:\/\/www.masina.rs\/eng\/#\/schema\/logo\/image\/","url":"https:\/\/www.masina.rs\/eng\/wp-content\/uploads\/2021\/05\/Masina-header-on-white-1.svg","contentUrl":"https:\/\/www.masina.rs\/eng\/wp-content\/uploads\/2021\/05\/Masina-header-on-white-1.svg","width":850,"height":283,"caption":"masina.rs"},"image":{"@id":"https:\/\/www.masina.rs\/eng\/#\/schema\/logo\/image\/"},"sameAs":["https:\/\/www.facebook.com\/masinars","https:\/\/x.com\/MasinaRS","https:\/\/www.instagram.com\/masina.rs"]},{"@type":"Person","@id":"https:\/\/www.masina.rs\/eng\/#\/schema\/person\/958b9359404b87ce04cd3437b841249a","name":"Ma\u0161ina","image":{"@type":"ImageObject","inLanguage":"en-US","@id":"https:\/\/secure.gravatar.com\/avatar\/714de62ad05798c58e25eca1fcdd8527f1b4886757589aaeee8409f9ffc347e5?s=96&d=mm&r=g712341107c94d7ea0db4b5f0543a82ce","url":"https:\/\/secure.gravatar.com\/avatar\/714de62ad05798c58e25eca1fcdd8527f1b4886757589aaeee8409f9ffc347e5?s=96&d=mm&r=g","contentUrl":"https:\/\/secure.gravatar.com\/avatar\/714de62ad05798c58e25eca1fcdd8527f1b4886757589aaeee8409f9ffc347e5?s=96&d=mm&r=g","caption":"Ma\u0161ina"},"url":"https:\/\/www.masina.rs\/eng\/author\/masina\/"}]}},"_links":{"self":[{"href":"https:\/\/www.masina.rs\/eng\/wp-json\/wp\/v2\/posts\/20505","targetHints":{"allow":["GET"]}}],"collection":[{"href":"https:\/\/www.masina.rs\/eng\/wp-json\/wp\/v2\/posts"}],"about":[{"href":"https:\/\/www.masina.rs\/eng\/wp-json\/wp\/v2\/types\/post"}],"author":[{"embeddable":true,"href":"https:\/\/www.masina.rs\/eng\/wp-json\/wp\/v2\/users\/2"}],"replies":[{"embeddable":true,"href":"https:\/\/www.masina.rs\/eng\/wp-json\/wp\/v2\/comments?post=20505"}],"version-history":[{"count":3,"href":"https:\/\/www.masina.rs\/eng\/wp-json\/wp\/v2\/posts\/20505\/revisions"}],"predecessor-version":[{"id":20509,"href":"https:\/\/www.masina.rs\/eng\/wp-json\/wp\/v2\/posts\/20505\/revisions\/20509"}],"wp:featuredmedia":[{"embeddable":true,"href":"https:\/\/www.masina.rs\/eng\/wp-json\/wp\/v2\/media\/20506"}],"wp:attachment":[{"href":"https:\/\/www.masina.rs\/eng\/wp-json\/wp\/v2\/media?parent=20505"}],"wp:term":[{"taxonomy":"category","embeddable":true,"href":"https:\/\/www.masina.rs\/eng\/wp-json\/wp\/v2\/categories?post=20505"},{"taxonomy":"post_tag","embeddable":true,"href":"https:\/\/www.masina.rs\/eng\/wp-json\/wp\/v2\/tags?post=20505"},{"taxonomy":"form","embeddable":true,"href":"https:\/\/www.masina.rs\/eng\/wp-json\/wp\/v2\/form?post=20505"},{"taxonomy":"concept","embeddable":true,"href":"https:\/\/www.masina.rs\/eng\/wp-json\/wp\/v2\/concept?post=20505"},{"taxonomy":"contents","embeddable":true,"href":"https:\/\/www.masina.rs\/eng\/wp-json\/wp\/v2\/contents?post=20505"},{"taxonomy":"author","embeddable":true,"href":"https:\/\/www.masina.rs\/eng\/wp-json\/wp\/v2\/coauthors?post=20505"}],"curies":[{"name":"wp","href":"https:\/\/api.w.org\/{rel}","templated":true}]}}