{"id":20709,"date":"2026-01-23T18:34:33","date_gmt":"2026-01-23T17:34:33","guid":{"rendered":"https:\/\/www.masina.rs\/eng\/?p=20709"},"modified":"2026-01-23T18:34:34","modified_gmt":"2026-01-23T17:34:34","slug":"eu-funds-are-fueling-repression-in-serbia-european-parliament-meets-with-serbian-opposition","status":"publish","type":"post","link":"https:\/\/www.masina.rs\/eng\/eu-funds-are-fueling-repression-in-serbia-european-parliament-meets-with-serbian-opposition\/","title":{"rendered":"\u201cEU Funds Are Fueling Repression in Serbia\u201d: European Parliament meets with Serbian Opposition"},"content":{"rendered":"\n<p class=\"has-drop-cap\">Following their meeting with the Vice President of the National Assembly and the Chair of the Committee on European Integration, the European Parliament delegation also met with representatives of the opposition.<\/p>\n\n\n\n<p>At the meeting, the opposition called on the EU to monitor local elections in Serbia and to redirect funds from accession instruments away from government institutions that misuse them toward civil society organizations and media working in the public interest. Earlier, they demanded that the EU impose personalized, targeted sanctions against individuals within the government responsible for repression.<\/p>\n\n\n\n<p>Ma\u0161ina spoke with three members of parliament about their impressions of the meeting.<\/p>\n\n\n\n<h2 class=\"wp-block-heading\"><strong>Grbovi\u0107: EU funds are being used to further repression in Serbia<\/strong><\/h2>\n\n\n\n<p>Pavle Grbovi\u0107, president of the Free Citizens\u2019 Movement (PSG) and a member of parliament, told Ma\u0161ina that members of the delegation were receptive to their proposal regarding redirecting EU funds.<\/p>\n\n\n\n<p>\u201cToday at the meeting, we proposed that all funds normally allocated to the state and its institutions be redirected to civil society organizations and free media that, in essence, best demonstrate and defend European values in Serbia. This is not a novelty, nor something we invented or that has never happened before. It is an approach that, for example, the Swedish government applied toward the government of the Republic of Serbia due to constant violations of democratic procedures. It is also a principle, or approach, that the European Commission is already applying in Georgia. So, this is something that exists, and this proposal was met with understanding, I would even say approval, by the majority of the delegation. It is a proposal and an idea that is already being seriously considered within EU institutions,\u201d Grbovi\u0107 said.<\/p>\n\n\n\n<p>The MP and PSG party president added that MEPs are aware that funds reaching institutions are being misused. Grbovi\u0107 says the EU mission was told that the financial support the government receives is being used to strengthen its repressive apparatus, bolstering the police so they can more effectively break up demonstrations and instill fear among Serbia\u2019s population.<\/p>\n\n\n\n<p>\u201cThis is the police that beats students, that wiretaps and surveils the opposition, journalists, civil society, and everyone else. Simply put, putting money into the hands of this regime and its institutions that will abuse it is a rather negative advertisement for the European Union itself. Regardless of the fact that the funds Serbia receives are extremely small, far smaller than what many other countries in the region receive, let alone EU member states, and that Serbia can no longer access many of those funds due to the destruction of democracy. But even that loose change, from their perspective, which ends up in the hands of this regime, is enough to impose and maintain a reign of fear in Serbia,\u201d Grbovi\u0107 concluded.<\/p>\n\n\n\n<figure class=\"wp-block-embed is-type-video is-provider-youtube wp-block-embed-youtube\"><div class=\"wp-block-embed__wrapper\">\n<div class=\"container-lazyload preview-lazyload container-youtube js-lazyload--not-loaded\"><a href=\"https:\/\/www.youtube.com\/shorts\/9bPtJAg8FXY\" class=\"lazy-load-youtube preview-lazyload preview-youtube\" data-video-title=\"Pavle Grbovi\u0107 o predlozima koje su uputili delegaciji EU\" title=\"Play video &quot;Pavle Grbovi\u0107 o predlozima koje su uputili delegaciji EU&quot;\">https:\/\/www.youtube.com\/shorts\/9bPtJAg8FXY<\/a><noscript>Video can&#8217;t be loaded because JavaScript is disabled: <a href=\"https:\/\/www.youtube.com\/shorts\/9bPtJAg8FXY\" title=\"Pavle Grbovi\u0107 o predlozima koje su uputili delegaciji EU\">Pavle Grbovi\u0107 o predlozima koje su uputili delegaciji EU (https:\/\/www.youtube.com\/shorts\/9bPtJAg8FXY)<\/a><\/noscript><\/div>\n<\/div><\/figure>\n\n\n\n<h2 class=\"wp-block-heading\"><strong>Lazovi\u0107: Local elections were a significant topic of the meeting<\/strong><\/h2>\n\n\n\n<p>Radomir Lazovi\u0107, co-chair of the Green\u2013Left Front, told Ma\u0161ina that a shift in the European Union\u2019s attitude toward Serbia\u2019s authorities is already visible.<\/p>\n\n\n\n<p>\u201cWhat is different is that different bodies are reacting differently. Where I think we have achieved the greatest success is in the European Parliament. What we expect next is the European Commission. On the other hand, the ruling Serbian Progressive Party is not sitting idly by. They have now scattered to find some kind of foothold in one of those bodies so they can present themselves as if they still have support,\u201d Lazovi\u0107 said.<\/p>\n\n\n\n<p>Lazovi\u0107 added that upcoming local elections were an important topic discussed in the meeting.<\/p>\n\n\n\n<p>\u201cWe asked for a mission to come to the local elections that are currently taking place. These are all difficult issues because they generally do not send missions to local elections, but we received assurances that they would try. In addition, we asked that the elections not be recognized if fraud occurs. We already have a European Parliament resolution stating that there was fraud in the previous elections. Now we asked that elections not be recognized if such fraud happens again, and I think that for the first time we have full support for positions we have been expressing for a long time,\u201d Lazovi\u0107 emphasized.<\/p>\n\n\n\n<figure class=\"wp-block-embed is-type-video is-provider-youtube wp-block-embed-youtube\"><div class=\"wp-block-embed__wrapper\">\n<div class=\"container-lazyload preview-lazyload container-youtube js-lazyload--not-loaded\"><a href=\"https:\/\/www.youtube.com\/shorts\/hxyXtknc-Nc?embeds_referring_euri=https%3A%2F%2Fwww.masina.rs%2F&#038;source_ve_path=MjM4NTE\" class=\"lazy-load-youtube preview-lazyload preview-youtube\" data-video-title=\"Radomir Lazovi\u0107 za Ma\u0161inu nakon sastanka sa EU delegacijom\" title=\"Play video &quot;Radomir Lazovi\u0107 za Ma\u0161inu nakon sastanka sa EU delegacijom&quot;\">https:\/\/www.youtube.com\/shorts\/hxyXtknc-Nc?embeds_referring_euri=https%3A%2F%2Fwww.masina.rs%2F&#038;source_ve_path=MjM4NTE<\/a><noscript>Video can&#8217;t be loaded because JavaScript is disabled: <a href=\"https:\/\/www.youtube.com\/shorts\/hxyXtknc-Nc?embeds_referring_euri=https%3A%2F%2Fwww.masina.rs%2F&#038;source_ve_path=MjM4NTE\" title=\"Radomir Lazovi\u0107 za Ma\u0161inu nakon sastanka sa EU delegacijom\">Radomir Lazovi\u0107 za Ma\u0161inu nakon sastanka sa EU delegacijom (https:\/\/www.youtube.com\/shorts\/hxyXtknc-Nc?embeds_referring_euri=https%3A%2F%2Fwww.masina.rs%2F&#038;source_ve_path=MjM4NTE)<\/a><\/noscript><\/div>\n<\/div><\/figure>\n\n\n\n<h2 class=\"wp-block-heading\"><strong>\u0106uta: How things develop next also depends on us<\/strong><\/h2>\n\n\n\n<p>Member of parliament and leader of the Ecological Uprising, Aleksandar Jovanovi\u0107 \u0106uta, spoke to Ma\u0161ina about expectations following the meeting with the EP delegation.<\/p>\n\n\n\n<p>\u201cUrsula and Marta Kos and the rest will still kiss Vu\u010di\u0107 whenever they meet him \u2013 whether in Davos or at some other meeting \u2013 and the opposition here, along with dissatisfied representatives of the citizens, will continue to say that there are neither human rights\u2014nor even the letter \u2018h\u2019 of them. Nor media freedom. This has been going on for a very long time. It is true that for twelve years the European Union has coldly observed a dictator who is dismantling everything that constitutes basic human rights, justice, and the rule of law. What is unimaginable there, he does here, and we keep going in circles. How things develop next also depends on us here \u2013 on this uprising, which I hope will deliver results \u2013 and it also depends on geopolitical factors, because what is happening to them now is actually the same thing that happened to us\u201d \u0106uta said.<\/p>\n\n\n\n<p>According to the MP, we are in a period that \u201csmells like war.\u201d<\/p>\n\n\n\n<p>\u201cThat is why I asked Mr. Picula to do everything within his power to choose words carefully, not to use harsh language, so that we never again find ourselves in a situation where our children are rolling around in trenches on Balkan battlefields \u2013 because both there and here we are seeing a resurgence of outright fascism,\u201d \u0106uta stressed.<\/p>\n\n\n\n<figure class=\"wp-block-embed is-type-video is-provider-youtube wp-block-embed-youtube\"><div class=\"wp-block-embed__wrapper\">\n<div class=\"container-lazyload preview-lazyload container-youtube js-lazyload--not-loaded\"><a href=\"https:\/\/www.youtube.com\/watch?v=qtqsLyWDZnw\" class=\"lazy-load-youtube preview-lazyload preview-youtube\" data-video-title=\"Aleksandar Jovanovi\u0107 \u0106uta za Ma\u0161inu nakon sastanka predstavnika opozicije sa Eu delegacijom\" title=\"Play video &quot;Aleksandar Jovanovi\u0107 \u0106uta za Ma\u0161inu nakon sastanka predstavnika opozicije sa Eu delegacijom&quot;\">https:\/\/www.youtube.com\/watch?v=qtqsLyWDZnw<\/a><noscript>Video can&#8217;t be loaded because JavaScript is disabled: <a href=\"https:\/\/www.youtube.com\/watch?v=qtqsLyWDZnw\" title=\"Aleksandar Jovanovi\u0107 \u0106uta za Ma\u0161inu nakon sastanka predstavnika opozicije sa Eu delegacijom\">Aleksandar Jovanovi\u0107 \u0106uta za Ma\u0161inu nakon sastanka predstavnika opozicije sa Eu delegacijom (https:\/\/www.youtube.com\/watch?v=qtqsLyWDZnw)<\/a><\/noscript><\/div>\n<\/div><\/figure>\n\n\n\n<p class=\"has-text-align-right\"><em>A.G.A.<\/em><\/p>\n","protected":false},"excerpt":{"rendered":"<p>During its fact-finding visit to Serbia, a delegation of the European Parliament met with representatives of the Serbian opposition. Following the meeting, Ma\u0161ina spoke with three opposition members of parliament, who said the talks focused on election integrity, the misuse of EU accession funds, and what \u2013 if anything \u2013 can be expected to change in the EU\u2019s relations with the Serbian government.<\/p>\n","protected":false},"author":2,"featured_media":20710,"comment_status":"closed","ping_status":"closed","sticky":false,"template":"","format":"standard","meta":{"_acf_changed":false,"footnotes":""},"categories":[1],"tags":[365,387,388,127],"form":[71],"concept":[331],"contents":[],"coauthors":[5],"class_list":["post-20709","post","type-post","status-publish","format-standard","has-post-thumbnail","hentry","category-uncategorized","tag-european-union","tag-opposition","tag-parliament","tag-serbia","form-news","concept-politics","infinite-scroll-item","generate-columns","tablet-grid-50","mobile-grid-100","grid-parent","grid-25"],"acf":[],"yoast_head":"<!-- This site is optimized with the Yoast SEO plugin v27.5 - https:\/\/yoast.com\/product\/yoast-seo-wordpress\/ -->\n<title>\u201cEU Funds Are Fueling Repression in Serbia\u201d: European Parliament meets with Serbian Opposition - Ma\u0161ina English<\/title>\n<meta name=\"robots\" content=\"index, follow, max-snippet:-1, max-image-preview:large, max-video-preview:-1\" \/>\n<link rel=\"canonical\" href=\"https:\/\/www.masina.rs\/eng\/eu-funds-are-fueling-repression-in-serbia-european-parliament-meets-with-serbian-opposition\/\" \/>\n<meta property=\"og:locale\" content=\"en_US\" \/>\n<meta property=\"og:type\" content=\"article\" \/>\n<meta property=\"og:title\" content=\"\u201cEU Funds Are Fueling Repression in Serbia\u201d: European Parliament meets with Serbian Opposition - Ma\u0161ina English\" \/>\n<meta property=\"og:description\" content=\"During its fact-finding visit to Serbia, a delegation of the European Parliament met with representatives of the Serbian opposition. Following the meeting, Ma\u0161ina spoke with three opposition members of parliament, who said the talks focused on election integrity, the misuse of EU accession funds, and what \u2013 if anything \u2013 can be expected to change in the EU\u2019s relations with the Serbian government.\" \/>\n<meta property=\"og:url\" content=\"https:\/\/www.masina.rs\/eng\/eu-funds-are-fueling-repression-in-serbia-european-parliament-meets-with-serbian-opposition\/\" \/>\n<meta property=\"og:site_name\" content=\"Ma\u0161ina English\" \/>\n<meta property=\"article:publisher\" content=\"https:\/\/www.facebook.com\/masinars\" \/>\n<meta property=\"article:published_time\" content=\"2026-01-23T17:34:33+00:00\" \/>\n<meta property=\"article:modified_time\" content=\"2026-01-23T17:34:34+00:00\" \/>\n<meta property=\"og:image\" content=\"https:\/\/www.masina.rs\/eng\/wp-content\/uploads\/2026\/01\/KZM.webp\" \/>\n\t<meta property=\"og:image:width\" content=\"1200\" \/>\n\t<meta property=\"og:image:height\" content=\"900\" \/>\n\t<meta property=\"og:image:type\" content=\"image\/webp\" \/>\n<meta name=\"author\" content=\"Ma\u0161ina\" \/>\n<meta name=\"twitter:card\" content=\"summary_large_image\" \/>\n<meta name=\"twitter:creator\" content=\"@MasinaRS\" \/>\n<meta name=\"twitter:site\" content=\"@MasinaRS\" \/>\n<meta name=\"twitter:label1\" content=\"Written by\" \/>\n\t<meta name=\"twitter:data1\" content=\"Ma\u0161ina\" \/>\n\t<meta name=\"twitter:label2\" content=\"Est. reading time\" \/>\n\t<meta name=\"twitter:data2\" content=\"5 minutes\" \/>\n<script type=\"application\/ld+json\" class=\"yoast-schema-graph\">{\"@context\":\"https:\\\/\\\/schema.org\",\"@graph\":[{\"@type\":\"Article\",\"@id\":\"https:\\\/\\\/www.masina.rs\\\/eng\\\/eu-funds-are-fueling-repression-in-serbia-european-parliament-meets-with-serbian-opposition\\\/#article\",\"isPartOf\":{\"@id\":\"https:\\\/\\\/www.masina.rs\\\/eng\\\/eu-funds-are-fueling-repression-in-serbia-european-parliament-meets-with-serbian-opposition\\\/\"},\"author\":{\"name\":\"Ma\u0161ina\",\"@id\":\"https:\\\/\\\/www.masina.rs\\\/eng\\\/#\\\/schema\\\/person\\\/958b9359404b87ce04cd3437b841249a\"},\"headline\":\"\u201cEU Funds Are Fueling Repression in Serbia\u201d: European Parliament meets with Serbian Opposition\",\"datePublished\":\"2026-01-23T17:34:33+00:00\",\"dateModified\":\"2026-01-23T17:34:34+00:00\",\"mainEntityOfPage\":{\"@id\":\"https:\\\/\\\/www.masina.rs\\\/eng\\\/eu-funds-are-fueling-repression-in-serbia-european-parliament-meets-with-serbian-opposition\\\/\"},\"wordCount\":999,\"publisher\":{\"@id\":\"https:\\\/\\\/www.masina.rs\\\/eng\\\/#organization\"},\"image\":{\"@id\":\"https:\\\/\\\/www.masina.rs\\\/eng\\\/eu-funds-are-fueling-repression-in-serbia-european-parliament-meets-with-serbian-opposition\\\/#primaryimage\"},\"thumbnailUrl\":\"https:\\\/\\\/www.masina.rs\\\/eng\\\/wp-content\\\/uploads\\\/2026\\\/01\\\/KZM.webp\",\"keywords\":[\"european union\",\"opposition\",\"parliament\",\"Serbia\"],\"inLanguage\":\"en-US\"},{\"@type\":\"WebPage\",\"@id\":\"https:\\\/\\\/www.masina.rs\\\/eng\\\/eu-funds-are-fueling-repression-in-serbia-european-parliament-meets-with-serbian-opposition\\\/\",\"url\":\"https:\\\/\\\/www.masina.rs\\\/eng\\\/eu-funds-are-fueling-repression-in-serbia-european-parliament-meets-with-serbian-opposition\\\/\",\"name\":\"\u201cEU Funds Are Fueling Repression in Serbia\u201d: European Parliament meets with Serbian Opposition - Ma\u0161ina English\",\"isPartOf\":{\"@id\":\"https:\\\/\\\/www.masina.rs\\\/eng\\\/#website\"},\"primaryImageOfPage\":{\"@id\":\"https:\\\/\\\/www.masina.rs\\\/eng\\\/eu-funds-are-fueling-repression-in-serbia-european-parliament-meets-with-serbian-opposition\\\/#primaryimage\"},\"image\":{\"@id\":\"https:\\\/\\\/www.masina.rs\\\/eng\\\/eu-funds-are-fueling-repression-in-serbia-european-parliament-meets-with-serbian-opposition\\\/#primaryimage\"},\"thumbnailUrl\":\"https:\\\/\\\/www.masina.rs\\\/eng\\\/wp-content\\\/uploads\\\/2026\\\/01\\\/KZM.webp\",\"datePublished\":\"2026-01-23T17:34:33+00:00\",\"dateModified\":\"2026-01-23T17:34:34+00:00\",\"breadcrumb\":{\"@id\":\"https:\\\/\\\/www.masina.rs\\\/eng\\\/eu-funds-are-fueling-repression-in-serbia-european-parliament-meets-with-serbian-opposition\\\/#breadcrumb\"},\"inLanguage\":\"en-US\",\"potentialAction\":[{\"@type\":\"ReadAction\",\"target\":[\"https:\\\/\\\/www.masina.rs\\\/eng\\\/eu-funds-are-fueling-repression-in-serbia-european-parliament-meets-with-serbian-opposition\\\/\"]}]},{\"@type\":\"ImageObject\",\"inLanguage\":\"en-US\",\"@id\":\"https:\\\/\\\/www.masina.rs\\\/eng\\\/eu-funds-are-fueling-repression-in-serbia-european-parliament-meets-with-serbian-opposition\\\/#primaryimage\",\"url\":\"https:\\\/\\\/www.masina.rs\\\/eng\\\/wp-content\\\/uploads\\\/2026\\\/01\\\/KZM.webp\",\"contentUrl\":\"https:\\\/\\\/www.masina.rs\\\/eng\\\/wp-content\\\/uploads\\\/2026\\\/01\\\/KZM.webp\",\"width\":1200,\"height\":900,\"caption\":\"Opposition parliamentary parties hold a media press conference after the meeting with the EU delegation. Photo: Ma\u0161ina\"},{\"@type\":\"BreadcrumbList\",\"@id\":\"https:\\\/\\\/www.masina.rs\\\/eng\\\/eu-funds-are-fueling-repression-in-serbia-european-parliament-meets-with-serbian-opposition\\\/#breadcrumb\",\"itemListElement\":[{\"@type\":\"ListItem\",\"position\":1,\"name\":\"Home\",\"item\":\"https:\\\/\\\/www.masina.rs\\\/eng\\\/\"},{\"@type\":\"ListItem\",\"position\":2,\"name\":\"\u201cEU Funds Are Fueling Repression in Serbia\u201d: European Parliament meets with Serbian Opposition\"}]},{\"@type\":\"WebSite\",\"@id\":\"https:\\\/\\\/www.masina.rs\\\/eng\\\/#website\",\"url\":\"https:\\\/\\\/www.masina.rs\\\/eng\\\/\",\"name\":\"Ma\u0161ina English\",\"description\":\"Production of Social Critique\",\"publisher\":{\"@id\":\"https:\\\/\\\/www.masina.rs\\\/eng\\\/#organization\"},\"potentialAction\":[{\"@type\":\"SearchAction\",\"target\":{\"@type\":\"EntryPoint\",\"urlTemplate\":\"https:\\\/\\\/www.masina.rs\\\/eng\\\/?s={search_term_string}\"},\"query-input\":{\"@type\":\"PropertyValueSpecification\",\"valueRequired\":true,\"valueName\":\"search_term_string\"}}],\"inLanguage\":\"en-US\"},{\"@type\":\"Organization\",\"@id\":\"https:\\\/\\\/www.masina.rs\\\/eng\\\/#organization\",\"name\":\"masina.rs\",\"url\":\"https:\\\/\\\/www.masina.rs\\\/eng\\\/\",\"logo\":{\"@type\":\"ImageObject\",\"inLanguage\":\"en-US\",\"@id\":\"https:\\\/\\\/www.masina.rs\\\/eng\\\/#\\\/schema\\\/logo\\\/image\\\/\",\"url\":\"https:\\\/\\\/www.masina.rs\\\/eng\\\/wp-content\\\/uploads\\\/2021\\\/05\\\/Masina-header-on-white-1.svg\",\"contentUrl\":\"https:\\\/\\\/www.masina.rs\\\/eng\\\/wp-content\\\/uploads\\\/2021\\\/05\\\/Masina-header-on-white-1.svg\",\"width\":850,\"height\":283,\"caption\":\"masina.rs\"},\"image\":{\"@id\":\"https:\\\/\\\/www.masina.rs\\\/eng\\\/#\\\/schema\\\/logo\\\/image\\\/\"},\"sameAs\":[\"https:\\\/\\\/www.facebook.com\\\/masinars\",\"https:\\\/\\\/x.com\\\/MasinaRS\",\"https:\\\/\\\/www.instagram.com\\\/masina.rs\"]},{\"@type\":\"Person\",\"@id\":\"https:\\\/\\\/www.masina.rs\\\/eng\\\/#\\\/schema\\\/person\\\/958b9359404b87ce04cd3437b841249a\",\"name\":\"Ma\u0161ina\",\"image\":{\"@type\":\"ImageObject\",\"inLanguage\":\"en-US\",\"@id\":\"https:\\\/\\\/secure.gravatar.com\\\/avatar\\\/714de62ad05798c58e25eca1fcdd8527f1b4886757589aaeee8409f9ffc347e5?s=96&d=mm&r=g712341107c94d7ea0db4b5f0543a82ce\",\"url\":\"https:\\\/\\\/secure.gravatar.com\\\/avatar\\\/714de62ad05798c58e25eca1fcdd8527f1b4886757589aaeee8409f9ffc347e5?s=96&d=mm&r=g\",\"contentUrl\":\"https:\\\/\\\/secure.gravatar.com\\\/avatar\\\/714de62ad05798c58e25eca1fcdd8527f1b4886757589aaeee8409f9ffc347e5?s=96&d=mm&r=g\",\"caption\":\"Ma\u0161ina\"},\"url\":\"https:\\\/\\\/www.masina.rs\\\/eng\\\/author\\\/masina\\\/\"}]}<\/script>\n<!-- \/ Yoast SEO plugin. -->","yoast_head_json":{"title":"\u201cEU Funds Are Fueling Repression in Serbia\u201d: European Parliament meets with Serbian Opposition - Ma\u0161ina English","robots":{"index":"index","follow":"follow","max-snippet":"max-snippet:-1","max-image-preview":"max-image-preview:large","max-video-preview":"max-video-preview:-1"},"canonical":"https:\/\/www.masina.rs\/eng\/eu-funds-are-fueling-repression-in-serbia-european-parliament-meets-with-serbian-opposition\/","og_locale":"en_US","og_type":"article","og_title":"\u201cEU Funds Are Fueling Repression in Serbia\u201d: European Parliament meets with Serbian Opposition - Ma\u0161ina English","og_description":"During its fact-finding visit to Serbia, a delegation of the European Parliament met with representatives of the Serbian opposition. Following the meeting, Ma\u0161ina spoke with three opposition members of parliament, who said the talks focused on election integrity, the misuse of EU accession funds, and what \u2013 if anything \u2013 can be expected to change in the EU\u2019s relations with the Serbian government.","og_url":"https:\/\/www.masina.rs\/eng\/eu-funds-are-fueling-repression-in-serbia-european-parliament-meets-with-serbian-opposition\/","og_site_name":"Ma\u0161ina English","article_publisher":"https:\/\/www.facebook.com\/masinars","article_published_time":"2026-01-23T17:34:33+00:00","article_modified_time":"2026-01-23T17:34:34+00:00","og_image":[{"width":1200,"height":900,"url":"https:\/\/www.masina.rs\/eng\/wp-content\/uploads\/2026\/01\/KZM.webp","type":"image\/webp"}],"author":"Ma\u0161ina","twitter_card":"summary_large_image","twitter_creator":"@MasinaRS","twitter_site":"@MasinaRS","twitter_misc":{"Written by":"Ma\u0161ina","Est. reading time":"5 minutes"},"schema":{"@context":"https:\/\/schema.org","@graph":[{"@type":"Article","@id":"https:\/\/www.masina.rs\/eng\/eu-funds-are-fueling-repression-in-serbia-european-parliament-meets-with-serbian-opposition\/#article","isPartOf":{"@id":"https:\/\/www.masina.rs\/eng\/eu-funds-are-fueling-repression-in-serbia-european-parliament-meets-with-serbian-opposition\/"},"author":{"name":"Ma\u0161ina","@id":"https:\/\/www.masina.rs\/eng\/#\/schema\/person\/958b9359404b87ce04cd3437b841249a"},"headline":"\u201cEU Funds Are Fueling Repression in Serbia\u201d: European Parliament meets with Serbian Opposition","datePublished":"2026-01-23T17:34:33+00:00","dateModified":"2026-01-23T17:34:34+00:00","mainEntityOfPage":{"@id":"https:\/\/www.masina.rs\/eng\/eu-funds-are-fueling-repression-in-serbia-european-parliament-meets-with-serbian-opposition\/"},"wordCount":999,"publisher":{"@id":"https:\/\/www.masina.rs\/eng\/#organization"},"image":{"@id":"https:\/\/www.masina.rs\/eng\/eu-funds-are-fueling-repression-in-serbia-european-parliament-meets-with-serbian-opposition\/#primaryimage"},"thumbnailUrl":"https:\/\/www.masina.rs\/eng\/wp-content\/uploads\/2026\/01\/KZM.webp","keywords":["european union","opposition","parliament","Serbia"],"inLanguage":"en-US"},{"@type":"WebPage","@id":"https:\/\/www.masina.rs\/eng\/eu-funds-are-fueling-repression-in-serbia-european-parliament-meets-with-serbian-opposition\/","url":"https:\/\/www.masina.rs\/eng\/eu-funds-are-fueling-repression-in-serbia-european-parliament-meets-with-serbian-opposition\/","name":"\u201cEU Funds Are Fueling Repression in Serbia\u201d: European Parliament meets with Serbian Opposition - Ma\u0161ina English","isPartOf":{"@id":"https:\/\/www.masina.rs\/eng\/#website"},"primaryImageOfPage":{"@id":"https:\/\/www.masina.rs\/eng\/eu-funds-are-fueling-repression-in-serbia-european-parliament-meets-with-serbian-opposition\/#primaryimage"},"image":{"@id":"https:\/\/www.masina.rs\/eng\/eu-funds-are-fueling-repression-in-serbia-european-parliament-meets-with-serbian-opposition\/#primaryimage"},"thumbnailUrl":"https:\/\/www.masina.rs\/eng\/wp-content\/uploads\/2026\/01\/KZM.webp","datePublished":"2026-01-23T17:34:33+00:00","dateModified":"2026-01-23T17:34:34+00:00","breadcrumb":{"@id":"https:\/\/www.masina.rs\/eng\/eu-funds-are-fueling-repression-in-serbia-european-parliament-meets-with-serbian-opposition\/#breadcrumb"},"inLanguage":"en-US","potentialAction":[{"@type":"ReadAction","target":["https:\/\/www.masina.rs\/eng\/eu-funds-are-fueling-repression-in-serbia-european-parliament-meets-with-serbian-opposition\/"]}]},{"@type":"ImageObject","inLanguage":"en-US","@id":"https:\/\/www.masina.rs\/eng\/eu-funds-are-fueling-repression-in-serbia-european-parliament-meets-with-serbian-opposition\/#primaryimage","url":"https:\/\/www.masina.rs\/eng\/wp-content\/uploads\/2026\/01\/KZM.webp","contentUrl":"https:\/\/www.masina.rs\/eng\/wp-content\/uploads\/2026\/01\/KZM.webp","width":1200,"height":900,"caption":"Opposition parliamentary parties hold a media press conference after the meeting with the EU delegation. Photo: Ma\u0161ina"},{"@type":"BreadcrumbList","@id":"https:\/\/www.masina.rs\/eng\/eu-funds-are-fueling-repression-in-serbia-european-parliament-meets-with-serbian-opposition\/#breadcrumb","itemListElement":[{"@type":"ListItem","position":1,"name":"Home","item":"https:\/\/www.masina.rs\/eng\/"},{"@type":"ListItem","position":2,"name":"\u201cEU Funds Are Fueling Repression in Serbia\u201d: European Parliament meets with Serbian Opposition"}]},{"@type":"WebSite","@id":"https:\/\/www.masina.rs\/eng\/#website","url":"https:\/\/www.masina.rs\/eng\/","name":"Ma\u0161ina English","description":"Production of Social Critique","publisher":{"@id":"https:\/\/www.masina.rs\/eng\/#organization"},"potentialAction":[{"@type":"SearchAction","target":{"@type":"EntryPoint","urlTemplate":"https:\/\/www.masina.rs\/eng\/?s={search_term_string}"},"query-input":{"@type":"PropertyValueSpecification","valueRequired":true,"valueName":"search_term_string"}}],"inLanguage":"en-US"},{"@type":"Organization","@id":"https:\/\/www.masina.rs\/eng\/#organization","name":"masina.rs","url":"https:\/\/www.masina.rs\/eng\/","logo":{"@type":"ImageObject","inLanguage":"en-US","@id":"https:\/\/www.masina.rs\/eng\/#\/schema\/logo\/image\/","url":"https:\/\/www.masina.rs\/eng\/wp-content\/uploads\/2021\/05\/Masina-header-on-white-1.svg","contentUrl":"https:\/\/www.masina.rs\/eng\/wp-content\/uploads\/2021\/05\/Masina-header-on-white-1.svg","width":850,"height":283,"caption":"masina.rs"},"image":{"@id":"https:\/\/www.masina.rs\/eng\/#\/schema\/logo\/image\/"},"sameAs":["https:\/\/www.facebook.com\/masinars","https:\/\/x.com\/MasinaRS","https:\/\/www.instagram.com\/masina.rs"]},{"@type":"Person","@id":"https:\/\/www.masina.rs\/eng\/#\/schema\/person\/958b9359404b87ce04cd3437b841249a","name":"Ma\u0161ina","image":{"@type":"ImageObject","inLanguage":"en-US","@id":"https:\/\/secure.gravatar.com\/avatar\/714de62ad05798c58e25eca1fcdd8527f1b4886757589aaeee8409f9ffc347e5?s=96&d=mm&r=g712341107c94d7ea0db4b5f0543a82ce","url":"https:\/\/secure.gravatar.com\/avatar\/714de62ad05798c58e25eca1fcdd8527f1b4886757589aaeee8409f9ffc347e5?s=96&d=mm&r=g","contentUrl":"https:\/\/secure.gravatar.com\/avatar\/714de62ad05798c58e25eca1fcdd8527f1b4886757589aaeee8409f9ffc347e5?s=96&d=mm&r=g","caption":"Ma\u0161ina"},"url":"https:\/\/www.masina.rs\/eng\/author\/masina\/"}]}},"_links":{"self":[{"href":"https:\/\/www.masina.rs\/eng\/wp-json\/wp\/v2\/posts\/20709","targetHints":{"allow":["GET"]}}],"collection":[{"href":"https:\/\/www.masina.rs\/eng\/wp-json\/wp\/v2\/posts"}],"about":[{"href":"https:\/\/www.masina.rs\/eng\/wp-json\/wp\/v2\/types\/post"}],"author":[{"embeddable":true,"href":"https:\/\/www.masina.rs\/eng\/wp-json\/wp\/v2\/users\/2"}],"replies":[{"embeddable":true,"href":"https:\/\/www.masina.rs\/eng\/wp-json\/wp\/v2\/comments?post=20709"}],"version-history":[{"count":1,"href":"https:\/\/www.masina.rs\/eng\/wp-json\/wp\/v2\/posts\/20709\/revisions"}],"predecessor-version":[{"id":20711,"href":"https:\/\/www.masina.rs\/eng\/wp-json\/wp\/v2\/posts\/20709\/revisions\/20711"}],"wp:featuredmedia":[{"embeddable":true,"href":"https:\/\/www.masina.rs\/eng\/wp-json\/wp\/v2\/media\/20710"}],"wp:attachment":[{"href":"https:\/\/www.masina.rs\/eng\/wp-json\/wp\/v2\/media?parent=20709"}],"wp:term":[{"taxonomy":"category","embeddable":true,"href":"https:\/\/www.masina.rs\/eng\/wp-json\/wp\/v2\/categories?post=20709"},{"taxonomy":"post_tag","embeddable":true,"href":"https:\/\/www.masina.rs\/eng\/wp-json\/wp\/v2\/tags?post=20709"},{"taxonomy":"form","embeddable":true,"href":"https:\/\/www.masina.rs\/eng\/wp-json\/wp\/v2\/form?post=20709"},{"taxonomy":"concept","embeddable":true,"href":"https:\/\/www.masina.rs\/eng\/wp-json\/wp\/v2\/concept?post=20709"},{"taxonomy":"contents","embeddable":true,"href":"https:\/\/www.masina.rs\/eng\/wp-json\/wp\/v2\/contents?post=20709"},{"taxonomy":"author","embeddable":true,"href":"https:\/\/www.masina.rs\/eng\/wp-json\/wp\/v2\/coauthors?post=20709"}],"curies":[{"name":"wp","href":"https:\/\/api.w.org\/{rel}","templated":true}]}}