{"id":318,"date":"2017-11-06T10:25:52","date_gmt":"2017-11-06T09:25:52","guid":{"rendered":"https:\/\/www.masina.rs\/eng\/?p=318"},"modified":"2017-12-29T11:14:52","modified_gmt":"2017-12-29T10:14:52","slug":"see-labor-organizing-way-situation","status":"publish","type":"post","link":"https:\/\/www.masina.rs\/eng\/see-labor-organizing-way-situation\/","title":{"rendered":"I see labor organizing as a way out of this situation we are in \u2013 an interview with Marc Ribot"},"content":{"rendered":"<figure id=\"attachment_324\" aria-describedby=\"caption-attachment-324\" style=\"width: 1959px\" class=\"wp-caption alignnone\"><a href=\"https:\/\/www.masina.rs\/eng\/wp-content\/uploads\/2017\/11\/MARC-RIBOT-15-SM.jpg\"><img loading=\"lazy\" decoding=\"async\" class=\"size-full wp-image-324\" src=\"https:\/\/www.masina.rs\/eng\/wp-content\/uploads\/2017\/11\/MARC-RIBOT-15-SM.jpg\" alt=\"\" width=\"1969\" height=\"1318\" srcset=\"https:\/\/www.masina.rs\/eng\/wp-content\/uploads\/2017\/11\/MARC-RIBOT-15-SM.jpg 1969w, https:\/\/www.masina.rs\/eng\/wp-content\/uploads\/2017\/11\/MARC-RIBOT-15-SM-300x201.jpg 300w, https:\/\/www.masina.rs\/eng\/wp-content\/uploads\/2017\/11\/MARC-RIBOT-15-SM-1024x685.jpg 1024w, https:\/\/www.masina.rs\/eng\/wp-content\/uploads\/2017\/11\/MARC-RIBOT-15-SM-768x514.jpg 768w, https:\/\/www.masina.rs\/eng\/wp-content\/uploads\/2017\/11\/MARC-RIBOT-15-SM-1536x1028.jpg 1536w, https:\/\/www.masina.rs\/eng\/wp-content\/uploads\/2017\/11\/MARC-RIBOT-15-SM-450x300.jpg 450w\" sizes=\"auto, (max-width: 1969px) 100vw, 1969px\" \/><\/a><figcaption id=\"caption-attachment-324\" class=\"wp-caption-text\">Marc Ribot; Photo: Stanislav Milojkovi\u0107 \/ Belgrade Jazz Festival<\/figcaption><\/figure>\n<p>Marc Ribot\u2019s excellence as a versatile guitarist, an improviser and a composer is well known among fans and music lovers. What has received less attention is his activism for labor rights of musicians, his view on and experience with labor organizing. After his exciting concert with The Young Philadelphians at the 33rd Belgrade Jazz Festival, Ma\u0161ina had the opportunity to discuss with him a subject \u2013 he says \u2013 he gladly\u00a0talks about: politics.<\/p>\n<p><strong>Let\u2019s start from Bread and Roses. It\u2019s a workers\u2019 and women\u2019s rights song. The lyrics are a poem written by James Oppenheim and the title is a phrase associated with a successful textile workers\u2019 strike and a speech given by Rose Schneiderman, socialist, feminist and labor unionist. Why did you cover this song years ago with Ceramic Dog, did it have a political importance for you?<\/strong><\/p>\n<blockquote><p>Yeah it did. First of all, I think it\u2019s a beautiful song and we covered it partly because of that reason. And it\u2019s also about beauty. It says that beauty is also a right, that culture is a right. I covered that song because I was also writing about subsidy for music, and I was involved in organizing musicians both locally and as a member of my union. For example, we unionized Winter Jazz Festival in NYC and took minimum rates of pay that for some people used to be $30 for a concert or even nothing, to $200 (next year). It\u2019s not only a question of winning something for my friends, it\u2019s also a question of showing that a certain kind of worker, people who work gigs, people who are in this post-Fordist economy, can also in certain conditions get together and actually win things. I see labor organizing as a way out of the political situation we are in. And the reasons labor organizing is not happening more often are very specific. Musicians and music are, strangely enough, at the very center of these reasons.<\/p><\/blockquote>\n<p><a href=\"https:\/\/soundcloud.com\/northernspyrecs\/bread-and-roses\">https:\/\/soundcloud.com\/northernspyrecs\/bread-and-roses<\/a><\/p>\n<p><strong>We want to talk more with you about organizing, but could you first specify what are the main socio-economic challenges for musicians?<\/strong><\/p>\n<blockquote><p>If you look at the big picture, the biggest problem is digital exploitation. And that is a kind of indirect exploitation. In other words, YouTube is not my employer, they didn\u2019t hire me. It\u2019s not possible for me to make a contract with them. They make money by selling advertisement on things other people upload on their site. So it\u2019s a kind of indirect profit taking. But this isn\u2019t the first time this has happened. The real reason they are able to make money is because they are insulated. For example, I know it\u2019s unlikely, but let\u2019s imagine I wanted to say\u00a0Let\u2019s boycott YouTube, let\u2019s make a boycott of people who advertise on YouTube. Everyone knows Taylor Swift withdrew her material from Spotify. But she did it alone. Let\u2019s say that she had said\u00a0Hey other rock stars, come with me and we all take our material off of Spotify and we negotiate with them to pay us better. If she had done that she could be put in jail, all her money could be taken, because Spotify is not her direct employer. So this is the real problem, people who make money have found ways to make money indirectly and this means they are protected from unionizing, protected from boycotts, protected from strikes. Because if you make a strike at a place where someone is not your direct employer, they can take your house, they can put you in jail for violating the 2ndry boycott provision of the Taft Hartely law. I\u2019m talking about American law but this has it\u2019s parallels in Europe. So capital has learned how to profit indirectly in a way that it is protected from unions, and labor has not figured out a way to deal with that.<\/p>\n<p><strong>What do you see as possibilities for organizing musicians \u2013 from your experience?<\/strong><\/p><\/blockquote>\n<blockquote><p>First of all, it\u2019s very hard to get people to act against a small club or a small band leader who calls people by their first name. It\u2019s almost impossible to organize in this situation. But what we\u2019ve noticed is for example, nobody ever wanted to do anything about Knitting Factory, which was a local club we could play in, but then they got corporate funding for a festival. And the minute they got corporate funding people said\u00a0<em>Wait a minute why are we playing for $50 when they got $800000<\/em>. So once they saw corporate funding going on, people changed what they felt: they were willing to sign a petition, go to meetings, and we won things.<\/p>\n<p>Many indie musicians are frightened of the union because in most countries a musician union only represents big theatre people or the symphonic people. In the US it also represents major recording label musicians and people who play weddings and things like that. But the economy of touring indie bands has nothing to do with this. So I think the important thing for anybody who is organizing is to remember that a union is not a building or an official organization, it\u2019s whenever people get together. So if the official union is not representing the people you know, make your own.<\/p>\n<p>Every time we fight for better pay for people in the culture industry we also fight for participation of working class kids and that also means, in many cases, the participation of black kids. It\u2019s interesting when you look at what types of musicians are organized and what types of musicians are not organized. It\u2019s the same all over the world and it conforms exactly to what David Harvey was talking about. The musicians that are organized work in the Fordist model, in a simple employer-employee structure, in a big orchestra not in a rock band with four people, or a tiny club. So the problem of organizing not musicians, but indie musicians, people in bands, is really close to the heart of the problem why things are fucked up in general. Like all the Uber drivers, auto industry, the trend in the restructuring of all industries has been to centralize control, but decentralize ownership in order to insulate it.<\/p><\/blockquote>\n<p><strong>And while political and economic problems are expanding, it seems that the sphere of art and culture is increasingly depoliticized.<\/strong><\/p>\n<blockquote><p>It\u2019s not only about being depoliticized. The very word \u2018independent\u2019 \u2013 independent labels, indie bands \u2013 I think is politicized in a terrible way. In my generation and slightly younger generations what was seen as\u00a0<em>The political act<\/em>\u00a0was to form your own label and\/or to sign with your own label. The idea was that this was something anarchist, that you\u2019re free, independent. I\u2019ve done records with many many independent labels, and the idea on the surface is very wrong. You don\u2019t overthrow capitalism by making small businesses.<\/p>\n<p>Not that I consider overthrowing capitalism the only worthy goal. I\u2019m a boring social democrat really. But you don\u2019t challenge capital by creating a small business, you don\u2019t overthrow capitalism, there is nothing anarchist about this, it\u2019s neoliberalism in disguise. I\u2019m not against starting your own label, but the idea that it\u2019s an inherently politically progressive act is just a lot of shit. So culture wasn\u2019t exactly depoliticized: it was falsely politicized: the indie movement is the Gramscian false consciousness of our times.<\/p>\n<p>What indie means is you don\u2019t get a health plan, you don\u2019t get paid, all the responsibility devolves onto you. The indie label phenomena is post-Fordism in the music industry. But something like 80 or 90% of indie labels are distributed by major corporations. So they talk about \u201cour little label\u201d, but they are distributed by big companies that make a lot of money. Their product is making rich everybody down the line: YouTube, Google, the distributor\u2026 Everybody, except the musicians.<\/p><\/blockquote>\n<p><strong>Another disturbing phenomenon we can detect in culture is cultural racism, a degrading view on working class cultural needs, an erroneous criticism that the poor are only capable of consuming reality TV and its equivalents in music or other arts, and that this also means that the working class is easily manipulated in its political reasoning. Do you see a progressive political potential in culture or music itself?<\/strong><\/p>\n<blockquote><p>It\u2019s a good point, and it\u2019s a really interesting question of where the intervention on a cultural level will come. I\u2019m not sure the political interventions we need at this moment will come on a cultural level; and there are many contradictions creating \u2018political\u2019or radical\u2019 art\u2019. In the 80s I was with the Lounge Lizards, I was enjoying it musically, it was fun, and also it was a big party. But when I reflected on it I saw this as a kind of mating ritual for professional managerial class people. Because we made counter-intuitive music, it was our job to be counter-intuitive, a normal person wouldn\u2019t understand why somebody is making so much noise: they would run away! So it\u2019s a symbol for those with access to the code, you have to have access to the special code that makes you special, that makes you know why something that sounds so horrible is good. So there is a lot of contradiction in this.<\/p>\n<p>Marx noted that popular culture is not necessarily the culture freely chosen by the people.<\/p>\n<p>I\u2019m an American musician on tour with a jazz band. Now, look at the history of this touring circuit. It began in the Cold War. After World War II the US was making a bid for big parts of the world. The two things everybody knew about the United States: one \u2013 there\u2019s a lot of money, and two \u2013 they treat black people very badly. So the State Department started to fund tours of black musicians, black jazz musicians, funded these tours in Russia, all over Europe, they were saying\u00a0We treat black people wonderfully, look, they are artists, they are not slaves, they are free. They are playing free improvisation, free soloing. It was a language designed to convince the rest of the world that the US wasn\u2019t racist.<\/p><\/blockquote>\n<p><strong>Great PR?<\/strong><\/p>\n<blockquote><p>Yeah, it was PR, that\u2019s exactly how it was originally funded. The State Department funded tours of Ellington, Basie, Louis Armstrong, many other musicians, these circuits were created by that. So here I am, playing free, showing how free we are\u2026<\/p><\/blockquote>\n<figure id=\"attachment_325\" aria-describedby=\"caption-attachment-325\" style=\"width: 1959px\" class=\"wp-caption alignnone\"><a href=\"https:\/\/www.masina.rs\/eng\/wp-content\/uploads\/2017\/11\/MARC-RIBOT-25-SM.jpg\"><img loading=\"lazy\" decoding=\"async\" class=\"size-full wp-image-325\" src=\"https:\/\/www.masina.rs\/eng\/wp-content\/uploads\/2017\/11\/MARC-RIBOT-25-SM.jpg\" alt=\"\" width=\"1969\" height=\"1318\" srcset=\"https:\/\/www.masina.rs\/eng\/wp-content\/uploads\/2017\/11\/MARC-RIBOT-25-SM.jpg 1969w, https:\/\/www.masina.rs\/eng\/wp-content\/uploads\/2017\/11\/MARC-RIBOT-25-SM-300x201.jpg 300w, https:\/\/www.masina.rs\/eng\/wp-content\/uploads\/2017\/11\/MARC-RIBOT-25-SM-1024x685.jpg 1024w, https:\/\/www.masina.rs\/eng\/wp-content\/uploads\/2017\/11\/MARC-RIBOT-25-SM-768x514.jpg 768w, https:\/\/www.masina.rs\/eng\/wp-content\/uploads\/2017\/11\/MARC-RIBOT-25-SM-1536x1028.jpg 1536w, https:\/\/www.masina.rs\/eng\/wp-content\/uploads\/2017\/11\/MARC-RIBOT-25-SM-450x300.jpg 450w\" sizes=\"auto, (max-width: 1969px) 100vw, 1969px\" \/><\/a><figcaption id=\"caption-attachment-325\" class=\"wp-caption-text\">Marc Ribot<br \/>and The Young Philadelphians; Photo: Stanislav Milojkovi\u0107 \/ Belgrade Jazz Festival<\/figcaption><\/figure>\n<p><strong>Will you record and perform other political songs?<\/strong><\/p>\n<blockquote><p>I\u2019m doing two records simultaneously, one with Ceramic Dog, also for the first time very political. Well, not for the first time, cause we did Bread and Roses, but for the first time we are dealing with Shahzad Ismaily\u2019s Muslim background. So we have a song Muslim-Jewish Resistance, we hope that it will shake things up. And also there\u2019s another song called Pennsylvania 6 6666, about what it was like for Shahzad to grow up in Pennsylvania getting beat up all the time. Stuff like that.<\/p>\n<p>And then there\u2019s a second record, Songs of Resistance, that I hope will be out soon, which is all directly political stuff. I didn\u2019t sing mostly. Tom Waits sings Bella Ciao, but in English, you know the Italian partisan song \u2013 and he changes the melody a little bit. I changed the melody a lot on Fischia il Vento, but Meshell Ndegeocello\u2019s going to sing it. In the original version it was \u201cThe wind that howls, the storm outside is raging, our shoes are broken, still we must go on\u201d. I keep that part, but my partisan is someone engaged in clandestine environmentalist actions and it\u2019s a woman not a man. I also recorded some civil rights tunes, and a Mexican romantic ballad: Rata de Dos Patas (Rat with Two Legs) which we dedicated to Trump. And I have a Mexican singer singing, but I also have a rap built in, it\u2019s kind of a disco tune.<\/p><\/blockquote>\n<p><strong>So pure provocation?<\/strong><\/p>\n<blockquote><p>Yeah, but that song might actually get some play in Latin American communities in the US cause people are so pissed at Trump and that song is actually very popular so a lot of people will right away recognize it.<\/p><\/blockquote>\n","protected":false},"excerpt":{"rendered":"<p>Marc Ribot\u2019s excellence as a versatile guitarist, an improviser and a composer is well known among fans and music lovers. What has received less attention is his activism for labor rights of musicians, his view on and experience with labor organizing. After his exciting concert with The Young Philadelphians at the 33rd Belgrade Jazz Festival, Ma\u0161ina had the opportunity to discuss with him a subject \u2013 he says \u2013 he gladly talks about: politics.<\/p>\n","protected":false},"author":10,"featured_media":324,"comment_status":"closed","ping_status":"closed","sticky":false,"template":"","format":"standard","meta":{"_acf_changed":false,"footnotes":""},"categories":[1],"tags":[42,22],"form":[],"concept":[],"contents":[],"coauthors":[31,15],"class_list":["post-318","post","type-post","status-publish","format-standard","has-post-thumbnail","hentry","category-uncategorized","tag-culture","tag-labor-movement","infinite-scroll-item","generate-columns","tablet-grid-50","mobile-grid-100","grid-parent","grid-25"],"acf":[],"yoast_head":"<!-- This site is optimized with the Yoast SEO plugin v27.5 - https:\/\/yoast.com\/product\/yoast-seo-wordpress\/ -->\n<title>I see labor organizing as a way out of this situation we are in \u2013 an interview with Marc Ribot - Ma\u0161ina English<\/title>\n<meta name=\"robots\" content=\"index, follow, max-snippet:-1, max-image-preview:large, max-video-preview:-1\" \/>\n<link rel=\"canonical\" href=\"https:\/\/www.masina.rs\/eng\/see-labor-organizing-way-situation\/\" \/>\n<meta property=\"og:locale\" content=\"en_US\" \/>\n<meta property=\"og:type\" content=\"article\" \/>\n<meta property=\"og:title\" content=\"I see labor organizing as a way out of this situation we are in \u2013 an interview with Marc Ribot - Ma\u0161ina English\" \/>\n<meta property=\"og:description\" content=\"Marc Ribot\u2019s excellence as a versatile guitarist, an improviser and a composer is well known among fans and music lovers. What has received less attention is his activism for labor rights of musicians, his view on and experience with labor organizing. After his exciting concert with The Young Philadelphians at the 33rd Belgrade Jazz Festival, Ma\u0161ina had the opportunity to discuss with him a subject \u2013 he says \u2013 he gladly talks about: politics.\" \/>\n<meta property=\"og:url\" content=\"https:\/\/www.masina.rs\/eng\/see-labor-organizing-way-situation\/\" \/>\n<meta property=\"og:site_name\" content=\"Ma\u0161ina English\" \/>\n<meta property=\"article:publisher\" content=\"https:\/\/www.facebook.com\/masinars\" \/>\n<meta property=\"article:published_time\" content=\"2017-11-06T09:25:52+00:00\" \/>\n<meta property=\"article:modified_time\" content=\"2017-12-29T10:14:52+00:00\" \/>\n<meta property=\"og:image\" content=\"https:\/\/www.masina.rs\/eng\/wp-content\/uploads\/2017\/11\/MARC-RIBOT-15-SM.jpg\" \/>\n\t<meta property=\"og:image:width\" content=\"1969\" \/>\n\t<meta property=\"og:image:height\" content=\"1318\" \/>\n\t<meta property=\"og:image:type\" content=\"image\/jpeg\" \/>\n<meta name=\"author\" content=\"Anica Stojanovi\u0107, Andr\u00e1s Juh\u00e1sz\" \/>\n<meta name=\"twitter:card\" content=\"summary_large_image\" \/>\n<meta name=\"twitter:creator\" content=\"@MasinaRS\" \/>\n<meta name=\"twitter:site\" content=\"@MasinaRS\" \/>\n<meta name=\"twitter:label1\" content=\"Written by\" \/>\n\t<meta name=\"twitter:data1\" content=\"Anica Stojanovi\u0107, Andr\u00e1s Juh\u00e1sz\" \/>\n\t<meta name=\"twitter:label2\" content=\"Est. reading time\" \/>\n\t<meta name=\"twitter:data2\" content=\"11 minutes\" \/>\n<script type=\"application\/ld+json\" class=\"yoast-schema-graph\">{\"@context\":\"https:\\\/\\\/schema.org\",\"@graph\":[{\"@type\":\"Article\",\"@id\":\"https:\\\/\\\/www.masina.rs\\\/eng\\\/see-labor-organizing-way-situation\\\/#article\",\"isPartOf\":{\"@id\":\"https:\\\/\\\/www.masina.rs\\\/eng\\\/see-labor-organizing-way-situation\\\/\"},\"author\":{\"name\":\"Anica Stojanovi\u0107\",\"@id\":\"https:\\\/\\\/www.masina.rs\\\/eng\\\/#\\\/schema\\\/person\\\/aac9aa49eeebdd3bc9f2a4ae8ab19d7e\"},\"headline\":\"I see labor organizing as a way out of this situation we are in \u2013 an interview with Marc Ribot\",\"datePublished\":\"2017-11-06T09:25:52+00:00\",\"dateModified\":\"2017-12-29T10:14:52+00:00\",\"mainEntityOfPage\":{\"@id\":\"https:\\\/\\\/www.masina.rs\\\/eng\\\/see-labor-organizing-way-situation\\\/\"},\"wordCount\":2122,\"publisher\":{\"@id\":\"https:\\\/\\\/www.masina.rs\\\/eng\\\/#organization\"},\"image\":{\"@id\":\"https:\\\/\\\/www.masina.rs\\\/eng\\\/see-labor-organizing-way-situation\\\/#primaryimage\"},\"thumbnailUrl\":\"https:\\\/\\\/www.masina.rs\\\/eng\\\/wp-content\\\/uploads\\\/2017\\\/11\\\/MARC-RIBOT-15-SM.jpg\",\"keywords\":[\"culture\",\"labor movement\"],\"inLanguage\":\"en-US\"},{\"@type\":\"WebPage\",\"@id\":\"https:\\\/\\\/www.masina.rs\\\/eng\\\/see-labor-organizing-way-situation\\\/\",\"url\":\"https:\\\/\\\/www.masina.rs\\\/eng\\\/see-labor-organizing-way-situation\\\/\",\"name\":\"I see labor organizing as a way out of this situation we are in \u2013 an interview with Marc Ribot - Ma\u0161ina English\",\"isPartOf\":{\"@id\":\"https:\\\/\\\/www.masina.rs\\\/eng\\\/#website\"},\"primaryImageOfPage\":{\"@id\":\"https:\\\/\\\/www.masina.rs\\\/eng\\\/see-labor-organizing-way-situation\\\/#primaryimage\"},\"image\":{\"@id\":\"https:\\\/\\\/www.masina.rs\\\/eng\\\/see-labor-organizing-way-situation\\\/#primaryimage\"},\"thumbnailUrl\":\"https:\\\/\\\/www.masina.rs\\\/eng\\\/wp-content\\\/uploads\\\/2017\\\/11\\\/MARC-RIBOT-15-SM.jpg\",\"datePublished\":\"2017-11-06T09:25:52+00:00\",\"dateModified\":\"2017-12-29T10:14:52+00:00\",\"breadcrumb\":{\"@id\":\"https:\\\/\\\/www.masina.rs\\\/eng\\\/see-labor-organizing-way-situation\\\/#breadcrumb\"},\"inLanguage\":\"en-US\",\"potentialAction\":[{\"@type\":\"ReadAction\",\"target\":[\"https:\\\/\\\/www.masina.rs\\\/eng\\\/see-labor-organizing-way-situation\\\/\"]}]},{\"@type\":\"ImageObject\",\"inLanguage\":\"en-US\",\"@id\":\"https:\\\/\\\/www.masina.rs\\\/eng\\\/see-labor-organizing-way-situation\\\/#primaryimage\",\"url\":\"https:\\\/\\\/www.masina.rs\\\/eng\\\/wp-content\\\/uploads\\\/2017\\\/11\\\/MARC-RIBOT-15-SM.jpg\",\"contentUrl\":\"https:\\\/\\\/www.masina.rs\\\/eng\\\/wp-content\\\/uploads\\\/2017\\\/11\\\/MARC-RIBOT-15-SM.jpg\",\"width\":1969,\"height\":1318,\"caption\":\"Marc Ribot; Photo: Stanislav Milojkovi\u0107 \\\/ Belgrade Jazz Festival\"},{\"@type\":\"BreadcrumbList\",\"@id\":\"https:\\\/\\\/www.masina.rs\\\/eng\\\/see-labor-organizing-way-situation\\\/#breadcrumb\",\"itemListElement\":[{\"@type\":\"ListItem\",\"position\":1,\"name\":\"Home\",\"item\":\"https:\\\/\\\/www.masina.rs\\\/eng\\\/\"},{\"@type\":\"ListItem\",\"position\":2,\"name\":\"I see labor organizing as a way out of this situation we are in \u2013 an interview with Marc Ribot\"}]},{\"@type\":\"WebSite\",\"@id\":\"https:\\\/\\\/www.masina.rs\\\/eng\\\/#website\",\"url\":\"https:\\\/\\\/www.masina.rs\\\/eng\\\/\",\"name\":\"Ma\u0161ina English\",\"description\":\"Production of Social Critique\",\"publisher\":{\"@id\":\"https:\\\/\\\/www.masina.rs\\\/eng\\\/#organization\"},\"potentialAction\":[{\"@type\":\"SearchAction\",\"target\":{\"@type\":\"EntryPoint\",\"urlTemplate\":\"https:\\\/\\\/www.masina.rs\\\/eng\\\/?s={search_term_string}\"},\"query-input\":{\"@type\":\"PropertyValueSpecification\",\"valueRequired\":true,\"valueName\":\"search_term_string\"}}],\"inLanguage\":\"en-US\"},{\"@type\":\"Organization\",\"@id\":\"https:\\\/\\\/www.masina.rs\\\/eng\\\/#organization\",\"name\":\"masina.rs\",\"url\":\"https:\\\/\\\/www.masina.rs\\\/eng\\\/\",\"logo\":{\"@type\":\"ImageObject\",\"inLanguage\":\"en-US\",\"@id\":\"https:\\\/\\\/www.masina.rs\\\/eng\\\/#\\\/schema\\\/logo\\\/image\\\/\",\"url\":\"https:\\\/\\\/www.masina.rs\\\/eng\\\/wp-content\\\/uploads\\\/2021\\\/05\\\/Masina-header-on-white-1.svg\",\"contentUrl\":\"https:\\\/\\\/www.masina.rs\\\/eng\\\/wp-content\\\/uploads\\\/2021\\\/05\\\/Masina-header-on-white-1.svg\",\"width\":850,\"height\":283,\"caption\":\"masina.rs\"},\"image\":{\"@id\":\"https:\\\/\\\/www.masina.rs\\\/eng\\\/#\\\/schema\\\/logo\\\/image\\\/\"},\"sameAs\":[\"https:\\\/\\\/www.facebook.com\\\/masinars\",\"https:\\\/\\\/x.com\\\/MasinaRS\",\"https:\\\/\\\/www.instagram.com\\\/masina.rs\"]},{\"@type\":\"Person\",\"@id\":\"https:\\\/\\\/www.masina.rs\\\/eng\\\/#\\\/schema\\\/person\\\/aac9aa49eeebdd3bc9f2a4ae8ab19d7e\",\"name\":\"Anica Stojanovi\u0107\",\"image\":{\"@type\":\"ImageObject\",\"inLanguage\":\"en-US\",\"@id\":\"https:\\\/\\\/secure.gravatar.com\\\/avatar\\\/b4337891dd28efe2ea2c7967b9c834670c5cac26e9f3257b2af0ab6a02301f06?s=96&d=mm&r=gb6b097ba99daee1e9b2a14c3d6c564e5\",\"url\":\"https:\\\/\\\/secure.gravatar.com\\\/avatar\\\/b4337891dd28efe2ea2c7967b9c834670c5cac26e9f3257b2af0ab6a02301f06?s=96&d=mm&r=g\",\"contentUrl\":\"https:\\\/\\\/secure.gravatar.com\\\/avatar\\\/b4337891dd28efe2ea2c7967b9c834670c5cac26e9f3257b2af0ab6a02301f06?s=96&d=mm&r=g\",\"caption\":\"Anica Stojanovi\u0107\"},\"url\":\"https:\\\/\\\/www.masina.rs\\\/eng\\\/author\\\/anica-stojanovic\\\/\"}]}<\/script>\n<!-- \/ Yoast SEO plugin. -->","yoast_head_json":{"title":"I see labor organizing as a way out of this situation we are in \u2013 an interview with Marc Ribot - Ma\u0161ina English","robots":{"index":"index","follow":"follow","max-snippet":"max-snippet:-1","max-image-preview":"max-image-preview:large","max-video-preview":"max-video-preview:-1"},"canonical":"https:\/\/www.masina.rs\/eng\/see-labor-organizing-way-situation\/","og_locale":"en_US","og_type":"article","og_title":"I see labor organizing as a way out of this situation we are in \u2013 an interview with Marc Ribot - Ma\u0161ina English","og_description":"Marc Ribot\u2019s excellence as a versatile guitarist, an improviser and a composer is well known among fans and music lovers. What has received less attention is his activism for labor rights of musicians, his view on and experience with labor organizing. After his exciting concert with The Young Philadelphians at the 33rd Belgrade Jazz Festival, Ma\u0161ina had the opportunity to discuss with him a subject \u2013 he says \u2013 he gladly talks about: politics.","og_url":"https:\/\/www.masina.rs\/eng\/see-labor-organizing-way-situation\/","og_site_name":"Ma\u0161ina English","article_publisher":"https:\/\/www.facebook.com\/masinars","article_published_time":"2017-11-06T09:25:52+00:00","article_modified_time":"2017-12-29T10:14:52+00:00","og_image":[{"width":1969,"height":1318,"url":"https:\/\/www.masina.rs\/eng\/wp-content\/uploads\/2017\/11\/MARC-RIBOT-15-SM.jpg","type":"image\/jpeg"}],"author":"Anica Stojanovi\u0107, Andr\u00e1s Juh\u00e1sz","twitter_card":"summary_large_image","twitter_creator":"@MasinaRS","twitter_site":"@MasinaRS","twitter_misc":{"Written by":"Anica Stojanovi\u0107, Andr\u00e1s Juh\u00e1sz","Est. reading time":"11 minutes"},"schema":{"@context":"https:\/\/schema.org","@graph":[{"@type":"Article","@id":"https:\/\/www.masina.rs\/eng\/see-labor-organizing-way-situation\/#article","isPartOf":{"@id":"https:\/\/www.masina.rs\/eng\/see-labor-organizing-way-situation\/"},"author":{"name":"Anica Stojanovi\u0107","@id":"https:\/\/www.masina.rs\/eng\/#\/schema\/person\/aac9aa49eeebdd3bc9f2a4ae8ab19d7e"},"headline":"I see labor organizing as a way out of this situation we are in \u2013 an interview with Marc Ribot","datePublished":"2017-11-06T09:25:52+00:00","dateModified":"2017-12-29T10:14:52+00:00","mainEntityOfPage":{"@id":"https:\/\/www.masina.rs\/eng\/see-labor-organizing-way-situation\/"},"wordCount":2122,"publisher":{"@id":"https:\/\/www.masina.rs\/eng\/#organization"},"image":{"@id":"https:\/\/www.masina.rs\/eng\/see-labor-organizing-way-situation\/#primaryimage"},"thumbnailUrl":"https:\/\/www.masina.rs\/eng\/wp-content\/uploads\/2017\/11\/MARC-RIBOT-15-SM.jpg","keywords":["culture","labor movement"],"inLanguage":"en-US"},{"@type":"WebPage","@id":"https:\/\/www.masina.rs\/eng\/see-labor-organizing-way-situation\/","url":"https:\/\/www.masina.rs\/eng\/see-labor-organizing-way-situation\/","name":"I see labor organizing as a way out of this situation we are in \u2013 an interview with Marc Ribot - Ma\u0161ina English","isPartOf":{"@id":"https:\/\/www.masina.rs\/eng\/#website"},"primaryImageOfPage":{"@id":"https:\/\/www.masina.rs\/eng\/see-labor-organizing-way-situation\/#primaryimage"},"image":{"@id":"https:\/\/www.masina.rs\/eng\/see-labor-organizing-way-situation\/#primaryimage"},"thumbnailUrl":"https:\/\/www.masina.rs\/eng\/wp-content\/uploads\/2017\/11\/MARC-RIBOT-15-SM.jpg","datePublished":"2017-11-06T09:25:52+00:00","dateModified":"2017-12-29T10:14:52+00:00","breadcrumb":{"@id":"https:\/\/www.masina.rs\/eng\/see-labor-organizing-way-situation\/#breadcrumb"},"inLanguage":"en-US","potentialAction":[{"@type":"ReadAction","target":["https:\/\/www.masina.rs\/eng\/see-labor-organizing-way-situation\/"]}]},{"@type":"ImageObject","inLanguage":"en-US","@id":"https:\/\/www.masina.rs\/eng\/see-labor-organizing-way-situation\/#primaryimage","url":"https:\/\/www.masina.rs\/eng\/wp-content\/uploads\/2017\/11\/MARC-RIBOT-15-SM.jpg","contentUrl":"https:\/\/www.masina.rs\/eng\/wp-content\/uploads\/2017\/11\/MARC-RIBOT-15-SM.jpg","width":1969,"height":1318,"caption":"Marc Ribot; Photo: Stanislav Milojkovi\u0107 \/ Belgrade Jazz Festival"},{"@type":"BreadcrumbList","@id":"https:\/\/www.masina.rs\/eng\/see-labor-organizing-way-situation\/#breadcrumb","itemListElement":[{"@type":"ListItem","position":1,"name":"Home","item":"https:\/\/www.masina.rs\/eng\/"},{"@type":"ListItem","position":2,"name":"I see labor organizing as a way out of this situation we are in \u2013 an interview with Marc Ribot"}]},{"@type":"WebSite","@id":"https:\/\/www.masina.rs\/eng\/#website","url":"https:\/\/www.masina.rs\/eng\/","name":"Ma\u0161ina English","description":"Production of Social Critique","publisher":{"@id":"https:\/\/www.masina.rs\/eng\/#organization"},"potentialAction":[{"@type":"SearchAction","target":{"@type":"EntryPoint","urlTemplate":"https:\/\/www.masina.rs\/eng\/?s={search_term_string}"},"query-input":{"@type":"PropertyValueSpecification","valueRequired":true,"valueName":"search_term_string"}}],"inLanguage":"en-US"},{"@type":"Organization","@id":"https:\/\/www.masina.rs\/eng\/#organization","name":"masina.rs","url":"https:\/\/www.masina.rs\/eng\/","logo":{"@type":"ImageObject","inLanguage":"en-US","@id":"https:\/\/www.masina.rs\/eng\/#\/schema\/logo\/image\/","url":"https:\/\/www.masina.rs\/eng\/wp-content\/uploads\/2021\/05\/Masina-header-on-white-1.svg","contentUrl":"https:\/\/www.masina.rs\/eng\/wp-content\/uploads\/2021\/05\/Masina-header-on-white-1.svg","width":850,"height":283,"caption":"masina.rs"},"image":{"@id":"https:\/\/www.masina.rs\/eng\/#\/schema\/logo\/image\/"},"sameAs":["https:\/\/www.facebook.com\/masinars","https:\/\/x.com\/MasinaRS","https:\/\/www.instagram.com\/masina.rs"]},{"@type":"Person","@id":"https:\/\/www.masina.rs\/eng\/#\/schema\/person\/aac9aa49eeebdd3bc9f2a4ae8ab19d7e","name":"Anica Stojanovi\u0107","image":{"@type":"ImageObject","inLanguage":"en-US","@id":"https:\/\/secure.gravatar.com\/avatar\/b4337891dd28efe2ea2c7967b9c834670c5cac26e9f3257b2af0ab6a02301f06?s=96&d=mm&r=gb6b097ba99daee1e9b2a14c3d6c564e5","url":"https:\/\/secure.gravatar.com\/avatar\/b4337891dd28efe2ea2c7967b9c834670c5cac26e9f3257b2af0ab6a02301f06?s=96&d=mm&r=g","contentUrl":"https:\/\/secure.gravatar.com\/avatar\/b4337891dd28efe2ea2c7967b9c834670c5cac26e9f3257b2af0ab6a02301f06?s=96&d=mm&r=g","caption":"Anica Stojanovi\u0107"},"url":"https:\/\/www.masina.rs\/eng\/author\/anica-stojanovic\/"}]}},"_links":{"self":[{"href":"https:\/\/www.masina.rs\/eng\/wp-json\/wp\/v2\/posts\/318","targetHints":{"allow":["GET"]}}],"collection":[{"href":"https:\/\/www.masina.rs\/eng\/wp-json\/wp\/v2\/posts"}],"about":[{"href":"https:\/\/www.masina.rs\/eng\/wp-json\/wp\/v2\/types\/post"}],"author":[{"embeddable":true,"href":"https:\/\/www.masina.rs\/eng\/wp-json\/wp\/v2\/users\/10"}],"replies":[{"embeddable":true,"href":"https:\/\/www.masina.rs\/eng\/wp-json\/wp\/v2\/comments?post=318"}],"version-history":[{"count":12,"href":"https:\/\/www.masina.rs\/eng\/wp-json\/wp\/v2\/posts\/318\/revisions"}],"predecessor-version":[{"id":369,"href":"https:\/\/www.masina.rs\/eng\/wp-json\/wp\/v2\/posts\/318\/revisions\/369"}],"wp:featuredmedia":[{"embeddable":true,"href":"https:\/\/www.masina.rs\/eng\/wp-json\/wp\/v2\/media\/324"}],"wp:attachment":[{"href":"https:\/\/www.masina.rs\/eng\/wp-json\/wp\/v2\/media?parent=318"}],"wp:term":[{"taxonomy":"category","embeddable":true,"href":"https:\/\/www.masina.rs\/eng\/wp-json\/wp\/v2\/categories?post=318"},{"taxonomy":"post_tag","embeddable":true,"href":"https:\/\/www.masina.rs\/eng\/wp-json\/wp\/v2\/tags?post=318"},{"taxonomy":"form","embeddable":true,"href":"https:\/\/www.masina.rs\/eng\/wp-json\/wp\/v2\/form?post=318"},{"taxonomy":"concept","embeddable":true,"href":"https:\/\/www.masina.rs\/eng\/wp-json\/wp\/v2\/concept?post=318"},{"taxonomy":"contents","embeddable":true,"href":"https:\/\/www.masina.rs\/eng\/wp-json\/wp\/v2\/contents?post=318"},{"taxonomy":"author","embeddable":true,"href":"https:\/\/www.masina.rs\/eng\/wp-json\/wp\/v2\/coauthors?post=318"}],"curies":[{"name":"wp","href":"https:\/\/api.w.org\/{rel}","templated":true}]}}