{"id":475,"date":"2018-07-28T11:42:45","date_gmt":"2018-07-28T10:42:45","guid":{"rendered":"https:\/\/www.masina.rs\/eng\/?p=475"},"modified":"2018-07-28T11:42:45","modified_gmt":"2018-07-28T10:42:45","slug":"rehabilitation-quisling-milan-nedic-rejected-court","status":"publish","type":"post","link":"https:\/\/www.masina.rs\/eng\/rehabilitation-quisling-milan-nedic-rejected-court\/","title":{"rendered":"Rehabilitation of quisling Milan Nedi\u0107 rejected in court"},"content":{"rendered":"<figure id=\"attachment_477\" aria-describedby=\"caption-attachment-477\" style=\"width: 710px\" class=\"wp-caption alignnone\"><a href=\"https:\/\/www.masina.rs\/eng\/wp-content\/uploads\/2018\/07\/Milan-Nedic-i-Adolf-Hitler.jpg\"><img loading=\"lazy\" decoding=\"async\" class=\"wp-image-477 size-full\" src=\"https:\/\/www.masina.rs\/eng\/wp-content\/uploads\/2018\/07\/Milan-Nedic-i-Adolf-Hitler.jpg\" alt=\"\" width=\"720\" height=\"420\" srcset=\"https:\/\/www.masina.rs\/eng\/wp-content\/uploads\/2018\/07\/Milan-Nedic-i-Adolf-Hitler.jpg 720w, https:\/\/www.masina.rs\/eng\/wp-content\/uploads\/2018\/07\/Milan-Nedic-i-Adolf-Hitler-300x175.jpg 300w\" sizes=\"auto, (max-width: 720px) 100vw, 720px\" \/><\/a><figcaption id=\"caption-attachment-477\" class=\"wp-caption-text\">Milan Nedi\u0107 and Adolf Hitler<\/figcaption><\/figure>\n<p><strong>Higher Court in Belgrade rejected an application to rehabilitate quisling Prime Minister of occupied Serbia during World War II, Milan Nedi\u0107.<\/strong><\/p>\n<p>According to <em>Ve\u010dernje novosti<\/em>, the Court took the decision on the 11thof June and the ruling will be available on its webpage.<\/p>\n<p>Trial lasted for whole three years and the first out of a total of twelve hearings took place back in December 2015. Application for rehabilitation of Nedi\u0107, who is treated as a \u201cbiological guardian of the substance of Serbian people\u201d even by elementary school books, was filed by the Serbian Liberal Association (Srpski liberalni savet) and The Association of Political Prisoners and Victims of the Communist Regime (Udru\u017eenje politi\u010dkih zatvorenika i \u017ertava komunisti\u010dkog re\u017eima), as well as the Nedi\u0107 family.<\/p>\n<p>The hearings were accompanied by numerous protests of organisations and individuals who stood against rehabilitation of both Nedi\u0107 and fascism, as well as counter-protests of Right Wing and nationalist organisations who supported it.<\/p>\n<p>Nedi\u0107 was Prime Minister of Serbia from August 1941 to October 1944. The claimants tried to prove throughout the whole judicial process that the during the rule of the collaborationist government war camps had not been built, mass executions had not been organised, and that international conventions had not been broken. They also claimed that, to the contrary, Nedi\u0107 had saved hundreds of thousands of Serbs from NDH (The Independent State of Croatia), as well as communists against whom he had waged war.<\/p>\n<p>After rehabilitation of Dra\u017ea Mihailovi\u0107, this relativisation of fascism within legal framework has probably been the most obvious, but also the most symbolically significant one since the outset of rehabilitation of Right Wing and collaborationist forces.<\/p>\n<p>If the rehabilitation was accepted by the Court, it would have set ground for restitution of the Nedi\u0107 family property in Belgrade, parts of which are an allotment on Slavija square, where a building belonging to the National Bank of Serbia is currently located, as well as a major part of Zemunski park, without questioning the origin of such property or justice within a society where minority owns the majority of a <a href=\"https:\/\/www.masina.rs\/?p=2031\" target=\"_blank\" rel=\"noopener noreferrer\">common good<\/a>.<\/p>\n<p>The claimants have the right to make an appeal to the Appellate Court in Belgrade against the Higher Court\u2019s decision to reject the application stating that \u2018Milan Nedi\u0107 was a victim of political and ideological persecution and was thus unlawfully apprehended\u201d as ungrounded.<\/p>\n<p style=\"text-align: right;\"><em>I.P.<\/em><\/p>\n<p style=\"text-align: right;\">Translation from Serbian: Ivana An\u0111elkovi\u0107<\/p>\n<p>This article was <a href=\"https:\/\/www.masina.rs\/?p=7118\" target=\"_blank\" rel=\"noopener noreferrer\">originally published<\/a> in Serbian on July\u00a026, 2018.<\/p>\n","protected":false},"excerpt":{"rendered":"<p>Higher Court in Belgrade rejected an application to rehabilitate quisling Prime Minister of occupied Serbia during World War II, Milan Nedi\u0107.<\/p>\n","protected":false},"author":2,"featured_media":477,"comment_status":"closed","ping_status":"closed","sticky":false,"template":"","format":"standard","meta":{"_acf_changed":false,"footnotes":""},"categories":[1],"tags":[49],"form":[],"concept":[],"contents":[],"coauthors":[5],"class_list":["post-475","post","type-post","status-publish","format-standard","has-post-thumbnail","hentry","category-uncategorized","tag-revisionism","infinite-scroll-item","generate-columns","tablet-grid-50","mobile-grid-100","grid-parent","grid-25"],"acf":[],"yoast_head":"<!-- This site is optimized with the Yoast SEO plugin v27.4 - https:\/\/yoast.com\/product\/yoast-seo-wordpress\/ -->\n<title>Rehabilitation of quisling Milan Nedi\u0107 rejected in court - Ma\u0161ina English<\/title>\n<meta name=\"robots\" content=\"index, follow, max-snippet:-1, max-image-preview:large, max-video-preview:-1\" \/>\n<link rel=\"canonical\" href=\"https:\/\/www.masina.rs\/eng\/rehabilitation-quisling-milan-nedic-rejected-court\/\" \/>\n<meta property=\"og:locale\" content=\"en_US\" \/>\n<meta property=\"og:type\" content=\"article\" \/>\n<meta property=\"og:title\" content=\"Rehabilitation of quisling Milan Nedi\u0107 rejected in court - Ma\u0161ina English\" \/>\n<meta property=\"og:description\" content=\"Higher Court in Belgrade rejected an application to rehabilitate quisling Prime Minister of occupied Serbia during World War II, Milan Nedi\u0107.\" \/>\n<meta property=\"og:url\" content=\"https:\/\/www.masina.rs\/eng\/rehabilitation-quisling-milan-nedic-rejected-court\/\" \/>\n<meta property=\"og:site_name\" content=\"Ma\u0161ina English\" \/>\n<meta property=\"article:publisher\" content=\"https:\/\/www.facebook.com\/masinars\" \/>\n<meta property=\"article:published_time\" content=\"2018-07-28T10:42:45+00:00\" \/>\n<meta property=\"og:image\" content=\"https:\/\/www.masina.rs\/eng\/wp-content\/uploads\/2018\/07\/Milan-Nedic-i-Adolf-Hitler.jpg\" \/>\n\t<meta property=\"og:image:width\" content=\"720\" \/>\n\t<meta property=\"og:image:height\" content=\"420\" \/>\n\t<meta property=\"og:image:type\" content=\"image\/jpeg\" \/>\n<meta name=\"author\" content=\"Ma\u0161ina\" \/>\n<meta name=\"twitter:card\" content=\"summary_large_image\" \/>\n<meta name=\"twitter:creator\" content=\"@MasinaRS\" \/>\n<meta name=\"twitter:site\" content=\"@MasinaRS\" \/>\n<meta name=\"twitter:label1\" content=\"Written by\" \/>\n\t<meta name=\"twitter:data1\" content=\"Ma\u0161ina\" \/>\n\t<meta name=\"twitter:label2\" content=\"Est. reading time\" \/>\n\t<meta name=\"twitter:data2\" content=\"2 minutes\" \/>\n<script type=\"application\/ld+json\" class=\"yoast-schema-graph\">{\"@context\":\"https:\\\/\\\/schema.org\",\"@graph\":[{\"@type\":\"Article\",\"@id\":\"https:\\\/\\\/www.masina.rs\\\/eng\\\/rehabilitation-quisling-milan-nedic-rejected-court\\\/#article\",\"isPartOf\":{\"@id\":\"https:\\\/\\\/www.masina.rs\\\/eng\\\/rehabilitation-quisling-milan-nedic-rejected-court\\\/\"},\"author\":{\"name\":\"Ma\u0161ina\",\"@id\":\"https:\\\/\\\/www.masina.rs\\\/eng\\\/#\\\/schema\\\/person\\\/958b9359404b87ce04cd3437b841249a\"},\"headline\":\"Rehabilitation of quisling Milan Nedi\u0107 rejected in court\",\"datePublished\":\"2018-07-28T10:42:45+00:00\",\"mainEntityOfPage\":{\"@id\":\"https:\\\/\\\/www.masina.rs\\\/eng\\\/rehabilitation-quisling-milan-nedic-rejected-court\\\/\"},\"wordCount\":433,\"publisher\":{\"@id\":\"https:\\\/\\\/www.masina.rs\\\/eng\\\/#organization\"},\"image\":{\"@id\":\"https:\\\/\\\/www.masina.rs\\\/eng\\\/rehabilitation-quisling-milan-nedic-rejected-court\\\/#primaryimage\"},\"thumbnailUrl\":\"https:\\\/\\\/www.masina.rs\\\/eng\\\/wp-content\\\/uploads\\\/2018\\\/07\\\/Milan-Nedic-i-Adolf-Hitler.jpg\",\"keywords\":[\"revisionism\"],\"inLanguage\":\"en-US\"},{\"@type\":\"WebPage\",\"@id\":\"https:\\\/\\\/www.masina.rs\\\/eng\\\/rehabilitation-quisling-milan-nedic-rejected-court\\\/\",\"url\":\"https:\\\/\\\/www.masina.rs\\\/eng\\\/rehabilitation-quisling-milan-nedic-rejected-court\\\/\",\"name\":\"Rehabilitation of quisling Milan Nedi\u0107 rejected in court - Ma\u0161ina English\",\"isPartOf\":{\"@id\":\"https:\\\/\\\/www.masina.rs\\\/eng\\\/#website\"},\"primaryImageOfPage\":{\"@id\":\"https:\\\/\\\/www.masina.rs\\\/eng\\\/rehabilitation-quisling-milan-nedic-rejected-court\\\/#primaryimage\"},\"image\":{\"@id\":\"https:\\\/\\\/www.masina.rs\\\/eng\\\/rehabilitation-quisling-milan-nedic-rejected-court\\\/#primaryimage\"},\"thumbnailUrl\":\"https:\\\/\\\/www.masina.rs\\\/eng\\\/wp-content\\\/uploads\\\/2018\\\/07\\\/Milan-Nedic-i-Adolf-Hitler.jpg\",\"datePublished\":\"2018-07-28T10:42:45+00:00\",\"breadcrumb\":{\"@id\":\"https:\\\/\\\/www.masina.rs\\\/eng\\\/rehabilitation-quisling-milan-nedic-rejected-court\\\/#breadcrumb\"},\"inLanguage\":\"en-US\",\"potentialAction\":[{\"@type\":\"ReadAction\",\"target\":[\"https:\\\/\\\/www.masina.rs\\\/eng\\\/rehabilitation-quisling-milan-nedic-rejected-court\\\/\"]}]},{\"@type\":\"ImageObject\",\"inLanguage\":\"en-US\",\"@id\":\"https:\\\/\\\/www.masina.rs\\\/eng\\\/rehabilitation-quisling-milan-nedic-rejected-court\\\/#primaryimage\",\"url\":\"https:\\\/\\\/www.masina.rs\\\/eng\\\/wp-content\\\/uploads\\\/2018\\\/07\\\/Milan-Nedic-i-Adolf-Hitler.jpg\",\"contentUrl\":\"https:\\\/\\\/www.masina.rs\\\/eng\\\/wp-content\\\/uploads\\\/2018\\\/07\\\/Milan-Nedic-i-Adolf-Hitler.jpg\",\"width\":720,\"height\":420},{\"@type\":\"BreadcrumbList\",\"@id\":\"https:\\\/\\\/www.masina.rs\\\/eng\\\/rehabilitation-quisling-milan-nedic-rejected-court\\\/#breadcrumb\",\"itemListElement\":[{\"@type\":\"ListItem\",\"position\":1,\"name\":\"Home\",\"item\":\"https:\\\/\\\/www.masina.rs\\\/eng\\\/\"},{\"@type\":\"ListItem\",\"position\":2,\"name\":\"Rehabilitation of quisling Milan Nedi\u0107 rejected in court\"}]},{\"@type\":\"WebSite\",\"@id\":\"https:\\\/\\\/www.masina.rs\\\/eng\\\/#website\",\"url\":\"https:\\\/\\\/www.masina.rs\\\/eng\\\/\",\"name\":\"Ma\u0161ina English\",\"description\":\"Production of Social Critique\",\"publisher\":{\"@id\":\"https:\\\/\\\/www.masina.rs\\\/eng\\\/#organization\"},\"potentialAction\":[{\"@type\":\"SearchAction\",\"target\":{\"@type\":\"EntryPoint\",\"urlTemplate\":\"https:\\\/\\\/www.masina.rs\\\/eng\\\/?s={search_term_string}\"},\"query-input\":{\"@type\":\"PropertyValueSpecification\",\"valueRequired\":true,\"valueName\":\"search_term_string\"}}],\"inLanguage\":\"en-US\"},{\"@type\":\"Organization\",\"@id\":\"https:\\\/\\\/www.masina.rs\\\/eng\\\/#organization\",\"name\":\"masina.rs\",\"url\":\"https:\\\/\\\/www.masina.rs\\\/eng\\\/\",\"logo\":{\"@type\":\"ImageObject\",\"inLanguage\":\"en-US\",\"@id\":\"https:\\\/\\\/www.masina.rs\\\/eng\\\/#\\\/schema\\\/logo\\\/image\\\/\",\"url\":\"https:\\\/\\\/www.masina.rs\\\/eng\\\/wp-content\\\/uploads\\\/2021\\\/05\\\/Masina-header-on-white-1.svg\",\"contentUrl\":\"https:\\\/\\\/www.masina.rs\\\/eng\\\/wp-content\\\/uploads\\\/2021\\\/05\\\/Masina-header-on-white-1.svg\",\"width\":850,\"height\":283,\"caption\":\"masina.rs\"},\"image\":{\"@id\":\"https:\\\/\\\/www.masina.rs\\\/eng\\\/#\\\/schema\\\/logo\\\/image\\\/\"},\"sameAs\":[\"https:\\\/\\\/www.facebook.com\\\/masinars\",\"https:\\\/\\\/x.com\\\/MasinaRS\",\"https:\\\/\\\/www.instagram.com\\\/masina.rs\"]},{\"@type\":\"Person\",\"@id\":\"https:\\\/\\\/www.masina.rs\\\/eng\\\/#\\\/schema\\\/person\\\/958b9359404b87ce04cd3437b841249a\",\"name\":\"Ma\u0161ina\",\"image\":{\"@type\":\"ImageObject\",\"inLanguage\":\"en-US\",\"@id\":\"https:\\\/\\\/secure.gravatar.com\\\/avatar\\\/714de62ad05798c58e25eca1fcdd8527f1b4886757589aaeee8409f9ffc347e5?s=96&d=mm&r=g712341107c94d7ea0db4b5f0543a82ce\",\"url\":\"https:\\\/\\\/secure.gravatar.com\\\/avatar\\\/714de62ad05798c58e25eca1fcdd8527f1b4886757589aaeee8409f9ffc347e5?s=96&d=mm&r=g\",\"contentUrl\":\"https:\\\/\\\/secure.gravatar.com\\\/avatar\\\/714de62ad05798c58e25eca1fcdd8527f1b4886757589aaeee8409f9ffc347e5?s=96&d=mm&r=g\",\"caption\":\"Ma\u0161ina\"},\"url\":\"https:\\\/\\\/www.masina.rs\\\/eng\\\/author\\\/masina\\\/\"}]}<\/script>\n<!-- \/ Yoast SEO plugin. -->","yoast_head_json":{"title":"Rehabilitation of quisling Milan Nedi\u0107 rejected in court - Ma\u0161ina English","robots":{"index":"index","follow":"follow","max-snippet":"max-snippet:-1","max-image-preview":"max-image-preview:large","max-video-preview":"max-video-preview:-1"},"canonical":"https:\/\/www.masina.rs\/eng\/rehabilitation-quisling-milan-nedic-rejected-court\/","og_locale":"en_US","og_type":"article","og_title":"Rehabilitation of quisling Milan Nedi\u0107 rejected in court - Ma\u0161ina English","og_description":"Higher Court in Belgrade rejected an application to rehabilitate quisling Prime Minister of occupied Serbia during World War II, Milan Nedi\u0107.","og_url":"https:\/\/www.masina.rs\/eng\/rehabilitation-quisling-milan-nedic-rejected-court\/","og_site_name":"Ma\u0161ina English","article_publisher":"https:\/\/www.facebook.com\/masinars","article_published_time":"2018-07-28T10:42:45+00:00","og_image":[{"width":720,"height":420,"url":"https:\/\/www.masina.rs\/eng\/wp-content\/uploads\/2018\/07\/Milan-Nedic-i-Adolf-Hitler.jpg","type":"image\/jpeg"}],"author":"Ma\u0161ina","twitter_card":"summary_large_image","twitter_creator":"@MasinaRS","twitter_site":"@MasinaRS","twitter_misc":{"Written by":"Ma\u0161ina","Est. reading time":"2 minutes"},"schema":{"@context":"https:\/\/schema.org","@graph":[{"@type":"Article","@id":"https:\/\/www.masina.rs\/eng\/rehabilitation-quisling-milan-nedic-rejected-court\/#article","isPartOf":{"@id":"https:\/\/www.masina.rs\/eng\/rehabilitation-quisling-milan-nedic-rejected-court\/"},"author":{"name":"Ma\u0161ina","@id":"https:\/\/www.masina.rs\/eng\/#\/schema\/person\/958b9359404b87ce04cd3437b841249a"},"headline":"Rehabilitation of quisling Milan Nedi\u0107 rejected in court","datePublished":"2018-07-28T10:42:45+00:00","mainEntityOfPage":{"@id":"https:\/\/www.masina.rs\/eng\/rehabilitation-quisling-milan-nedic-rejected-court\/"},"wordCount":433,"publisher":{"@id":"https:\/\/www.masina.rs\/eng\/#organization"},"image":{"@id":"https:\/\/www.masina.rs\/eng\/rehabilitation-quisling-milan-nedic-rejected-court\/#primaryimage"},"thumbnailUrl":"https:\/\/www.masina.rs\/eng\/wp-content\/uploads\/2018\/07\/Milan-Nedic-i-Adolf-Hitler.jpg","keywords":["revisionism"],"inLanguage":"en-US"},{"@type":"WebPage","@id":"https:\/\/www.masina.rs\/eng\/rehabilitation-quisling-milan-nedic-rejected-court\/","url":"https:\/\/www.masina.rs\/eng\/rehabilitation-quisling-milan-nedic-rejected-court\/","name":"Rehabilitation of quisling Milan Nedi\u0107 rejected in court - Ma\u0161ina English","isPartOf":{"@id":"https:\/\/www.masina.rs\/eng\/#website"},"primaryImageOfPage":{"@id":"https:\/\/www.masina.rs\/eng\/rehabilitation-quisling-milan-nedic-rejected-court\/#primaryimage"},"image":{"@id":"https:\/\/www.masina.rs\/eng\/rehabilitation-quisling-milan-nedic-rejected-court\/#primaryimage"},"thumbnailUrl":"https:\/\/www.masina.rs\/eng\/wp-content\/uploads\/2018\/07\/Milan-Nedic-i-Adolf-Hitler.jpg","datePublished":"2018-07-28T10:42:45+00:00","breadcrumb":{"@id":"https:\/\/www.masina.rs\/eng\/rehabilitation-quisling-milan-nedic-rejected-court\/#breadcrumb"},"inLanguage":"en-US","potentialAction":[{"@type":"ReadAction","target":["https:\/\/www.masina.rs\/eng\/rehabilitation-quisling-milan-nedic-rejected-court\/"]}]},{"@type":"ImageObject","inLanguage":"en-US","@id":"https:\/\/www.masina.rs\/eng\/rehabilitation-quisling-milan-nedic-rejected-court\/#primaryimage","url":"https:\/\/www.masina.rs\/eng\/wp-content\/uploads\/2018\/07\/Milan-Nedic-i-Adolf-Hitler.jpg","contentUrl":"https:\/\/www.masina.rs\/eng\/wp-content\/uploads\/2018\/07\/Milan-Nedic-i-Adolf-Hitler.jpg","width":720,"height":420},{"@type":"BreadcrumbList","@id":"https:\/\/www.masina.rs\/eng\/rehabilitation-quisling-milan-nedic-rejected-court\/#breadcrumb","itemListElement":[{"@type":"ListItem","position":1,"name":"Home","item":"https:\/\/www.masina.rs\/eng\/"},{"@type":"ListItem","position":2,"name":"Rehabilitation of quisling Milan Nedi\u0107 rejected in court"}]},{"@type":"WebSite","@id":"https:\/\/www.masina.rs\/eng\/#website","url":"https:\/\/www.masina.rs\/eng\/","name":"Ma\u0161ina English","description":"Production of Social Critique","publisher":{"@id":"https:\/\/www.masina.rs\/eng\/#organization"},"potentialAction":[{"@type":"SearchAction","target":{"@type":"EntryPoint","urlTemplate":"https:\/\/www.masina.rs\/eng\/?s={search_term_string}"},"query-input":{"@type":"PropertyValueSpecification","valueRequired":true,"valueName":"search_term_string"}}],"inLanguage":"en-US"},{"@type":"Organization","@id":"https:\/\/www.masina.rs\/eng\/#organization","name":"masina.rs","url":"https:\/\/www.masina.rs\/eng\/","logo":{"@type":"ImageObject","inLanguage":"en-US","@id":"https:\/\/www.masina.rs\/eng\/#\/schema\/logo\/image\/","url":"https:\/\/www.masina.rs\/eng\/wp-content\/uploads\/2021\/05\/Masina-header-on-white-1.svg","contentUrl":"https:\/\/www.masina.rs\/eng\/wp-content\/uploads\/2021\/05\/Masina-header-on-white-1.svg","width":850,"height":283,"caption":"masina.rs"},"image":{"@id":"https:\/\/www.masina.rs\/eng\/#\/schema\/logo\/image\/"},"sameAs":["https:\/\/www.facebook.com\/masinars","https:\/\/x.com\/MasinaRS","https:\/\/www.instagram.com\/masina.rs"]},{"@type":"Person","@id":"https:\/\/www.masina.rs\/eng\/#\/schema\/person\/958b9359404b87ce04cd3437b841249a","name":"Ma\u0161ina","image":{"@type":"ImageObject","inLanguage":"en-US","@id":"https:\/\/secure.gravatar.com\/avatar\/714de62ad05798c58e25eca1fcdd8527f1b4886757589aaeee8409f9ffc347e5?s=96&d=mm&r=g712341107c94d7ea0db4b5f0543a82ce","url":"https:\/\/secure.gravatar.com\/avatar\/714de62ad05798c58e25eca1fcdd8527f1b4886757589aaeee8409f9ffc347e5?s=96&d=mm&r=g","contentUrl":"https:\/\/secure.gravatar.com\/avatar\/714de62ad05798c58e25eca1fcdd8527f1b4886757589aaeee8409f9ffc347e5?s=96&d=mm&r=g","caption":"Ma\u0161ina"},"url":"https:\/\/www.masina.rs\/eng\/author\/masina\/"}]}},"_links":{"self":[{"href":"https:\/\/www.masina.rs\/eng\/wp-json\/wp\/v2\/posts\/475","targetHints":{"allow":["GET"]}}],"collection":[{"href":"https:\/\/www.masina.rs\/eng\/wp-json\/wp\/v2\/posts"}],"about":[{"href":"https:\/\/www.masina.rs\/eng\/wp-json\/wp\/v2\/types\/post"}],"author":[{"embeddable":true,"href":"https:\/\/www.masina.rs\/eng\/wp-json\/wp\/v2\/users\/2"}],"replies":[{"embeddable":true,"href":"https:\/\/www.masina.rs\/eng\/wp-json\/wp\/v2\/comments?post=475"}],"version-history":[{"count":3,"href":"https:\/\/www.masina.rs\/eng\/wp-json\/wp\/v2\/posts\/475\/revisions"}],"predecessor-version":[{"id":479,"href":"https:\/\/www.masina.rs\/eng\/wp-json\/wp\/v2\/posts\/475\/revisions\/479"}],"wp:featuredmedia":[{"embeddable":true,"href":"https:\/\/www.masina.rs\/eng\/wp-json\/wp\/v2\/media\/477"}],"wp:attachment":[{"href":"https:\/\/www.masina.rs\/eng\/wp-json\/wp\/v2\/media?parent=475"}],"wp:term":[{"taxonomy":"category","embeddable":true,"href":"https:\/\/www.masina.rs\/eng\/wp-json\/wp\/v2\/categories?post=475"},{"taxonomy":"post_tag","embeddable":true,"href":"https:\/\/www.masina.rs\/eng\/wp-json\/wp\/v2\/tags?post=475"},{"taxonomy":"form","embeddable":true,"href":"https:\/\/www.masina.rs\/eng\/wp-json\/wp\/v2\/form?post=475"},{"taxonomy":"concept","embeddable":true,"href":"https:\/\/www.masina.rs\/eng\/wp-json\/wp\/v2\/concept?post=475"},{"taxonomy":"contents","embeddable":true,"href":"https:\/\/www.masina.rs\/eng\/wp-json\/wp\/v2\/contents?post=475"},{"taxonomy":"author","embeddable":true,"href":"https:\/\/www.masina.rs\/eng\/wp-json\/wp\/v2\/coauthors?post=475"}],"curies":[{"name":"wp","href":"https:\/\/api.w.org\/{rel}","templated":true}]}}