{"id":502,"date":"2018-08-29T09:05:22","date_gmt":"2018-08-29T08:05:22","guid":{"rendered":"https:\/\/www.masina.rs\/eng\/?p=502"},"modified":"2018-08-29T09:06:49","modified_gmt":"2018-08-29T08:06:49","slug":"new-school-year-will-start-teachers-protest-series-one-day-strikes","status":"publish","type":"post","link":"https:\/\/www.masina.rs\/eng\/new-school-year-will-start-teachers-protest-series-one-day-strikes\/","title":{"rendered":"The new school year in Serbia will start with teachers\u2019 protest and a series of one-day strikes"},"content":{"rendered":"<figure id=\"attachment_503\" aria-describedby=\"caption-attachment-503\" style=\"width: 950px\" class=\"wp-caption aligncenter\"><a href=\"https:\/\/www.masina.rs\/eng\/wp-content\/uploads\/2018\/08\/Unija-SPRS-Beograd.jpg\"><img loading=\"lazy\" decoding=\"async\" class=\"size-full wp-image-503\" src=\"https:\/\/www.masina.rs\/eng\/wp-content\/uploads\/2018\/08\/Unija-SPRS-Beograd.jpg\" alt=\"\" width=\"960\" height=\"720\" srcset=\"https:\/\/www.masina.rs\/eng\/wp-content\/uploads\/2018\/08\/Unija-SPRS-Beograd.jpg 960w, https:\/\/www.masina.rs\/eng\/wp-content\/uploads\/2018\/08\/Unija-SPRS-Beograd-300x225.jpg 300w, https:\/\/www.masina.rs\/eng\/wp-content\/uploads\/2018\/08\/Unija-SPRS-Beograd-768x576.jpg 768w\" sizes=\"auto, (max-width: 960px) 100vw, 960px\" \/><\/a><figcaption id=\"caption-attachment-503\" class=\"wp-caption-text\">Photo: Unija SPRS Beograd \/ Facebook<\/figcaption><\/figure>\n<p><strong>At yesterday\u2019s press conference representatives of education trade unions (the SPRS Union, the GSPRS Nezavisnost, SRPS, SOS) announced a protest motivated by the introduction of a new salary structure in the public sector. The protest named \u201cJustice before money\u201d will be held on the August 31, at noon, in front of the Serbian Ministry of education.<\/strong><\/p>\n<p>The new salary structure in the public sector proposes thirteen pay groups. Every group contains workplaces where the employees perform same or similar tasks. The payees in every group will share the same base pay, while the differences between earnings within one group will be defined by pay classes.<\/p>\n<p>The proposed systematization reserves the first four groups for jobs requiring elementary and lower secondary education, the groups five and six are reserved for higher secondary education, seven to eleven for workplaces requiring high (tertiary) education, while the groups twelve and thirteen are reserved for managers.<\/p>\n<p>The trade unions claim that the teachers, who would fall into the eight group of payees, and the librarians, who would fall into the seventh group, would be cut short.<\/p>\n<p>According to the trade unions, the proposed pay scale will not only cut the financial additions, such as the ones for class teachers, for which the additions have been cut down from 4% to 0.5%, but also make professional advancing of any sort impossible, while augmenting the scope of work.<\/p>\n<p>They claim one of the biggest problems to be the fact that some 1600 school principals\u2019 positions have been accounted into group eleven. According to trade unions\u2019 claims, these positions will be occupied by people close to the party in power because of the salary which will bearound 800 Euros, much higher than what teacher\u2019s earn.<\/p>\n<p>The labour unions from the region announced their support for the teachers. Leftist political organizations are also expected to join\u00a0the protest on\u00a0August 31.<\/p>\n<p><strong>An obstacle for the teachers\u2019 professional advancement<\/strong><\/p>\n<p>In a statement for Ma\u0161ina, Tomislav \u017divanovi\u0107, the president of union GSPRS Nezavisnost, warned that the salary structure is not the only problem. There is also a fear of political pressure.<\/p>\n<blockquote><p>Currently, the teachers\u2019 work is being judged by the parents, care-givers, colleagues, the school\u2019s expert services, political and economic organizations belonging to the local community. Our proposition is to establish some clearly measurable criteria instead of leaving the possibility for teachers advancementto the good will of certain individuals. If it stays this way, we fear that the teachers will be judged according to political compliance and notto the quality of their work.<\/p>\n<p style=\"text-align: right;\"><em>M.J.<\/em><\/p>\n<p style=\"text-align: right;\">Translation from Serbian:\u00a0Iskra Krsti\u0107<\/p>\n<p>This article was <a href=\"https:\/\/www.masina.rs\/?p=7211\" target=\"_blank\" rel=\"noopener noreferrer\">originally published<\/a> in Serbian on August\u00a028, 2018.<\/p><\/blockquote>\n","protected":false},"excerpt":{"rendered":"<p>At yesterday\u2019s press conference representatives of education trade unions (the SPRS Union, the GSPRS Nezavisnost, SRPS, SOS) announced a protest motivated by the introduction of a new salary structure in the public sector. The protest named \u201cJustice before money\u201d will be held on the August 31, at noon, in front of the Serbian Ministry of education.<\/p>\n","protected":false},"author":2,"featured_media":503,"comment_status":"closed","ping_status":"closed","sticky":false,"template":"","format":"standard","meta":{"_acf_changed":false,"footnotes":""},"categories":[1],"tags":[29,18,25],"form":[],"concept":[],"contents":[],"coauthors":[5],"class_list":["post-502","post","type-post","status-publish","format-standard","has-post-thumbnail","hentry","category-uncategorized","tag-education","tag-protest","tag-public-sector","infinite-scroll-item","generate-columns","tablet-grid-50","mobile-grid-100","grid-parent","grid-25"],"acf":[],"yoast_head":"<!-- This site is optimized with the Yoast SEO plugin v27.5 - https:\/\/yoast.com\/product\/yoast-seo-wordpress\/ -->\n<title>The new school year in Serbia will start with teachers\u2019 protest and a series of one-day strikes - Ma\u0161ina English<\/title>\n<meta name=\"robots\" content=\"index, follow, max-snippet:-1, max-image-preview:large, max-video-preview:-1\" \/>\n<link rel=\"canonical\" href=\"https:\/\/www.masina.rs\/eng\/new-school-year-will-start-teachers-protest-series-one-day-strikes\/\" \/>\n<meta property=\"og:locale\" content=\"en_US\" \/>\n<meta property=\"og:type\" content=\"article\" \/>\n<meta property=\"og:title\" content=\"The new school year in Serbia will start with teachers\u2019 protest and a series of one-day strikes - Ma\u0161ina English\" \/>\n<meta property=\"og:description\" content=\"At yesterday\u2019s press conference representatives of education trade unions (the SPRS Union, the GSPRS Nezavisnost, SRPS, SOS) announced a protest motivated by the introduction of a new salary structure in the public sector. The protest named \u201cJustice before money\u201d will be held on the August 31, at noon, in front of the Serbian Ministry of education.\" \/>\n<meta property=\"og:url\" content=\"https:\/\/www.masina.rs\/eng\/new-school-year-will-start-teachers-protest-series-one-day-strikes\/\" \/>\n<meta property=\"og:site_name\" content=\"Ma\u0161ina English\" \/>\n<meta property=\"article:publisher\" content=\"https:\/\/www.facebook.com\/masinars\" \/>\n<meta property=\"article:published_time\" content=\"2018-08-29T08:05:22+00:00\" \/>\n<meta property=\"article:modified_time\" content=\"2018-08-29T08:06:49+00:00\" \/>\n<meta property=\"og:image\" content=\"https:\/\/www.masina.rs\/eng\/wp-content\/uploads\/2018\/08\/Unija-SPRS-Beograd.jpg\" \/>\n\t<meta property=\"og:image:width\" content=\"960\" \/>\n\t<meta property=\"og:image:height\" content=\"720\" \/>\n\t<meta property=\"og:image:type\" content=\"image\/jpeg\" \/>\n<meta name=\"author\" content=\"Ma\u0161ina\" \/>\n<meta name=\"twitter:card\" content=\"summary_large_image\" \/>\n<meta name=\"twitter:creator\" content=\"@MasinaRS\" \/>\n<meta name=\"twitter:site\" content=\"@MasinaRS\" \/>\n<meta name=\"twitter:label1\" content=\"Written by\" \/>\n\t<meta name=\"twitter:data1\" content=\"Ma\u0161ina\" \/>\n\t<meta name=\"twitter:label2\" content=\"Est. reading time\" \/>\n\t<meta name=\"twitter:data2\" content=\"2 minutes\" \/>\n<script type=\"application\/ld+json\" class=\"yoast-schema-graph\">{\"@context\":\"https:\\\/\\\/schema.org\",\"@graph\":[{\"@type\":\"Article\",\"@id\":\"https:\\\/\\\/www.masina.rs\\\/eng\\\/new-school-year-will-start-teachers-protest-series-one-day-strikes\\\/#article\",\"isPartOf\":{\"@id\":\"https:\\\/\\\/www.masina.rs\\\/eng\\\/new-school-year-will-start-teachers-protest-series-one-day-strikes\\\/\"},\"author\":{\"name\":\"Ma\u0161ina\",\"@id\":\"https:\\\/\\\/www.masina.rs\\\/eng\\\/#\\\/schema\\\/person\\\/958b9359404b87ce04cd3437b841249a\"},\"headline\":\"The new school year in Serbia will start with teachers\u2019 protest and a series of one-day strikes\",\"datePublished\":\"2018-08-29T08:05:22+00:00\",\"dateModified\":\"2018-08-29T08:06:49+00:00\",\"mainEntityOfPage\":{\"@id\":\"https:\\\/\\\/www.masina.rs\\\/eng\\\/new-school-year-will-start-teachers-protest-series-one-day-strikes\\\/\"},\"wordCount\":465,\"publisher\":{\"@id\":\"https:\\\/\\\/www.masina.rs\\\/eng\\\/#organization\"},\"image\":{\"@id\":\"https:\\\/\\\/www.masina.rs\\\/eng\\\/new-school-year-will-start-teachers-protest-series-one-day-strikes\\\/#primaryimage\"},\"thumbnailUrl\":\"https:\\\/\\\/www.masina.rs\\\/eng\\\/wp-content\\\/uploads\\\/2018\\\/08\\\/Unija-SPRS-Beograd.jpg\",\"keywords\":[\"education\",\"protest\",\"public sector\"],\"inLanguage\":\"en-US\"},{\"@type\":\"WebPage\",\"@id\":\"https:\\\/\\\/www.masina.rs\\\/eng\\\/new-school-year-will-start-teachers-protest-series-one-day-strikes\\\/\",\"url\":\"https:\\\/\\\/www.masina.rs\\\/eng\\\/new-school-year-will-start-teachers-protest-series-one-day-strikes\\\/\",\"name\":\"The new school year in Serbia will start with teachers\u2019 protest and a series of one-day strikes - Ma\u0161ina English\",\"isPartOf\":{\"@id\":\"https:\\\/\\\/www.masina.rs\\\/eng\\\/#website\"},\"primaryImageOfPage\":{\"@id\":\"https:\\\/\\\/www.masina.rs\\\/eng\\\/new-school-year-will-start-teachers-protest-series-one-day-strikes\\\/#primaryimage\"},\"image\":{\"@id\":\"https:\\\/\\\/www.masina.rs\\\/eng\\\/new-school-year-will-start-teachers-protest-series-one-day-strikes\\\/#primaryimage\"},\"thumbnailUrl\":\"https:\\\/\\\/www.masina.rs\\\/eng\\\/wp-content\\\/uploads\\\/2018\\\/08\\\/Unija-SPRS-Beograd.jpg\",\"datePublished\":\"2018-08-29T08:05:22+00:00\",\"dateModified\":\"2018-08-29T08:06:49+00:00\",\"breadcrumb\":{\"@id\":\"https:\\\/\\\/www.masina.rs\\\/eng\\\/new-school-year-will-start-teachers-protest-series-one-day-strikes\\\/#breadcrumb\"},\"inLanguage\":\"en-US\",\"potentialAction\":[{\"@type\":\"ReadAction\",\"target\":[\"https:\\\/\\\/www.masina.rs\\\/eng\\\/new-school-year-will-start-teachers-protest-series-one-day-strikes\\\/\"]}]},{\"@type\":\"ImageObject\",\"inLanguage\":\"en-US\",\"@id\":\"https:\\\/\\\/www.masina.rs\\\/eng\\\/new-school-year-will-start-teachers-protest-series-one-day-strikes\\\/#primaryimage\",\"url\":\"https:\\\/\\\/www.masina.rs\\\/eng\\\/wp-content\\\/uploads\\\/2018\\\/08\\\/Unija-SPRS-Beograd.jpg\",\"contentUrl\":\"https:\\\/\\\/www.masina.rs\\\/eng\\\/wp-content\\\/uploads\\\/2018\\\/08\\\/Unija-SPRS-Beograd.jpg\",\"width\":960,\"height\":720,\"caption\":\"Photo: Unija SPRS Beograd \\\/ Facebook\"},{\"@type\":\"BreadcrumbList\",\"@id\":\"https:\\\/\\\/www.masina.rs\\\/eng\\\/new-school-year-will-start-teachers-protest-series-one-day-strikes\\\/#breadcrumb\",\"itemListElement\":[{\"@type\":\"ListItem\",\"position\":1,\"name\":\"Home\",\"item\":\"https:\\\/\\\/www.masina.rs\\\/eng\\\/\"},{\"@type\":\"ListItem\",\"position\":2,\"name\":\"The new school year in Serbia will start with teachers\u2019 protest and a series of one-day strikes\"}]},{\"@type\":\"WebSite\",\"@id\":\"https:\\\/\\\/www.masina.rs\\\/eng\\\/#website\",\"url\":\"https:\\\/\\\/www.masina.rs\\\/eng\\\/\",\"name\":\"Ma\u0161ina English\",\"description\":\"Production of Social Critique\",\"publisher\":{\"@id\":\"https:\\\/\\\/www.masina.rs\\\/eng\\\/#organization\"},\"potentialAction\":[{\"@type\":\"SearchAction\",\"target\":{\"@type\":\"EntryPoint\",\"urlTemplate\":\"https:\\\/\\\/www.masina.rs\\\/eng\\\/?s={search_term_string}\"},\"query-input\":{\"@type\":\"PropertyValueSpecification\",\"valueRequired\":true,\"valueName\":\"search_term_string\"}}],\"inLanguage\":\"en-US\"},{\"@type\":\"Organization\",\"@id\":\"https:\\\/\\\/www.masina.rs\\\/eng\\\/#organization\",\"name\":\"masina.rs\",\"url\":\"https:\\\/\\\/www.masina.rs\\\/eng\\\/\",\"logo\":{\"@type\":\"ImageObject\",\"inLanguage\":\"en-US\",\"@id\":\"https:\\\/\\\/www.masina.rs\\\/eng\\\/#\\\/schema\\\/logo\\\/image\\\/\",\"url\":\"https:\\\/\\\/www.masina.rs\\\/eng\\\/wp-content\\\/uploads\\\/2021\\\/05\\\/Masina-header-on-white-1.svg\",\"contentUrl\":\"https:\\\/\\\/www.masina.rs\\\/eng\\\/wp-content\\\/uploads\\\/2021\\\/05\\\/Masina-header-on-white-1.svg\",\"width\":850,\"height\":283,\"caption\":\"masina.rs\"},\"image\":{\"@id\":\"https:\\\/\\\/www.masina.rs\\\/eng\\\/#\\\/schema\\\/logo\\\/image\\\/\"},\"sameAs\":[\"https:\\\/\\\/www.facebook.com\\\/masinars\",\"https:\\\/\\\/x.com\\\/MasinaRS\",\"https:\\\/\\\/www.instagram.com\\\/masina.rs\"]},{\"@type\":\"Person\",\"@id\":\"https:\\\/\\\/www.masina.rs\\\/eng\\\/#\\\/schema\\\/person\\\/958b9359404b87ce04cd3437b841249a\",\"name\":\"Ma\u0161ina\",\"image\":{\"@type\":\"ImageObject\",\"inLanguage\":\"en-US\",\"@id\":\"https:\\\/\\\/secure.gravatar.com\\\/avatar\\\/714de62ad05798c58e25eca1fcdd8527f1b4886757589aaeee8409f9ffc347e5?s=96&d=mm&r=g712341107c94d7ea0db4b5f0543a82ce\",\"url\":\"https:\\\/\\\/secure.gravatar.com\\\/avatar\\\/714de62ad05798c58e25eca1fcdd8527f1b4886757589aaeee8409f9ffc347e5?s=96&d=mm&r=g\",\"contentUrl\":\"https:\\\/\\\/secure.gravatar.com\\\/avatar\\\/714de62ad05798c58e25eca1fcdd8527f1b4886757589aaeee8409f9ffc347e5?s=96&d=mm&r=g\",\"caption\":\"Ma\u0161ina\"},\"url\":\"https:\\\/\\\/www.masina.rs\\\/eng\\\/author\\\/masina\\\/\"}]}<\/script>\n<!-- \/ Yoast SEO plugin. -->","yoast_head_json":{"title":"The new school year in Serbia will start with teachers\u2019 protest and a series of one-day strikes - Ma\u0161ina English","robots":{"index":"index","follow":"follow","max-snippet":"max-snippet:-1","max-image-preview":"max-image-preview:large","max-video-preview":"max-video-preview:-1"},"canonical":"https:\/\/www.masina.rs\/eng\/new-school-year-will-start-teachers-protest-series-one-day-strikes\/","og_locale":"en_US","og_type":"article","og_title":"The new school year in Serbia will start with teachers\u2019 protest and a series of one-day strikes - Ma\u0161ina English","og_description":"At yesterday\u2019s press conference representatives of education trade unions (the SPRS Union, the GSPRS Nezavisnost, SRPS, SOS) announced a protest motivated by the introduction of a new salary structure in the public sector. The protest named \u201cJustice before money\u201d will be held on the August 31, at noon, in front of the Serbian Ministry of education.","og_url":"https:\/\/www.masina.rs\/eng\/new-school-year-will-start-teachers-protest-series-one-day-strikes\/","og_site_name":"Ma\u0161ina English","article_publisher":"https:\/\/www.facebook.com\/masinars","article_published_time":"2018-08-29T08:05:22+00:00","article_modified_time":"2018-08-29T08:06:49+00:00","og_image":[{"width":960,"height":720,"url":"https:\/\/www.masina.rs\/eng\/wp-content\/uploads\/2018\/08\/Unija-SPRS-Beograd.jpg","type":"image\/jpeg"}],"author":"Ma\u0161ina","twitter_card":"summary_large_image","twitter_creator":"@MasinaRS","twitter_site":"@MasinaRS","twitter_misc":{"Written by":"Ma\u0161ina","Est. reading time":"2 minutes"},"schema":{"@context":"https:\/\/schema.org","@graph":[{"@type":"Article","@id":"https:\/\/www.masina.rs\/eng\/new-school-year-will-start-teachers-protest-series-one-day-strikes\/#article","isPartOf":{"@id":"https:\/\/www.masina.rs\/eng\/new-school-year-will-start-teachers-protest-series-one-day-strikes\/"},"author":{"name":"Ma\u0161ina","@id":"https:\/\/www.masina.rs\/eng\/#\/schema\/person\/958b9359404b87ce04cd3437b841249a"},"headline":"The new school year in Serbia will start with teachers\u2019 protest and a series of one-day strikes","datePublished":"2018-08-29T08:05:22+00:00","dateModified":"2018-08-29T08:06:49+00:00","mainEntityOfPage":{"@id":"https:\/\/www.masina.rs\/eng\/new-school-year-will-start-teachers-protest-series-one-day-strikes\/"},"wordCount":465,"publisher":{"@id":"https:\/\/www.masina.rs\/eng\/#organization"},"image":{"@id":"https:\/\/www.masina.rs\/eng\/new-school-year-will-start-teachers-protest-series-one-day-strikes\/#primaryimage"},"thumbnailUrl":"https:\/\/www.masina.rs\/eng\/wp-content\/uploads\/2018\/08\/Unija-SPRS-Beograd.jpg","keywords":["education","protest","public sector"],"inLanguage":"en-US"},{"@type":"WebPage","@id":"https:\/\/www.masina.rs\/eng\/new-school-year-will-start-teachers-protest-series-one-day-strikes\/","url":"https:\/\/www.masina.rs\/eng\/new-school-year-will-start-teachers-protest-series-one-day-strikes\/","name":"The new school year in Serbia will start with teachers\u2019 protest and a series of one-day strikes - Ma\u0161ina English","isPartOf":{"@id":"https:\/\/www.masina.rs\/eng\/#website"},"primaryImageOfPage":{"@id":"https:\/\/www.masina.rs\/eng\/new-school-year-will-start-teachers-protest-series-one-day-strikes\/#primaryimage"},"image":{"@id":"https:\/\/www.masina.rs\/eng\/new-school-year-will-start-teachers-protest-series-one-day-strikes\/#primaryimage"},"thumbnailUrl":"https:\/\/www.masina.rs\/eng\/wp-content\/uploads\/2018\/08\/Unija-SPRS-Beograd.jpg","datePublished":"2018-08-29T08:05:22+00:00","dateModified":"2018-08-29T08:06:49+00:00","breadcrumb":{"@id":"https:\/\/www.masina.rs\/eng\/new-school-year-will-start-teachers-protest-series-one-day-strikes\/#breadcrumb"},"inLanguage":"en-US","potentialAction":[{"@type":"ReadAction","target":["https:\/\/www.masina.rs\/eng\/new-school-year-will-start-teachers-protest-series-one-day-strikes\/"]}]},{"@type":"ImageObject","inLanguage":"en-US","@id":"https:\/\/www.masina.rs\/eng\/new-school-year-will-start-teachers-protest-series-one-day-strikes\/#primaryimage","url":"https:\/\/www.masina.rs\/eng\/wp-content\/uploads\/2018\/08\/Unija-SPRS-Beograd.jpg","contentUrl":"https:\/\/www.masina.rs\/eng\/wp-content\/uploads\/2018\/08\/Unija-SPRS-Beograd.jpg","width":960,"height":720,"caption":"Photo: Unija SPRS Beograd \/ Facebook"},{"@type":"BreadcrumbList","@id":"https:\/\/www.masina.rs\/eng\/new-school-year-will-start-teachers-protest-series-one-day-strikes\/#breadcrumb","itemListElement":[{"@type":"ListItem","position":1,"name":"Home","item":"https:\/\/www.masina.rs\/eng\/"},{"@type":"ListItem","position":2,"name":"The new school year in Serbia will start with teachers\u2019 protest and a series of one-day strikes"}]},{"@type":"WebSite","@id":"https:\/\/www.masina.rs\/eng\/#website","url":"https:\/\/www.masina.rs\/eng\/","name":"Ma\u0161ina English","description":"Production of Social Critique","publisher":{"@id":"https:\/\/www.masina.rs\/eng\/#organization"},"potentialAction":[{"@type":"SearchAction","target":{"@type":"EntryPoint","urlTemplate":"https:\/\/www.masina.rs\/eng\/?s={search_term_string}"},"query-input":{"@type":"PropertyValueSpecification","valueRequired":true,"valueName":"search_term_string"}}],"inLanguage":"en-US"},{"@type":"Organization","@id":"https:\/\/www.masina.rs\/eng\/#organization","name":"masina.rs","url":"https:\/\/www.masina.rs\/eng\/","logo":{"@type":"ImageObject","inLanguage":"en-US","@id":"https:\/\/www.masina.rs\/eng\/#\/schema\/logo\/image\/","url":"https:\/\/www.masina.rs\/eng\/wp-content\/uploads\/2021\/05\/Masina-header-on-white-1.svg","contentUrl":"https:\/\/www.masina.rs\/eng\/wp-content\/uploads\/2021\/05\/Masina-header-on-white-1.svg","width":850,"height":283,"caption":"masina.rs"},"image":{"@id":"https:\/\/www.masina.rs\/eng\/#\/schema\/logo\/image\/"},"sameAs":["https:\/\/www.facebook.com\/masinars","https:\/\/x.com\/MasinaRS","https:\/\/www.instagram.com\/masina.rs"]},{"@type":"Person","@id":"https:\/\/www.masina.rs\/eng\/#\/schema\/person\/958b9359404b87ce04cd3437b841249a","name":"Ma\u0161ina","image":{"@type":"ImageObject","inLanguage":"en-US","@id":"https:\/\/secure.gravatar.com\/avatar\/714de62ad05798c58e25eca1fcdd8527f1b4886757589aaeee8409f9ffc347e5?s=96&d=mm&r=g712341107c94d7ea0db4b5f0543a82ce","url":"https:\/\/secure.gravatar.com\/avatar\/714de62ad05798c58e25eca1fcdd8527f1b4886757589aaeee8409f9ffc347e5?s=96&d=mm&r=g","contentUrl":"https:\/\/secure.gravatar.com\/avatar\/714de62ad05798c58e25eca1fcdd8527f1b4886757589aaeee8409f9ffc347e5?s=96&d=mm&r=g","caption":"Ma\u0161ina"},"url":"https:\/\/www.masina.rs\/eng\/author\/masina\/"}]}},"_links":{"self":[{"href":"https:\/\/www.masina.rs\/eng\/wp-json\/wp\/v2\/posts\/502","targetHints":{"allow":["GET"]}}],"collection":[{"href":"https:\/\/www.masina.rs\/eng\/wp-json\/wp\/v2\/posts"}],"about":[{"href":"https:\/\/www.masina.rs\/eng\/wp-json\/wp\/v2\/types\/post"}],"author":[{"embeddable":true,"href":"https:\/\/www.masina.rs\/eng\/wp-json\/wp\/v2\/users\/2"}],"replies":[{"embeddable":true,"href":"https:\/\/www.masina.rs\/eng\/wp-json\/wp\/v2\/comments?post=502"}],"version-history":[{"count":5,"href":"https:\/\/www.masina.rs\/eng\/wp-json\/wp\/v2\/posts\/502\/revisions"}],"predecessor-version":[{"id":508,"href":"https:\/\/www.masina.rs\/eng\/wp-json\/wp\/v2\/posts\/502\/revisions\/508"}],"wp:featuredmedia":[{"embeddable":true,"href":"https:\/\/www.masina.rs\/eng\/wp-json\/wp\/v2\/media\/503"}],"wp:attachment":[{"href":"https:\/\/www.masina.rs\/eng\/wp-json\/wp\/v2\/media?parent=502"}],"wp:term":[{"taxonomy":"category","embeddable":true,"href":"https:\/\/www.masina.rs\/eng\/wp-json\/wp\/v2\/categories?post=502"},{"taxonomy":"post_tag","embeddable":true,"href":"https:\/\/www.masina.rs\/eng\/wp-json\/wp\/v2\/tags?post=502"},{"taxonomy":"form","embeddable":true,"href":"https:\/\/www.masina.rs\/eng\/wp-json\/wp\/v2\/form?post=502"},{"taxonomy":"concept","embeddable":true,"href":"https:\/\/www.masina.rs\/eng\/wp-json\/wp\/v2\/concept?post=502"},{"taxonomy":"contents","embeddable":true,"href":"https:\/\/www.masina.rs\/eng\/wp-json\/wp\/v2\/contents?post=502"},{"taxonomy":"author","embeddable":true,"href":"https:\/\/www.masina.rs\/eng\/wp-json\/wp\/v2\/coauthors?post=502"}],"curies":[{"name":"wp","href":"https:\/\/api.w.org\/{rel}","templated":true}]}}