{"id":537,"date":"2018-09-15T06:41:20","date_gmt":"2018-09-15T05:41:20","guid":{"rendered":"https:\/\/www.masina.rs\/eng\/?p=537"},"modified":"2018-09-15T06:42:01","modified_gmt":"2018-09-15T05:42:01","slug":"pressure-trade-union-representatives-continue-trade-union-commissioner-sacked-national-museum-serbia","status":"publish","type":"post","link":"https:\/\/www.masina.rs\/eng\/pressure-trade-union-representatives-continue-trade-union-commissioner-sacked-national-museum-serbia\/","title":{"rendered":"Pressure on trade union representatives continue \u2013 trade union commissioner sacked in the National Museum of Serbia"},"content":{"rendered":"<figure id=\"attachment_538\" aria-describedby=\"caption-attachment-538\" style=\"width: 950px\" class=\"wp-caption aligncenter\"><a href=\"https:\/\/www.masina.rs\/eng\/wp-content\/uploads\/2018\/09\/Narodni-muzej_Aleksandar-Jovanovic.jpg\"><img loading=\"lazy\" decoding=\"async\" class=\"size-full wp-image-538\" src=\"https:\/\/www.masina.rs\/eng\/wp-content\/uploads\/2018\/09\/Narodni-muzej_Aleksandar-Jovanovic.jpg\" alt=\"\" width=\"960\" height=\"720\" srcset=\"https:\/\/www.masina.rs\/eng\/wp-content\/uploads\/2018\/09\/Narodni-muzej_Aleksandar-Jovanovic.jpg 960w, https:\/\/www.masina.rs\/eng\/wp-content\/uploads\/2018\/09\/Narodni-muzej_Aleksandar-Jovanovic-300x225.jpg 300w, https:\/\/www.masina.rs\/eng\/wp-content\/uploads\/2018\/09\/Narodni-muzej_Aleksandar-Jovanovic-768x576.jpg 768w\" sizes=\"auto, (max-width: 960px) 100vw, 960px\" \/><\/a><figcaption id=\"caption-attachment-538\" class=\"wp-caption-text\">Photo: Aleksandar Jovanovi\u0107 \/ Facebook<\/figcaption><\/figure>\n<p><strong>Radoslav Piljak has been fired after his trade union exposed malversation and illegal activities in the National Museum of Serbia.<\/strong><\/p>\n<p>The trade union commissioner of UGS Nezavisnost (United Branch Trade Union Independence), Radoslav Piljak, lost his job in the National Museum of Serbia a few days ago.<\/p>\n<p>The notice of termination was presented to Piljak by the Museum\u2019s CEO, Bojana Bori\u0107 Bre\u0161kovi\u0107, who the union considers to be an \u201cillegal director\u201d, stated UGS Nezavisnonst in their press release.<\/p>\n<p>The statement of grounds of the termination of the employment contract claims that the trade union representative had breached the working discipline and the rules of behaviour, without explicating the location and time of the alleged breach. A written note from another employee, accusing Piljak of \u201cconfrontations with employees including pressures, abuse, mobbing and arrogance\u201d was offered instead.<\/p>\n<p>UGS Nezavisnost and its representative have been facing pressures since April this year, when the trade union\u2019s museum branch was first formed, the press release states.<\/p>\n<p>The culture, art and media branch of UGS Nezavisnost compiled documents which, according to their claims, expose a number of malversation and illegal activities in the National Museum of Serbia, and they have presented the documents to the Ministry of Culture and other relevant institutions.<\/p>\n<p>They claim the first among the recorded irregularities to be the fact that Bojana Bori\u0107 Bre\u0161kovi\u0107 still acts as the Museum\u2019s CEO. She was supposed to step down from this position on the June 13, 2018, as confirmed to the trade union by the labour inspectorate.<\/p>\n<p>Recent events\u00a0suggest rising pressure on workers\u2019 organising and unionising. Just days before the lay-off of Radoslav Piljak it was brought to the attention of the public that trade union members in Kragujevac have been facing\u00a0<a href=\"https:\/\/www.masina.rs\/eng\/trade-union-members-kragujevac-face-criminal-charges-threats-phone-tapping\/\" target=\"_blank\" rel=\"noopener noreferrer\">frequent attacks<\/a> on the part of their employer and the state.<\/p>\n<p style=\"text-align: right;\"><em>M.M.<\/em><\/p>\n<p style=\"text-align: right;\">Translation from Serbian: Iskra Krsti\u0107<\/p>\n<p>This article was<a href=\"https:\/\/www.masina.rs\/?p=7376\" target=\"_blank\" rel=\"noopener noreferrer\"> originally published<\/a> in Serbian on\u00a0Sep 14,\u00a02018.<\/p>\n","protected":false},"excerpt":{"rendered":"<p>Radoslav Piljak has been fired after his trade union exposed malversation and illegal activities in the National Museum of Serbia.<\/p>\n","protected":false},"author":2,"featured_media":538,"comment_status":"closed","ping_status":"closed","sticky":false,"template":"","format":"standard","meta":{"_acf_changed":false,"footnotes":""},"categories":[1],"tags":[39],"form":[],"concept":[],"contents":[],"coauthors":[5],"class_list":["post-537","post","type-post","status-publish","format-standard","has-post-thumbnail","hentry","category-uncategorized","tag-trade-unions","infinite-scroll-item","generate-columns","tablet-grid-50","mobile-grid-100","grid-parent","grid-25"],"acf":[],"yoast_head":"<!-- This site is optimized with the Yoast SEO plugin v27.5 - https:\/\/yoast.com\/product\/yoast-seo-wordpress\/ -->\n<title>Pressure on trade union representatives continue \u2013 trade union commissioner sacked in the National Museum of Serbia - Ma\u0161ina English<\/title>\n<meta name=\"robots\" content=\"index, follow, max-snippet:-1, max-image-preview:large, max-video-preview:-1\" \/>\n<link rel=\"canonical\" href=\"https:\/\/www.masina.rs\/eng\/pressure-trade-union-representatives-continue-trade-union-commissioner-sacked-national-museum-serbia\/\" \/>\n<meta property=\"og:locale\" content=\"en_US\" \/>\n<meta property=\"og:type\" content=\"article\" \/>\n<meta property=\"og:title\" content=\"Pressure on trade union representatives continue \u2013 trade union commissioner sacked in the National Museum of Serbia - Ma\u0161ina English\" \/>\n<meta property=\"og:description\" content=\"Radoslav Piljak has been fired after his trade union exposed malversation and illegal activities in the National Museum of Serbia.\" \/>\n<meta property=\"og:url\" content=\"https:\/\/www.masina.rs\/eng\/pressure-trade-union-representatives-continue-trade-union-commissioner-sacked-national-museum-serbia\/\" \/>\n<meta property=\"og:site_name\" content=\"Ma\u0161ina English\" \/>\n<meta property=\"article:publisher\" content=\"https:\/\/www.facebook.com\/masinars\" \/>\n<meta property=\"article:published_time\" content=\"2018-09-15T05:41:20+00:00\" \/>\n<meta property=\"article:modified_time\" content=\"2018-09-15T05:42:01+00:00\" \/>\n<meta property=\"og:image\" content=\"https:\/\/www.masina.rs\/eng\/wp-content\/uploads\/2018\/09\/Narodni-muzej_Aleksandar-Jovanovic.jpg\" \/>\n\t<meta property=\"og:image:width\" content=\"960\" \/>\n\t<meta property=\"og:image:height\" content=\"720\" \/>\n\t<meta property=\"og:image:type\" content=\"image\/jpeg\" \/>\n<meta name=\"author\" content=\"Ma\u0161ina\" \/>\n<meta name=\"twitter:card\" content=\"summary_large_image\" \/>\n<meta name=\"twitter:creator\" content=\"@MasinaRS\" \/>\n<meta name=\"twitter:site\" content=\"@MasinaRS\" \/>\n<meta name=\"twitter:label1\" content=\"Written by\" \/>\n\t<meta name=\"twitter:data1\" content=\"Ma\u0161ina\" \/>\n\t<meta name=\"twitter:label2\" content=\"Est. reading time\" \/>\n\t<meta name=\"twitter:data2\" content=\"2 minutes\" \/>\n<script type=\"application\/ld+json\" class=\"yoast-schema-graph\">{\"@context\":\"https:\\\/\\\/schema.org\",\"@graph\":[{\"@type\":\"Article\",\"@id\":\"https:\\\/\\\/www.masina.rs\\\/eng\\\/pressure-trade-union-representatives-continue-trade-union-commissioner-sacked-national-museum-serbia\\\/#article\",\"isPartOf\":{\"@id\":\"https:\\\/\\\/www.masina.rs\\\/eng\\\/pressure-trade-union-representatives-continue-trade-union-commissioner-sacked-national-museum-serbia\\\/\"},\"author\":{\"name\":\"Ma\u0161ina\",\"@id\":\"https:\\\/\\\/www.masina.rs\\\/eng\\\/#\\\/schema\\\/person\\\/958b9359404b87ce04cd3437b841249a\"},\"headline\":\"Pressure on trade union representatives continue \u2013 trade union commissioner sacked in the National Museum of Serbia\",\"datePublished\":\"2018-09-15T05:41:20+00:00\",\"dateModified\":\"2018-09-15T05:42:01+00:00\",\"mainEntityOfPage\":{\"@id\":\"https:\\\/\\\/www.masina.rs\\\/eng\\\/pressure-trade-union-representatives-continue-trade-union-commissioner-sacked-national-museum-serbia\\\/\"},\"wordCount\":346,\"publisher\":{\"@id\":\"https:\\\/\\\/www.masina.rs\\\/eng\\\/#organization\"},\"image\":{\"@id\":\"https:\\\/\\\/www.masina.rs\\\/eng\\\/pressure-trade-union-representatives-continue-trade-union-commissioner-sacked-national-museum-serbia\\\/#primaryimage\"},\"thumbnailUrl\":\"https:\\\/\\\/www.masina.rs\\\/eng\\\/wp-content\\\/uploads\\\/2018\\\/09\\\/Narodni-muzej_Aleksandar-Jovanovic.jpg\",\"keywords\":[\"trade unions\"],\"inLanguage\":\"en-US\"},{\"@type\":\"WebPage\",\"@id\":\"https:\\\/\\\/www.masina.rs\\\/eng\\\/pressure-trade-union-representatives-continue-trade-union-commissioner-sacked-national-museum-serbia\\\/\",\"url\":\"https:\\\/\\\/www.masina.rs\\\/eng\\\/pressure-trade-union-representatives-continue-trade-union-commissioner-sacked-national-museum-serbia\\\/\",\"name\":\"Pressure on trade union representatives continue \u2013 trade union commissioner sacked in the National Museum of Serbia - Ma\u0161ina English\",\"isPartOf\":{\"@id\":\"https:\\\/\\\/www.masina.rs\\\/eng\\\/#website\"},\"primaryImageOfPage\":{\"@id\":\"https:\\\/\\\/www.masina.rs\\\/eng\\\/pressure-trade-union-representatives-continue-trade-union-commissioner-sacked-national-museum-serbia\\\/#primaryimage\"},\"image\":{\"@id\":\"https:\\\/\\\/www.masina.rs\\\/eng\\\/pressure-trade-union-representatives-continue-trade-union-commissioner-sacked-national-museum-serbia\\\/#primaryimage\"},\"thumbnailUrl\":\"https:\\\/\\\/www.masina.rs\\\/eng\\\/wp-content\\\/uploads\\\/2018\\\/09\\\/Narodni-muzej_Aleksandar-Jovanovic.jpg\",\"datePublished\":\"2018-09-15T05:41:20+00:00\",\"dateModified\":\"2018-09-15T05:42:01+00:00\",\"breadcrumb\":{\"@id\":\"https:\\\/\\\/www.masina.rs\\\/eng\\\/pressure-trade-union-representatives-continue-trade-union-commissioner-sacked-national-museum-serbia\\\/#breadcrumb\"},\"inLanguage\":\"en-US\",\"potentialAction\":[{\"@type\":\"ReadAction\",\"target\":[\"https:\\\/\\\/www.masina.rs\\\/eng\\\/pressure-trade-union-representatives-continue-trade-union-commissioner-sacked-national-museum-serbia\\\/\"]}]},{\"@type\":\"ImageObject\",\"inLanguage\":\"en-US\",\"@id\":\"https:\\\/\\\/www.masina.rs\\\/eng\\\/pressure-trade-union-representatives-continue-trade-union-commissioner-sacked-national-museum-serbia\\\/#primaryimage\",\"url\":\"https:\\\/\\\/www.masina.rs\\\/eng\\\/wp-content\\\/uploads\\\/2018\\\/09\\\/Narodni-muzej_Aleksandar-Jovanovic.jpg\",\"contentUrl\":\"https:\\\/\\\/www.masina.rs\\\/eng\\\/wp-content\\\/uploads\\\/2018\\\/09\\\/Narodni-muzej_Aleksandar-Jovanovic.jpg\",\"width\":960,\"height\":720,\"caption\":\"Photo: Aleksandar Jovanovi\u0107 \\\/ Facebook\"},{\"@type\":\"BreadcrumbList\",\"@id\":\"https:\\\/\\\/www.masina.rs\\\/eng\\\/pressure-trade-union-representatives-continue-trade-union-commissioner-sacked-national-museum-serbia\\\/#breadcrumb\",\"itemListElement\":[{\"@type\":\"ListItem\",\"position\":1,\"name\":\"Home\",\"item\":\"https:\\\/\\\/www.masina.rs\\\/eng\\\/\"},{\"@type\":\"ListItem\",\"position\":2,\"name\":\"Pressure on trade union representatives continue \u2013 trade union commissioner sacked in the National Museum of Serbia\"}]},{\"@type\":\"WebSite\",\"@id\":\"https:\\\/\\\/www.masina.rs\\\/eng\\\/#website\",\"url\":\"https:\\\/\\\/www.masina.rs\\\/eng\\\/\",\"name\":\"Ma\u0161ina English\",\"description\":\"Production of Social Critique\",\"publisher\":{\"@id\":\"https:\\\/\\\/www.masina.rs\\\/eng\\\/#organization\"},\"potentialAction\":[{\"@type\":\"SearchAction\",\"target\":{\"@type\":\"EntryPoint\",\"urlTemplate\":\"https:\\\/\\\/www.masina.rs\\\/eng\\\/?s={search_term_string}\"},\"query-input\":{\"@type\":\"PropertyValueSpecification\",\"valueRequired\":true,\"valueName\":\"search_term_string\"}}],\"inLanguage\":\"en-US\"},{\"@type\":\"Organization\",\"@id\":\"https:\\\/\\\/www.masina.rs\\\/eng\\\/#organization\",\"name\":\"masina.rs\",\"url\":\"https:\\\/\\\/www.masina.rs\\\/eng\\\/\",\"logo\":{\"@type\":\"ImageObject\",\"inLanguage\":\"en-US\",\"@id\":\"https:\\\/\\\/www.masina.rs\\\/eng\\\/#\\\/schema\\\/logo\\\/image\\\/\",\"url\":\"https:\\\/\\\/www.masina.rs\\\/eng\\\/wp-content\\\/uploads\\\/2021\\\/05\\\/Masina-header-on-white-1.svg\",\"contentUrl\":\"https:\\\/\\\/www.masina.rs\\\/eng\\\/wp-content\\\/uploads\\\/2021\\\/05\\\/Masina-header-on-white-1.svg\",\"width\":850,\"height\":283,\"caption\":\"masina.rs\"},\"image\":{\"@id\":\"https:\\\/\\\/www.masina.rs\\\/eng\\\/#\\\/schema\\\/logo\\\/image\\\/\"},\"sameAs\":[\"https:\\\/\\\/www.facebook.com\\\/masinars\",\"https:\\\/\\\/x.com\\\/MasinaRS\",\"https:\\\/\\\/www.instagram.com\\\/masina.rs\"]},{\"@type\":\"Person\",\"@id\":\"https:\\\/\\\/www.masina.rs\\\/eng\\\/#\\\/schema\\\/person\\\/958b9359404b87ce04cd3437b841249a\",\"name\":\"Ma\u0161ina\",\"image\":{\"@type\":\"ImageObject\",\"inLanguage\":\"en-US\",\"@id\":\"https:\\\/\\\/secure.gravatar.com\\\/avatar\\\/714de62ad05798c58e25eca1fcdd8527f1b4886757589aaeee8409f9ffc347e5?s=96&d=mm&r=g712341107c94d7ea0db4b5f0543a82ce\",\"url\":\"https:\\\/\\\/secure.gravatar.com\\\/avatar\\\/714de62ad05798c58e25eca1fcdd8527f1b4886757589aaeee8409f9ffc347e5?s=96&d=mm&r=g\",\"contentUrl\":\"https:\\\/\\\/secure.gravatar.com\\\/avatar\\\/714de62ad05798c58e25eca1fcdd8527f1b4886757589aaeee8409f9ffc347e5?s=96&d=mm&r=g\",\"caption\":\"Ma\u0161ina\"},\"url\":\"https:\\\/\\\/www.masina.rs\\\/eng\\\/author\\\/masina\\\/\"}]}<\/script>\n<!-- \/ Yoast SEO plugin. -->","yoast_head_json":{"title":"Pressure on trade union representatives continue \u2013 trade union commissioner sacked in the National Museum of Serbia - Ma\u0161ina English","robots":{"index":"index","follow":"follow","max-snippet":"max-snippet:-1","max-image-preview":"max-image-preview:large","max-video-preview":"max-video-preview:-1"},"canonical":"https:\/\/www.masina.rs\/eng\/pressure-trade-union-representatives-continue-trade-union-commissioner-sacked-national-museum-serbia\/","og_locale":"en_US","og_type":"article","og_title":"Pressure on trade union representatives continue \u2013 trade union commissioner sacked in the National Museum of Serbia - Ma\u0161ina English","og_description":"Radoslav Piljak has been fired after his trade union exposed malversation and illegal activities in the National Museum of Serbia.","og_url":"https:\/\/www.masina.rs\/eng\/pressure-trade-union-representatives-continue-trade-union-commissioner-sacked-national-museum-serbia\/","og_site_name":"Ma\u0161ina English","article_publisher":"https:\/\/www.facebook.com\/masinars","article_published_time":"2018-09-15T05:41:20+00:00","article_modified_time":"2018-09-15T05:42:01+00:00","og_image":[{"width":960,"height":720,"url":"https:\/\/www.masina.rs\/eng\/wp-content\/uploads\/2018\/09\/Narodni-muzej_Aleksandar-Jovanovic.jpg","type":"image\/jpeg"}],"author":"Ma\u0161ina","twitter_card":"summary_large_image","twitter_creator":"@MasinaRS","twitter_site":"@MasinaRS","twitter_misc":{"Written by":"Ma\u0161ina","Est. reading time":"2 minutes"},"schema":{"@context":"https:\/\/schema.org","@graph":[{"@type":"Article","@id":"https:\/\/www.masina.rs\/eng\/pressure-trade-union-representatives-continue-trade-union-commissioner-sacked-national-museum-serbia\/#article","isPartOf":{"@id":"https:\/\/www.masina.rs\/eng\/pressure-trade-union-representatives-continue-trade-union-commissioner-sacked-national-museum-serbia\/"},"author":{"name":"Ma\u0161ina","@id":"https:\/\/www.masina.rs\/eng\/#\/schema\/person\/958b9359404b87ce04cd3437b841249a"},"headline":"Pressure on trade union representatives continue \u2013 trade union commissioner sacked in the National Museum of Serbia","datePublished":"2018-09-15T05:41:20+00:00","dateModified":"2018-09-15T05:42:01+00:00","mainEntityOfPage":{"@id":"https:\/\/www.masina.rs\/eng\/pressure-trade-union-representatives-continue-trade-union-commissioner-sacked-national-museum-serbia\/"},"wordCount":346,"publisher":{"@id":"https:\/\/www.masina.rs\/eng\/#organization"},"image":{"@id":"https:\/\/www.masina.rs\/eng\/pressure-trade-union-representatives-continue-trade-union-commissioner-sacked-national-museum-serbia\/#primaryimage"},"thumbnailUrl":"https:\/\/www.masina.rs\/eng\/wp-content\/uploads\/2018\/09\/Narodni-muzej_Aleksandar-Jovanovic.jpg","keywords":["trade unions"],"inLanguage":"en-US"},{"@type":"WebPage","@id":"https:\/\/www.masina.rs\/eng\/pressure-trade-union-representatives-continue-trade-union-commissioner-sacked-national-museum-serbia\/","url":"https:\/\/www.masina.rs\/eng\/pressure-trade-union-representatives-continue-trade-union-commissioner-sacked-national-museum-serbia\/","name":"Pressure on trade union representatives continue \u2013 trade union commissioner sacked in the National Museum of Serbia - Ma\u0161ina English","isPartOf":{"@id":"https:\/\/www.masina.rs\/eng\/#website"},"primaryImageOfPage":{"@id":"https:\/\/www.masina.rs\/eng\/pressure-trade-union-representatives-continue-trade-union-commissioner-sacked-national-museum-serbia\/#primaryimage"},"image":{"@id":"https:\/\/www.masina.rs\/eng\/pressure-trade-union-representatives-continue-trade-union-commissioner-sacked-national-museum-serbia\/#primaryimage"},"thumbnailUrl":"https:\/\/www.masina.rs\/eng\/wp-content\/uploads\/2018\/09\/Narodni-muzej_Aleksandar-Jovanovic.jpg","datePublished":"2018-09-15T05:41:20+00:00","dateModified":"2018-09-15T05:42:01+00:00","breadcrumb":{"@id":"https:\/\/www.masina.rs\/eng\/pressure-trade-union-representatives-continue-trade-union-commissioner-sacked-national-museum-serbia\/#breadcrumb"},"inLanguage":"en-US","potentialAction":[{"@type":"ReadAction","target":["https:\/\/www.masina.rs\/eng\/pressure-trade-union-representatives-continue-trade-union-commissioner-sacked-national-museum-serbia\/"]}]},{"@type":"ImageObject","inLanguage":"en-US","@id":"https:\/\/www.masina.rs\/eng\/pressure-trade-union-representatives-continue-trade-union-commissioner-sacked-national-museum-serbia\/#primaryimage","url":"https:\/\/www.masina.rs\/eng\/wp-content\/uploads\/2018\/09\/Narodni-muzej_Aleksandar-Jovanovic.jpg","contentUrl":"https:\/\/www.masina.rs\/eng\/wp-content\/uploads\/2018\/09\/Narodni-muzej_Aleksandar-Jovanovic.jpg","width":960,"height":720,"caption":"Photo: Aleksandar Jovanovi\u0107 \/ Facebook"},{"@type":"BreadcrumbList","@id":"https:\/\/www.masina.rs\/eng\/pressure-trade-union-representatives-continue-trade-union-commissioner-sacked-national-museum-serbia\/#breadcrumb","itemListElement":[{"@type":"ListItem","position":1,"name":"Home","item":"https:\/\/www.masina.rs\/eng\/"},{"@type":"ListItem","position":2,"name":"Pressure on trade union representatives continue \u2013 trade union commissioner sacked in the National Museum of Serbia"}]},{"@type":"WebSite","@id":"https:\/\/www.masina.rs\/eng\/#website","url":"https:\/\/www.masina.rs\/eng\/","name":"Ma\u0161ina English","description":"Production of Social Critique","publisher":{"@id":"https:\/\/www.masina.rs\/eng\/#organization"},"potentialAction":[{"@type":"SearchAction","target":{"@type":"EntryPoint","urlTemplate":"https:\/\/www.masina.rs\/eng\/?s={search_term_string}"},"query-input":{"@type":"PropertyValueSpecification","valueRequired":true,"valueName":"search_term_string"}}],"inLanguage":"en-US"},{"@type":"Organization","@id":"https:\/\/www.masina.rs\/eng\/#organization","name":"masina.rs","url":"https:\/\/www.masina.rs\/eng\/","logo":{"@type":"ImageObject","inLanguage":"en-US","@id":"https:\/\/www.masina.rs\/eng\/#\/schema\/logo\/image\/","url":"https:\/\/www.masina.rs\/eng\/wp-content\/uploads\/2021\/05\/Masina-header-on-white-1.svg","contentUrl":"https:\/\/www.masina.rs\/eng\/wp-content\/uploads\/2021\/05\/Masina-header-on-white-1.svg","width":850,"height":283,"caption":"masina.rs"},"image":{"@id":"https:\/\/www.masina.rs\/eng\/#\/schema\/logo\/image\/"},"sameAs":["https:\/\/www.facebook.com\/masinars","https:\/\/x.com\/MasinaRS","https:\/\/www.instagram.com\/masina.rs"]},{"@type":"Person","@id":"https:\/\/www.masina.rs\/eng\/#\/schema\/person\/958b9359404b87ce04cd3437b841249a","name":"Ma\u0161ina","image":{"@type":"ImageObject","inLanguage":"en-US","@id":"https:\/\/secure.gravatar.com\/avatar\/714de62ad05798c58e25eca1fcdd8527f1b4886757589aaeee8409f9ffc347e5?s=96&d=mm&r=g712341107c94d7ea0db4b5f0543a82ce","url":"https:\/\/secure.gravatar.com\/avatar\/714de62ad05798c58e25eca1fcdd8527f1b4886757589aaeee8409f9ffc347e5?s=96&d=mm&r=g","contentUrl":"https:\/\/secure.gravatar.com\/avatar\/714de62ad05798c58e25eca1fcdd8527f1b4886757589aaeee8409f9ffc347e5?s=96&d=mm&r=g","caption":"Ma\u0161ina"},"url":"https:\/\/www.masina.rs\/eng\/author\/masina\/"}]}},"_links":{"self":[{"href":"https:\/\/www.masina.rs\/eng\/wp-json\/wp\/v2\/posts\/537","targetHints":{"allow":["GET"]}}],"collection":[{"href":"https:\/\/www.masina.rs\/eng\/wp-json\/wp\/v2\/posts"}],"about":[{"href":"https:\/\/www.masina.rs\/eng\/wp-json\/wp\/v2\/types\/post"}],"author":[{"embeddable":true,"href":"https:\/\/www.masina.rs\/eng\/wp-json\/wp\/v2\/users\/2"}],"replies":[{"embeddable":true,"href":"https:\/\/www.masina.rs\/eng\/wp-json\/wp\/v2\/comments?post=537"}],"version-history":[{"count":2,"href":"https:\/\/www.masina.rs\/eng\/wp-json\/wp\/v2\/posts\/537\/revisions"}],"predecessor-version":[{"id":540,"href":"https:\/\/www.masina.rs\/eng\/wp-json\/wp\/v2\/posts\/537\/revisions\/540"}],"wp:featuredmedia":[{"embeddable":true,"href":"https:\/\/www.masina.rs\/eng\/wp-json\/wp\/v2\/media\/538"}],"wp:attachment":[{"href":"https:\/\/www.masina.rs\/eng\/wp-json\/wp\/v2\/media?parent=537"}],"wp:term":[{"taxonomy":"category","embeddable":true,"href":"https:\/\/www.masina.rs\/eng\/wp-json\/wp\/v2\/categories?post=537"},{"taxonomy":"post_tag","embeddable":true,"href":"https:\/\/www.masina.rs\/eng\/wp-json\/wp\/v2\/tags?post=537"},{"taxonomy":"form","embeddable":true,"href":"https:\/\/www.masina.rs\/eng\/wp-json\/wp\/v2\/form?post=537"},{"taxonomy":"concept","embeddable":true,"href":"https:\/\/www.masina.rs\/eng\/wp-json\/wp\/v2\/concept?post=537"},{"taxonomy":"contents","embeddable":true,"href":"https:\/\/www.masina.rs\/eng\/wp-json\/wp\/v2\/contents?post=537"},{"taxonomy":"author","embeddable":true,"href":"https:\/\/www.masina.rs\/eng\/wp-json\/wp\/v2\/coauthors?post=537"}],"curies":[{"name":"wp","href":"https:\/\/api.w.org\/{rel}","templated":true}]}}