{"id":629,"date":"2019-02-11T11:48:55","date_gmt":"2019-02-11T10:48:55","guid":{"rendered":"https:\/\/www.masina.rs\/eng\/?p=629"},"modified":"2019-02-11T11:58:32","modified_gmt":"2019-02-11T10:58:32","slug":"stop-privatization-bosko-buha-memorial-complex","status":"publish","type":"post","link":"https:\/\/www.masina.rs\/eng\/stop-privatization-bosko-buha-memorial-complex\/","title":{"rendered":"Stop the privatization of Bo\u0161ko Buha Memorial Complex"},"content":{"rendered":"<figure id=\"attachment_630\" aria-describedby=\"caption-attachment-630\" style=\"width: 1190px\" class=\"wp-caption aligncenter\"><a href=\"https:\/\/www.masina.rs\/eng\/wp-content\/uploads\/2019\/02\/Bosko_Buha_Jabuka4.jpg\"><img loading=\"lazy\" decoding=\"async\" class=\"wp-image-630 size-full\" src=\"https:\/\/www.masina.rs\/eng\/wp-content\/uploads\/2019\/02\/Bosko_Buha_Jabuka4.jpg\" alt=\"\" width=\"1200\" height=\"469\" srcset=\"https:\/\/www.masina.rs\/eng\/wp-content\/uploads\/2019\/02\/Bosko_Buha_Jabuka4.jpg 1200w, https:\/\/www.masina.rs\/eng\/wp-content\/uploads\/2019\/02\/Bosko_Buha_Jabuka4-300x117.jpg 300w, https:\/\/www.masina.rs\/eng\/wp-content\/uploads\/2019\/02\/Bosko_Buha_Jabuka4-1024x400.jpg 1024w, https:\/\/www.masina.rs\/eng\/wp-content\/uploads\/2019\/02\/Bosko_Buha_Jabuka4-768x300.jpg 768w\" sizes=\"auto, (max-width: 1200px) 100vw, 1200px\" \/><\/a><figcaption id=\"caption-attachment-630\" class=\"wp-caption-text\">Bo\u0161ko Buha Memorial; Photo: Pinki \/ Wikipedia<\/figcaption><\/figure>\n<p><strong>Bo\u0161ko Buha Memorial Complex at Jabuka near Prijepolje has been announced to be sold off in late January. However, a part of the public opposes the allienation of this important symbol of freedom fight and former social progress, stating that together with it we sell away the \u201cnoble ideas of pacifism, antifascism, and struggle for justice and equality\u201d.<\/strong><\/p>\n<p>The\u00a0Bo\u0161ko Buha Bo\u0161ko Buha Memorial Center, a wooden building of the Museum of Pioneers and Youth, a cultural centre with adjacent pavilions, a former hotel and the land these buildings are situated on all belong to the bancrupt Company for Hospitality and Tourism \u201cPutnik\u201d from Prijepolje, and were put on sale alongside the rest of its property.<\/p>\n<p>The Bankruptcy supervision agency has defined the sale of the company together with the memorial complex to take place February 28 in Belgrade.<\/p>\n<p>Nevertheless, drama pedagogue Ivana Bogi\u0107evi\u0107 Leko addressed an open letter to the bankruptcy management of \u201cPutnik\u201d and theresponsible authorities at Prijepolje municipality, in which she reminds them that the memorial complex was built thanks to the pioneers\u2019 donations:<\/p>\n<blockquote><p>Construction was literally financed by children from the former Socialist Federative Republic of Yugoslavia through donations, sent with an aim to build a complex field trips, summer schools, summer and winter vacations could take place in.<\/p><\/blockquote>\n<p><a href=\"https:\/\/www.peticije24.com\/spreimo_prodaju_memorijalnog_kompleksa_boko_buha?a=2\" target=\"_blank\" rel=\"noopener noreferrer\">A petition has also been launched<\/a>, open for anyone who objects the idea of this complex being sold away.<\/p>\n<p><strong>\u201cA pioneer, fighter and people&#8217;s\u00a0hero Bo\u0161ko Buha met his death in this place\u201d<\/strong><\/p>\n<p>Bo\u0161ko Buha was the youngest person to receive the Medal of People&#8217;s\u00a0Hero in Yugoslavia. He died at Jabuka in 1943 as a seventeen year old boy and a participant in the People\u2019s Liberation War.<\/p>\n<p>In 1964 a unique example of a memorial complex at the territory of Yugoslavia began to be built at the place of his death. This complex near Prijepolje \u201csignifies the importance children as a social group have in the process of forming a wholesome community\u201d.<\/p>\n<p>The most traumatic experience of war is the death of the youngest, and the memorial complex was designed to pay respect to the children and youth who sacrificed their lives for the fight for freedom and the struggle for a more just society.<\/p>\n<p>Apart from the Bo\u0161ko Buha monument, there are eight memorial busts of the partisan pioneers at Jabuka, including the posthumously decorated people&#8217;s\u00a0heroes: Lepa Radi\u0107, Vera Mi\u0161\u010devi\u0107, mate Bla\u017eina, Sava Jovanovi\u0107 Sirogojno.<\/p>\n<p>On top of being financed by pioneers\u2019 donations, the monument itself is made according to a design proposal by Jadranka Beri\u0107, a young girl at the time, who participated in a design competition together with more than six thousand pioneers from all over Yugoslavia.<\/p>\n<figure id=\"attachment_633\" aria-describedby=\"caption-attachment-633\" style=\"width: 1270px\" class=\"wp-caption aligncenter\"><a href=\"https:\/\/www.masina.rs\/eng\/wp-content\/uploads\/2019\/02\/Ugostiteljski_objekat_Bosko_Buha_Jabuka.jpg\"><img loading=\"lazy\" decoding=\"async\" class=\"size-full wp-image-633\" src=\"https:\/\/www.masina.rs\/eng\/wp-content\/uploads\/2019\/02\/Ugostiteljski_objekat_Bosko_Buha_Jabuka.jpg\" alt=\"\" width=\"1280\" height=\"860\" srcset=\"https:\/\/www.masina.rs\/eng\/wp-content\/uploads\/2019\/02\/Ugostiteljski_objekat_Bosko_Buha_Jabuka.jpg 1280w, https:\/\/www.masina.rs\/eng\/wp-content\/uploads\/2019\/02\/Ugostiteljski_objekat_Bosko_Buha_Jabuka-300x202.jpg 300w, https:\/\/www.masina.rs\/eng\/wp-content\/uploads\/2019\/02\/Ugostiteljski_objekat_Bosko_Buha_Jabuka-1024x688.jpg 1024w, https:\/\/www.masina.rs\/eng\/wp-content\/uploads\/2019\/02\/Ugostiteljski_objekat_Bosko_Buha_Jabuka-768x516.jpg 768w\" sizes=\"auto, (max-width: 1280px) 100vw, 1280px\" \/><\/a><figcaption id=\"caption-attachment-633\" class=\"wp-caption-text\">Dormitory, Bo\u0161ko Buha Memorial Complex, Photo: Pinki \/ Wikipedia<\/figcaption><\/figure>\n<p><strong>The collapse of the system and the complex<\/strong><\/p>\n<p>The Cultural Centre, Centre of Pioneers and Youth of Yugoslavia and the Bo\u0161ko Buha Memorial Centre were designed as an educational centre for children and youth, a place for field trips and creative programs constructed by the Yugoslavian children themselves. This opens a question \u2013 are we entitled to selling such objects, or should we renovate them, instead, and leave them to future generations to use.<\/p>\n<p>The complex has never been renovated, only to witness slow decay and a suffocation of its activities. Nevertheless, the buildings still haven\u2019t deteriorated to a state beyond repair, and could be renovated if the Prijepolje municipality chose to invest in them.<\/p>\n<p style=\"text-align: right;\"><em>M.M<\/em>.<\/p>\n<p style=\"text-align: right;\">Translation from Serbian: Iskra Krsti\u0107<\/p>\n<p>This article was\u00a0<a href=\"https:\/\/www.masina.rs\/?p=8538\" target=\"_blank\" rel=\"noopener noreferrer\">originally published<\/a>\u00a0in Serbian on Feb 7,\u00a02019.<\/p>\n","protected":false},"excerpt":{"rendered":"<p>Bo\u0161ko Buha Memorial Complex at Jabuka near Prijepolje has been announced to be sold off in late January. However, a part of the public opposes the allienation of this important symbol of freedom fight and former social progress, stating that together with it we sell away the \u201cnoble ideas of pacifism, antifascism, and struggle for justice and equality\u201d.<\/p>\n","protected":false},"author":2,"featured_media":630,"comment_status":"closed","ping_status":"closed","sticky":false,"template":"","format":"standard","meta":{"_acf_changed":false,"footnotes":""},"categories":[1],"tags":[27,49],"form":[],"concept":[],"contents":[],"coauthors":[5],"class_list":["post-629","post","type-post","status-publish","format-standard","has-post-thumbnail","hentry","category-uncategorized","tag-privatisation","tag-revisionism","infinite-scroll-item","generate-columns","tablet-grid-50","mobile-grid-100","grid-parent","grid-25"],"acf":[],"yoast_head":"<!-- This site is optimized with the Yoast SEO plugin v27.5 - https:\/\/yoast.com\/product\/yoast-seo-wordpress\/ -->\n<title>Stop the privatization of Bo\u0161ko Buha Memorial Complex - Ma\u0161ina English<\/title>\n<meta name=\"robots\" content=\"index, follow, max-snippet:-1, max-image-preview:large, max-video-preview:-1\" \/>\n<link rel=\"canonical\" href=\"https:\/\/www.masina.rs\/eng\/stop-privatization-bosko-buha-memorial-complex\/\" \/>\n<meta property=\"og:locale\" content=\"en_US\" \/>\n<meta property=\"og:type\" content=\"article\" \/>\n<meta property=\"og:title\" content=\"Stop the privatization of Bo\u0161ko Buha Memorial Complex - Ma\u0161ina English\" \/>\n<meta property=\"og:description\" content=\"Bo\u0161ko Buha Memorial Complex at Jabuka near Prijepolje has been announced to be sold off in late January. However, a part of the public opposes the allienation of this important symbol of freedom fight and former social progress, stating that together with it we sell away the \u201cnoble ideas of pacifism, antifascism, and struggle for justice and equality\u201d.\" \/>\n<meta property=\"og:url\" content=\"https:\/\/www.masina.rs\/eng\/stop-privatization-bosko-buha-memorial-complex\/\" \/>\n<meta property=\"og:site_name\" content=\"Ma\u0161ina English\" \/>\n<meta property=\"article:publisher\" content=\"https:\/\/www.facebook.com\/masinars\" \/>\n<meta property=\"article:published_time\" content=\"2019-02-11T10:48:55+00:00\" \/>\n<meta property=\"article:modified_time\" content=\"2019-02-11T10:58:32+00:00\" \/>\n<meta property=\"og:image\" content=\"https:\/\/www.masina.rs\/eng\/wp-content\/uploads\/2019\/02\/Bosko_Buha_Jabuka4.jpg\" \/>\n\t<meta property=\"og:image:width\" content=\"1200\" \/>\n\t<meta property=\"og:image:height\" content=\"469\" \/>\n\t<meta property=\"og:image:type\" content=\"image\/jpeg\" \/>\n<meta name=\"author\" content=\"Ma\u0161ina\" \/>\n<meta name=\"twitter:card\" content=\"summary_large_image\" \/>\n<meta name=\"twitter:creator\" content=\"@MasinaRS\" \/>\n<meta name=\"twitter:site\" content=\"@MasinaRS\" \/>\n<meta name=\"twitter:label1\" content=\"Written by\" \/>\n\t<meta name=\"twitter:data1\" content=\"Ma\u0161ina\" \/>\n\t<meta name=\"twitter:label2\" content=\"Est. reading time\" \/>\n\t<meta name=\"twitter:data2\" content=\"3 minutes\" \/>\n<script type=\"application\/ld+json\" class=\"yoast-schema-graph\">{\"@context\":\"https:\\\/\\\/schema.org\",\"@graph\":[{\"@type\":\"Article\",\"@id\":\"https:\\\/\\\/www.masina.rs\\\/eng\\\/stop-privatization-bosko-buha-memorial-complex\\\/#article\",\"isPartOf\":{\"@id\":\"https:\\\/\\\/www.masina.rs\\\/eng\\\/stop-privatization-bosko-buha-memorial-complex\\\/\"},\"author\":{\"name\":\"Ma\u0161ina\",\"@id\":\"https:\\\/\\\/www.masina.rs\\\/eng\\\/#\\\/schema\\\/person\\\/958b9359404b87ce04cd3437b841249a\"},\"headline\":\"Stop the privatization of Bo\u0161ko Buha Memorial Complex\",\"datePublished\":\"2019-02-11T10:48:55+00:00\",\"dateModified\":\"2019-02-11T10:58:32+00:00\",\"mainEntityOfPage\":{\"@id\":\"https:\\\/\\\/www.masina.rs\\\/eng\\\/stop-privatization-bosko-buha-memorial-complex\\\/\"},\"wordCount\":626,\"publisher\":{\"@id\":\"https:\\\/\\\/www.masina.rs\\\/eng\\\/#organization\"},\"image\":{\"@id\":\"https:\\\/\\\/www.masina.rs\\\/eng\\\/stop-privatization-bosko-buha-memorial-complex\\\/#primaryimage\"},\"thumbnailUrl\":\"https:\\\/\\\/www.masina.rs\\\/eng\\\/wp-content\\\/uploads\\\/2019\\\/02\\\/Bosko_Buha_Jabuka4.jpg\",\"keywords\":[\"privatisation\",\"revisionism\"],\"inLanguage\":\"en-US\"},{\"@type\":\"WebPage\",\"@id\":\"https:\\\/\\\/www.masina.rs\\\/eng\\\/stop-privatization-bosko-buha-memorial-complex\\\/\",\"url\":\"https:\\\/\\\/www.masina.rs\\\/eng\\\/stop-privatization-bosko-buha-memorial-complex\\\/\",\"name\":\"Stop the privatization of Bo\u0161ko Buha Memorial Complex - Ma\u0161ina English\",\"isPartOf\":{\"@id\":\"https:\\\/\\\/www.masina.rs\\\/eng\\\/#website\"},\"primaryImageOfPage\":{\"@id\":\"https:\\\/\\\/www.masina.rs\\\/eng\\\/stop-privatization-bosko-buha-memorial-complex\\\/#primaryimage\"},\"image\":{\"@id\":\"https:\\\/\\\/www.masina.rs\\\/eng\\\/stop-privatization-bosko-buha-memorial-complex\\\/#primaryimage\"},\"thumbnailUrl\":\"https:\\\/\\\/www.masina.rs\\\/eng\\\/wp-content\\\/uploads\\\/2019\\\/02\\\/Bosko_Buha_Jabuka4.jpg\",\"datePublished\":\"2019-02-11T10:48:55+00:00\",\"dateModified\":\"2019-02-11T10:58:32+00:00\",\"breadcrumb\":{\"@id\":\"https:\\\/\\\/www.masina.rs\\\/eng\\\/stop-privatization-bosko-buha-memorial-complex\\\/#breadcrumb\"},\"inLanguage\":\"en-US\",\"potentialAction\":[{\"@type\":\"ReadAction\",\"target\":[\"https:\\\/\\\/www.masina.rs\\\/eng\\\/stop-privatization-bosko-buha-memorial-complex\\\/\"]}]},{\"@type\":\"ImageObject\",\"inLanguage\":\"en-US\",\"@id\":\"https:\\\/\\\/www.masina.rs\\\/eng\\\/stop-privatization-bosko-buha-memorial-complex\\\/#primaryimage\",\"url\":\"https:\\\/\\\/www.masina.rs\\\/eng\\\/wp-content\\\/uploads\\\/2019\\\/02\\\/Bosko_Buha_Jabuka4.jpg\",\"contentUrl\":\"https:\\\/\\\/www.masina.rs\\\/eng\\\/wp-content\\\/uploads\\\/2019\\\/02\\\/Bosko_Buha_Jabuka4.jpg\",\"width\":1200,\"height\":469,\"caption\":\"Bo\u0161ko Buha memorial; Photo: Pinki \\\/ Wikipedia\"},{\"@type\":\"BreadcrumbList\",\"@id\":\"https:\\\/\\\/www.masina.rs\\\/eng\\\/stop-privatization-bosko-buha-memorial-complex\\\/#breadcrumb\",\"itemListElement\":[{\"@type\":\"ListItem\",\"position\":1,\"name\":\"Home\",\"item\":\"https:\\\/\\\/www.masina.rs\\\/eng\\\/\"},{\"@type\":\"ListItem\",\"position\":2,\"name\":\"Stop the privatization of Bo\u0161ko Buha Memorial Complex\"}]},{\"@type\":\"WebSite\",\"@id\":\"https:\\\/\\\/www.masina.rs\\\/eng\\\/#website\",\"url\":\"https:\\\/\\\/www.masina.rs\\\/eng\\\/\",\"name\":\"Ma\u0161ina English\",\"description\":\"Production of Social Critique\",\"publisher\":{\"@id\":\"https:\\\/\\\/www.masina.rs\\\/eng\\\/#organization\"},\"potentialAction\":[{\"@type\":\"SearchAction\",\"target\":{\"@type\":\"EntryPoint\",\"urlTemplate\":\"https:\\\/\\\/www.masina.rs\\\/eng\\\/?s={search_term_string}\"},\"query-input\":{\"@type\":\"PropertyValueSpecification\",\"valueRequired\":true,\"valueName\":\"search_term_string\"}}],\"inLanguage\":\"en-US\"},{\"@type\":\"Organization\",\"@id\":\"https:\\\/\\\/www.masina.rs\\\/eng\\\/#organization\",\"name\":\"masina.rs\",\"url\":\"https:\\\/\\\/www.masina.rs\\\/eng\\\/\",\"logo\":{\"@type\":\"ImageObject\",\"inLanguage\":\"en-US\",\"@id\":\"https:\\\/\\\/www.masina.rs\\\/eng\\\/#\\\/schema\\\/logo\\\/image\\\/\",\"url\":\"https:\\\/\\\/www.masina.rs\\\/eng\\\/wp-content\\\/uploads\\\/2021\\\/05\\\/Masina-header-on-white-1.svg\",\"contentUrl\":\"https:\\\/\\\/www.masina.rs\\\/eng\\\/wp-content\\\/uploads\\\/2021\\\/05\\\/Masina-header-on-white-1.svg\",\"width\":850,\"height\":283,\"caption\":\"masina.rs\"},\"image\":{\"@id\":\"https:\\\/\\\/www.masina.rs\\\/eng\\\/#\\\/schema\\\/logo\\\/image\\\/\"},\"sameAs\":[\"https:\\\/\\\/www.facebook.com\\\/masinars\",\"https:\\\/\\\/x.com\\\/MasinaRS\",\"https:\\\/\\\/www.instagram.com\\\/masina.rs\"]},{\"@type\":\"Person\",\"@id\":\"https:\\\/\\\/www.masina.rs\\\/eng\\\/#\\\/schema\\\/person\\\/958b9359404b87ce04cd3437b841249a\",\"name\":\"Ma\u0161ina\",\"image\":{\"@type\":\"ImageObject\",\"inLanguage\":\"en-US\",\"@id\":\"https:\\\/\\\/secure.gravatar.com\\\/avatar\\\/714de62ad05798c58e25eca1fcdd8527f1b4886757589aaeee8409f9ffc347e5?s=96&d=mm&r=g712341107c94d7ea0db4b5f0543a82ce\",\"url\":\"https:\\\/\\\/secure.gravatar.com\\\/avatar\\\/714de62ad05798c58e25eca1fcdd8527f1b4886757589aaeee8409f9ffc347e5?s=96&d=mm&r=g\",\"contentUrl\":\"https:\\\/\\\/secure.gravatar.com\\\/avatar\\\/714de62ad05798c58e25eca1fcdd8527f1b4886757589aaeee8409f9ffc347e5?s=96&d=mm&r=g\",\"caption\":\"Ma\u0161ina\"},\"url\":\"https:\\\/\\\/www.masina.rs\\\/eng\\\/author\\\/masina\\\/\"}]}<\/script>\n<!-- \/ Yoast SEO plugin. -->","yoast_head_json":{"title":"Stop the privatization of Bo\u0161ko Buha Memorial Complex - Ma\u0161ina English","robots":{"index":"index","follow":"follow","max-snippet":"max-snippet:-1","max-image-preview":"max-image-preview:large","max-video-preview":"max-video-preview:-1"},"canonical":"https:\/\/www.masina.rs\/eng\/stop-privatization-bosko-buha-memorial-complex\/","og_locale":"en_US","og_type":"article","og_title":"Stop the privatization of Bo\u0161ko Buha Memorial Complex - Ma\u0161ina English","og_description":"Bo\u0161ko Buha Memorial Complex at Jabuka near Prijepolje has been announced to be sold off in late January. However, a part of the public opposes the allienation of this important symbol of freedom fight and former social progress, stating that together with it we sell away the \u201cnoble ideas of pacifism, antifascism, and struggle for justice and equality\u201d.","og_url":"https:\/\/www.masina.rs\/eng\/stop-privatization-bosko-buha-memorial-complex\/","og_site_name":"Ma\u0161ina English","article_publisher":"https:\/\/www.facebook.com\/masinars","article_published_time":"2019-02-11T10:48:55+00:00","article_modified_time":"2019-02-11T10:58:32+00:00","og_image":[{"width":1200,"height":469,"url":"https:\/\/www.masina.rs\/eng\/wp-content\/uploads\/2019\/02\/Bosko_Buha_Jabuka4.jpg","type":"image\/jpeg"}],"author":"Ma\u0161ina","twitter_card":"summary_large_image","twitter_creator":"@MasinaRS","twitter_site":"@MasinaRS","twitter_misc":{"Written by":"Ma\u0161ina","Est. reading time":"3 minutes"},"schema":{"@context":"https:\/\/schema.org","@graph":[{"@type":"Article","@id":"https:\/\/www.masina.rs\/eng\/stop-privatization-bosko-buha-memorial-complex\/#article","isPartOf":{"@id":"https:\/\/www.masina.rs\/eng\/stop-privatization-bosko-buha-memorial-complex\/"},"author":{"name":"Ma\u0161ina","@id":"https:\/\/www.masina.rs\/eng\/#\/schema\/person\/958b9359404b87ce04cd3437b841249a"},"headline":"Stop the privatization of Bo\u0161ko Buha Memorial Complex","datePublished":"2019-02-11T10:48:55+00:00","dateModified":"2019-02-11T10:58:32+00:00","mainEntityOfPage":{"@id":"https:\/\/www.masina.rs\/eng\/stop-privatization-bosko-buha-memorial-complex\/"},"wordCount":626,"publisher":{"@id":"https:\/\/www.masina.rs\/eng\/#organization"},"image":{"@id":"https:\/\/www.masina.rs\/eng\/stop-privatization-bosko-buha-memorial-complex\/#primaryimage"},"thumbnailUrl":"https:\/\/www.masina.rs\/eng\/wp-content\/uploads\/2019\/02\/Bosko_Buha_Jabuka4.jpg","keywords":["privatisation","revisionism"],"inLanguage":"en-US"},{"@type":"WebPage","@id":"https:\/\/www.masina.rs\/eng\/stop-privatization-bosko-buha-memorial-complex\/","url":"https:\/\/www.masina.rs\/eng\/stop-privatization-bosko-buha-memorial-complex\/","name":"Stop the privatization of Bo\u0161ko Buha Memorial Complex - Ma\u0161ina English","isPartOf":{"@id":"https:\/\/www.masina.rs\/eng\/#website"},"primaryImageOfPage":{"@id":"https:\/\/www.masina.rs\/eng\/stop-privatization-bosko-buha-memorial-complex\/#primaryimage"},"image":{"@id":"https:\/\/www.masina.rs\/eng\/stop-privatization-bosko-buha-memorial-complex\/#primaryimage"},"thumbnailUrl":"https:\/\/www.masina.rs\/eng\/wp-content\/uploads\/2019\/02\/Bosko_Buha_Jabuka4.jpg","datePublished":"2019-02-11T10:48:55+00:00","dateModified":"2019-02-11T10:58:32+00:00","breadcrumb":{"@id":"https:\/\/www.masina.rs\/eng\/stop-privatization-bosko-buha-memorial-complex\/#breadcrumb"},"inLanguage":"en-US","potentialAction":[{"@type":"ReadAction","target":["https:\/\/www.masina.rs\/eng\/stop-privatization-bosko-buha-memorial-complex\/"]}]},{"@type":"ImageObject","inLanguage":"en-US","@id":"https:\/\/www.masina.rs\/eng\/stop-privatization-bosko-buha-memorial-complex\/#primaryimage","url":"https:\/\/www.masina.rs\/eng\/wp-content\/uploads\/2019\/02\/Bosko_Buha_Jabuka4.jpg","contentUrl":"https:\/\/www.masina.rs\/eng\/wp-content\/uploads\/2019\/02\/Bosko_Buha_Jabuka4.jpg","width":1200,"height":469,"caption":"Bo\u0161ko Buha memorial; Photo: Pinki \/ Wikipedia"},{"@type":"BreadcrumbList","@id":"https:\/\/www.masina.rs\/eng\/stop-privatization-bosko-buha-memorial-complex\/#breadcrumb","itemListElement":[{"@type":"ListItem","position":1,"name":"Home","item":"https:\/\/www.masina.rs\/eng\/"},{"@type":"ListItem","position":2,"name":"Stop the privatization of Bo\u0161ko Buha Memorial Complex"}]},{"@type":"WebSite","@id":"https:\/\/www.masina.rs\/eng\/#website","url":"https:\/\/www.masina.rs\/eng\/","name":"Ma\u0161ina English","description":"Production of Social Critique","publisher":{"@id":"https:\/\/www.masina.rs\/eng\/#organization"},"potentialAction":[{"@type":"SearchAction","target":{"@type":"EntryPoint","urlTemplate":"https:\/\/www.masina.rs\/eng\/?s={search_term_string}"},"query-input":{"@type":"PropertyValueSpecification","valueRequired":true,"valueName":"search_term_string"}}],"inLanguage":"en-US"},{"@type":"Organization","@id":"https:\/\/www.masina.rs\/eng\/#organization","name":"masina.rs","url":"https:\/\/www.masina.rs\/eng\/","logo":{"@type":"ImageObject","inLanguage":"en-US","@id":"https:\/\/www.masina.rs\/eng\/#\/schema\/logo\/image\/","url":"https:\/\/www.masina.rs\/eng\/wp-content\/uploads\/2021\/05\/Masina-header-on-white-1.svg","contentUrl":"https:\/\/www.masina.rs\/eng\/wp-content\/uploads\/2021\/05\/Masina-header-on-white-1.svg","width":850,"height":283,"caption":"masina.rs"},"image":{"@id":"https:\/\/www.masina.rs\/eng\/#\/schema\/logo\/image\/"},"sameAs":["https:\/\/www.facebook.com\/masinars","https:\/\/x.com\/MasinaRS","https:\/\/www.instagram.com\/masina.rs"]},{"@type":"Person","@id":"https:\/\/www.masina.rs\/eng\/#\/schema\/person\/958b9359404b87ce04cd3437b841249a","name":"Ma\u0161ina","image":{"@type":"ImageObject","inLanguage":"en-US","@id":"https:\/\/secure.gravatar.com\/avatar\/714de62ad05798c58e25eca1fcdd8527f1b4886757589aaeee8409f9ffc347e5?s=96&d=mm&r=g712341107c94d7ea0db4b5f0543a82ce","url":"https:\/\/secure.gravatar.com\/avatar\/714de62ad05798c58e25eca1fcdd8527f1b4886757589aaeee8409f9ffc347e5?s=96&d=mm&r=g","contentUrl":"https:\/\/secure.gravatar.com\/avatar\/714de62ad05798c58e25eca1fcdd8527f1b4886757589aaeee8409f9ffc347e5?s=96&d=mm&r=g","caption":"Ma\u0161ina"},"url":"https:\/\/www.masina.rs\/eng\/author\/masina\/"}]}},"_links":{"self":[{"href":"https:\/\/www.masina.rs\/eng\/wp-json\/wp\/v2\/posts\/629","targetHints":{"allow":["GET"]}}],"collection":[{"href":"https:\/\/www.masina.rs\/eng\/wp-json\/wp\/v2\/posts"}],"about":[{"href":"https:\/\/www.masina.rs\/eng\/wp-json\/wp\/v2\/types\/post"}],"author":[{"embeddable":true,"href":"https:\/\/www.masina.rs\/eng\/wp-json\/wp\/v2\/users\/2"}],"replies":[{"embeddable":true,"href":"https:\/\/www.masina.rs\/eng\/wp-json\/wp\/v2\/comments?post=629"}],"version-history":[{"count":4,"href":"https:\/\/www.masina.rs\/eng\/wp-json\/wp\/v2\/posts\/629\/revisions"}],"predecessor-version":[{"id":635,"href":"https:\/\/www.masina.rs\/eng\/wp-json\/wp\/v2\/posts\/629\/revisions\/635"}],"wp:featuredmedia":[{"embeddable":true,"href":"https:\/\/www.masina.rs\/eng\/wp-json\/wp\/v2\/media\/630"}],"wp:attachment":[{"href":"https:\/\/www.masina.rs\/eng\/wp-json\/wp\/v2\/media?parent=629"}],"wp:term":[{"taxonomy":"category","embeddable":true,"href":"https:\/\/www.masina.rs\/eng\/wp-json\/wp\/v2\/categories?post=629"},{"taxonomy":"post_tag","embeddable":true,"href":"https:\/\/www.masina.rs\/eng\/wp-json\/wp\/v2\/tags?post=629"},{"taxonomy":"form","embeddable":true,"href":"https:\/\/www.masina.rs\/eng\/wp-json\/wp\/v2\/form?post=629"},{"taxonomy":"concept","embeddable":true,"href":"https:\/\/www.masina.rs\/eng\/wp-json\/wp\/v2\/concept?post=629"},{"taxonomy":"contents","embeddable":true,"href":"https:\/\/www.masina.rs\/eng\/wp-json\/wp\/v2\/contents?post=629"},{"taxonomy":"author","embeddable":true,"href":"https:\/\/www.masina.rs\/eng\/wp-json\/wp\/v2\/coauthors?post=629"}],"curies":[{"name":"wp","href":"https:\/\/api.w.org\/{rel}","templated":true}]}}