{"id":657,"date":"2019-04-02T10:13:52","date_gmt":"2019-04-02T09:13:52","guid":{"rendered":"https:\/\/www.masina.rs\/eng\/?p=657"},"modified":"2019-04-02T10:13:52","modified_gmt":"2019-04-02T09:13:52","slug":"threats-dismissals-cause-strike-post-serbia-end","status":"publish","type":"post","link":"https:\/\/www.masina.rs\/eng\/threats-dismissals-cause-strike-post-serbia-end\/","title":{"rendered":"Threats of dismissals cause the strike in Post Serbia to end"},"content":{"rendered":"<figure id=\"attachment_658\" aria-describedby=\"caption-attachment-658\" style=\"width: 1190px\" class=\"wp-caption alignnone\"><a href=\"https:\/\/www.masina.rs\/eng\/wp-content\/uploads\/2019\/04\/IMG_20190328_172352.jpg\"><img loading=\"lazy\" decoding=\"async\" class=\"size-full wp-image-658\" src=\"https:\/\/www.masina.rs\/eng\/wp-content\/uploads\/2019\/04\/IMG_20190328_172352.jpg\" alt=\"\" width=\"1200\" height=\"800\" srcset=\"https:\/\/www.masina.rs\/eng\/wp-content\/uploads\/2019\/04\/IMG_20190328_172352.jpg 1200w, https:\/\/www.masina.rs\/eng\/wp-content\/uploads\/2019\/04\/IMG_20190328_172352-300x200.jpg 300w, https:\/\/www.masina.rs\/eng\/wp-content\/uploads\/2019\/04\/IMG_20190328_172352-1024x683.jpg 1024w, https:\/\/www.masina.rs\/eng\/wp-content\/uploads\/2019\/04\/IMG_20190328_172352-768x512.jpg 768w, https:\/\/www.masina.rs\/eng\/wp-content\/uploads\/2019\/04\/IMG_20190328_172352-450x300.jpg 450w\" sizes=\"auto, (max-width: 1200px) 100vw, 1200px\" \/><\/a><figcaption id=\"caption-attachment-658\" class=\"wp-caption-text\">Photo: Marko Mileti\u0107 \/ Ma\u0161ina<\/figcaption><\/figure>\n<p><strong>The self-organised workers of Post Serbia and the Serbian government signed an agreement, thus ending the strike in the company. The agreement guarantees partial improvements of the workers\u2019 financial condition, without actually fulfilling their demands.<\/strong><\/p>\n<p>Yesterday, on the ninth day of the\u00a0<a href=\"https:\/\/www.masina.rs\/eng\/post-serbias-management-rejected-workers-demands-strike-continues\/\" target=\"_blank\" rel=\"noopener noreferrer\">strike in Post Serbia<\/a>, a meeting occurred between the negotiating team of the self-organised workers and Neboj\u0161a Stefanovi\u0107, the Deputy Prime Minister and the Interior Minister. The two parties signed an agreement deciding the discontinuance of the strike.<\/p>\n<p>It took the state authorities a little more than a week to assume decisive action with regards to the strike. The fact that Stefanovi\u0107, one of PM Aleksandar Vu\u010di\u0107\u2019s closest associates, was appointed to negotiate after the line minister and the company\u2019s CEO, describes the seriousness of the state authorities\u2019 approach to this issue, and, likewise, the strengthof the workers\u2019 collective action.<\/p>\n<p>Nevertheless, it is important to point out that the authorities had a significant deterrent at hand \u2013 namely, threat of dismissals. Though the company\u2019s director promised that the threats won\u2019t be realised, and that the strikers will suffer no sanctions, the said actions have formally never been withdrawn, while a part of the workload was handled by workers who were transferred from other assignments and posts to the strikers\u2019 work positions. The striking workers were threatened to lose their jobs if the strike continues, a threat which the Government used to their advantage in the negotiations.<\/p>\n<p>The main demand of the workers was that their \u201csalaries rise to match the state average\u201d. According to the workers, Post Serbia is a profitable company which can afford to meet the demands of the market, making it \u201cshameful that 13 000 employees struggle to make a living\u201d.<\/p>\n<p>A large part of the conclusions made by the negotiating team, which were published on the Government\u2019s official internet page, refer to raises. However, the conclusions are not phrased as a direct answer to the workers\u2019 demands \u2013 instead, it is stated that the Government will introduce measures leading to raises no sooner than November.<\/p>\n<p>The Government did commit to assure an apportionment of the second part of the profit the company made in 2017, and an apportionments of the profit from 2018. The distribution of the profit will thus be used as a kind of a \u201cfirst aid\u201d for the workers, though it should be understood and should not represent a part of the regular income.<\/p>\n<p>One single week of shutdown in Post Serbia, a system important for the state, was enough to force the government to react quickly and solve the issues brought forth by the workers. A high level of solidarity and decisiveness expressed by the self-organised workers certainly forced a fast reaction of the state authorities, though, as it turned out, the strikers lacked strength to push their demands all the way. This strike represents a significant experience in self-organising for many workers in Post Serbia, one that could become more serious and stronger in a possible future step.<\/p>\n<p>The biggest loser of the event are the trade unions, as legally recognised workers\u2019 organisations. Their unwillingness to take part in the strike, followed by an attempt to step in and negotiate demands and conditions which they didn\u2019t formulate in the first place, further alienated most of the workers, and motivated many to step out from the trade unions.<\/p>\n<p style=\"text-align: right;\"><em>M.M.<\/em><\/p>\n<p style=\"text-align: right;\">Translation from Serbian: Iskra Krsti\u0107<\/p>\n<p>This article was<a href=\"https:\/\/www.masina.rs\/?p=9158\" target=\"_blank\" rel=\"noopener noreferrer\">\u00a0originally published<\/a>\u00a0in Serbian on Apr\u00a01,\u00a02019.<\/p>\n","protected":false},"excerpt":{"rendered":"<p>The self-organised workers of Post Serbia and the Serbian government signed an agreement, thus ending the strike in the company. The agreement guarantees partial improvements of the workers\u2019 financial condition, without actually fulfilling their demands. <\/p>\n","protected":false},"author":2,"featured_media":658,"comment_status":"closed","ping_status":"closed","sticky":false,"template":"","format":"standard","meta":{"_acf_changed":false,"footnotes":""},"categories":[1],"tags":[25,52],"form":[],"concept":[],"contents":[],"coauthors":[5],"class_list":["post-657","post","type-post","status-publish","format-standard","has-post-thumbnail","hentry","category-uncategorized","tag-public-sector","tag-strike","infinite-scroll-item","generate-columns","tablet-grid-50","mobile-grid-100","grid-parent","grid-25"],"acf":[],"yoast_head":"<!-- This site is optimized with the Yoast SEO plugin v27.5 - https:\/\/yoast.com\/product\/yoast-seo-wordpress\/ -->\n<title>Threats of dismissals cause the strike in Post Serbia to end - Ma\u0161ina English<\/title>\n<meta name=\"robots\" content=\"index, follow, max-snippet:-1, max-image-preview:large, max-video-preview:-1\" \/>\n<link rel=\"canonical\" href=\"https:\/\/www.masina.rs\/eng\/threats-dismissals-cause-strike-post-serbia-end\/\" \/>\n<meta property=\"og:locale\" content=\"en_US\" \/>\n<meta property=\"og:type\" content=\"article\" \/>\n<meta property=\"og:title\" content=\"Threats of dismissals cause the strike in Post Serbia to end - Ma\u0161ina English\" \/>\n<meta property=\"og:description\" content=\"The self-organised workers of Post Serbia and the Serbian government signed an agreement, thus ending the strike in the company. The agreement guarantees partial improvements of the workers\u2019 financial condition, without actually fulfilling their demands.\" \/>\n<meta property=\"og:url\" content=\"https:\/\/www.masina.rs\/eng\/threats-dismissals-cause-strike-post-serbia-end\/\" \/>\n<meta property=\"og:site_name\" content=\"Ma\u0161ina English\" \/>\n<meta property=\"article:publisher\" content=\"https:\/\/www.facebook.com\/masinars\" \/>\n<meta property=\"article:published_time\" content=\"2019-04-02T09:13:52+00:00\" \/>\n<meta property=\"og:image\" content=\"https:\/\/www.masina.rs\/eng\/wp-content\/uploads\/2019\/04\/IMG_20190328_172352.jpg\" \/>\n\t<meta property=\"og:image:width\" content=\"1200\" \/>\n\t<meta property=\"og:image:height\" content=\"800\" \/>\n\t<meta property=\"og:image:type\" content=\"image\/jpeg\" \/>\n<meta name=\"author\" content=\"Ma\u0161ina\" \/>\n<meta name=\"twitter:card\" content=\"summary_large_image\" \/>\n<meta name=\"twitter:creator\" content=\"@MasinaRS\" \/>\n<meta name=\"twitter:site\" content=\"@MasinaRS\" \/>\n<meta name=\"twitter:label1\" content=\"Written by\" \/>\n\t<meta name=\"twitter:data1\" content=\"Ma\u0161ina\" \/>\n\t<meta name=\"twitter:label2\" content=\"Est. reading time\" \/>\n\t<meta name=\"twitter:data2\" content=\"3 minutes\" \/>\n<script type=\"application\/ld+json\" class=\"yoast-schema-graph\">{\"@context\":\"https:\\\/\\\/schema.org\",\"@graph\":[{\"@type\":\"Article\",\"@id\":\"https:\\\/\\\/www.masina.rs\\\/eng\\\/threats-dismissals-cause-strike-post-serbia-end\\\/#article\",\"isPartOf\":{\"@id\":\"https:\\\/\\\/www.masina.rs\\\/eng\\\/threats-dismissals-cause-strike-post-serbia-end\\\/\"},\"author\":{\"name\":\"Ma\u0161ina\",\"@id\":\"https:\\\/\\\/www.masina.rs\\\/eng\\\/#\\\/schema\\\/person\\\/958b9359404b87ce04cd3437b841249a\"},\"headline\":\"Threats of dismissals cause the strike in Post Serbia to end\",\"datePublished\":\"2019-04-02T09:13:52+00:00\",\"mainEntityOfPage\":{\"@id\":\"https:\\\/\\\/www.masina.rs\\\/eng\\\/threats-dismissals-cause-strike-post-serbia-end\\\/\"},\"wordCount\":599,\"publisher\":{\"@id\":\"https:\\\/\\\/www.masina.rs\\\/eng\\\/#organization\"},\"image\":{\"@id\":\"https:\\\/\\\/www.masina.rs\\\/eng\\\/threats-dismissals-cause-strike-post-serbia-end\\\/#primaryimage\"},\"thumbnailUrl\":\"https:\\\/\\\/www.masina.rs\\\/eng\\\/wp-content\\\/uploads\\\/2019\\\/04\\\/IMG_20190328_172352.jpg\",\"keywords\":[\"public sector\",\"strike\"],\"inLanguage\":\"en-US\"},{\"@type\":\"WebPage\",\"@id\":\"https:\\\/\\\/www.masina.rs\\\/eng\\\/threats-dismissals-cause-strike-post-serbia-end\\\/\",\"url\":\"https:\\\/\\\/www.masina.rs\\\/eng\\\/threats-dismissals-cause-strike-post-serbia-end\\\/\",\"name\":\"Threats of dismissals cause the strike in Post Serbia to end - Ma\u0161ina English\",\"isPartOf\":{\"@id\":\"https:\\\/\\\/www.masina.rs\\\/eng\\\/#website\"},\"primaryImageOfPage\":{\"@id\":\"https:\\\/\\\/www.masina.rs\\\/eng\\\/threats-dismissals-cause-strike-post-serbia-end\\\/#primaryimage\"},\"image\":{\"@id\":\"https:\\\/\\\/www.masina.rs\\\/eng\\\/threats-dismissals-cause-strike-post-serbia-end\\\/#primaryimage\"},\"thumbnailUrl\":\"https:\\\/\\\/www.masina.rs\\\/eng\\\/wp-content\\\/uploads\\\/2019\\\/04\\\/IMG_20190328_172352.jpg\",\"datePublished\":\"2019-04-02T09:13:52+00:00\",\"breadcrumb\":{\"@id\":\"https:\\\/\\\/www.masina.rs\\\/eng\\\/threats-dismissals-cause-strike-post-serbia-end\\\/#breadcrumb\"},\"inLanguage\":\"en-US\",\"potentialAction\":[{\"@type\":\"ReadAction\",\"target\":[\"https:\\\/\\\/www.masina.rs\\\/eng\\\/threats-dismissals-cause-strike-post-serbia-end\\\/\"]}]},{\"@type\":\"ImageObject\",\"inLanguage\":\"en-US\",\"@id\":\"https:\\\/\\\/www.masina.rs\\\/eng\\\/threats-dismissals-cause-strike-post-serbia-end\\\/#primaryimage\",\"url\":\"https:\\\/\\\/www.masina.rs\\\/eng\\\/wp-content\\\/uploads\\\/2019\\\/04\\\/IMG_20190328_172352.jpg\",\"contentUrl\":\"https:\\\/\\\/www.masina.rs\\\/eng\\\/wp-content\\\/uploads\\\/2019\\\/04\\\/IMG_20190328_172352.jpg\",\"width\":1200,\"height\":800,\"caption\":\"Photo: Marko Mileti\u0107 \\\/ Ma\u0161ina\"},{\"@type\":\"BreadcrumbList\",\"@id\":\"https:\\\/\\\/www.masina.rs\\\/eng\\\/threats-dismissals-cause-strike-post-serbia-end\\\/#breadcrumb\",\"itemListElement\":[{\"@type\":\"ListItem\",\"position\":1,\"name\":\"Home\",\"item\":\"https:\\\/\\\/www.masina.rs\\\/eng\\\/\"},{\"@type\":\"ListItem\",\"position\":2,\"name\":\"Threats of dismissals cause the strike in Post Serbia to end\"}]},{\"@type\":\"WebSite\",\"@id\":\"https:\\\/\\\/www.masina.rs\\\/eng\\\/#website\",\"url\":\"https:\\\/\\\/www.masina.rs\\\/eng\\\/\",\"name\":\"Ma\u0161ina English\",\"description\":\"Production of Social Critique\",\"publisher\":{\"@id\":\"https:\\\/\\\/www.masina.rs\\\/eng\\\/#organization\"},\"potentialAction\":[{\"@type\":\"SearchAction\",\"target\":{\"@type\":\"EntryPoint\",\"urlTemplate\":\"https:\\\/\\\/www.masina.rs\\\/eng\\\/?s={search_term_string}\"},\"query-input\":{\"@type\":\"PropertyValueSpecification\",\"valueRequired\":true,\"valueName\":\"search_term_string\"}}],\"inLanguage\":\"en-US\"},{\"@type\":\"Organization\",\"@id\":\"https:\\\/\\\/www.masina.rs\\\/eng\\\/#organization\",\"name\":\"masina.rs\",\"url\":\"https:\\\/\\\/www.masina.rs\\\/eng\\\/\",\"logo\":{\"@type\":\"ImageObject\",\"inLanguage\":\"en-US\",\"@id\":\"https:\\\/\\\/www.masina.rs\\\/eng\\\/#\\\/schema\\\/logo\\\/image\\\/\",\"url\":\"https:\\\/\\\/www.masina.rs\\\/eng\\\/wp-content\\\/uploads\\\/2021\\\/05\\\/Masina-header-on-white-1.svg\",\"contentUrl\":\"https:\\\/\\\/www.masina.rs\\\/eng\\\/wp-content\\\/uploads\\\/2021\\\/05\\\/Masina-header-on-white-1.svg\",\"width\":850,\"height\":283,\"caption\":\"masina.rs\"},\"image\":{\"@id\":\"https:\\\/\\\/www.masina.rs\\\/eng\\\/#\\\/schema\\\/logo\\\/image\\\/\"},\"sameAs\":[\"https:\\\/\\\/www.facebook.com\\\/masinars\",\"https:\\\/\\\/x.com\\\/MasinaRS\",\"https:\\\/\\\/www.instagram.com\\\/masina.rs\"]},{\"@type\":\"Person\",\"@id\":\"https:\\\/\\\/www.masina.rs\\\/eng\\\/#\\\/schema\\\/person\\\/958b9359404b87ce04cd3437b841249a\",\"name\":\"Ma\u0161ina\",\"image\":{\"@type\":\"ImageObject\",\"inLanguage\":\"en-US\",\"@id\":\"https:\\\/\\\/secure.gravatar.com\\\/avatar\\\/714de62ad05798c58e25eca1fcdd8527f1b4886757589aaeee8409f9ffc347e5?s=96&d=mm&r=g712341107c94d7ea0db4b5f0543a82ce\",\"url\":\"https:\\\/\\\/secure.gravatar.com\\\/avatar\\\/714de62ad05798c58e25eca1fcdd8527f1b4886757589aaeee8409f9ffc347e5?s=96&d=mm&r=g\",\"contentUrl\":\"https:\\\/\\\/secure.gravatar.com\\\/avatar\\\/714de62ad05798c58e25eca1fcdd8527f1b4886757589aaeee8409f9ffc347e5?s=96&d=mm&r=g\",\"caption\":\"Ma\u0161ina\"},\"url\":\"https:\\\/\\\/www.masina.rs\\\/eng\\\/author\\\/masina\\\/\"}]}<\/script>\n<!-- \/ Yoast SEO plugin. -->","yoast_head_json":{"title":"Threats of dismissals cause the strike in Post Serbia to end - Ma\u0161ina English","robots":{"index":"index","follow":"follow","max-snippet":"max-snippet:-1","max-image-preview":"max-image-preview:large","max-video-preview":"max-video-preview:-1"},"canonical":"https:\/\/www.masina.rs\/eng\/threats-dismissals-cause-strike-post-serbia-end\/","og_locale":"en_US","og_type":"article","og_title":"Threats of dismissals cause the strike in Post Serbia to end - Ma\u0161ina English","og_description":"The self-organised workers of Post Serbia and the Serbian government signed an agreement, thus ending the strike in the company. The agreement guarantees partial improvements of the workers\u2019 financial condition, without actually fulfilling their demands.","og_url":"https:\/\/www.masina.rs\/eng\/threats-dismissals-cause-strike-post-serbia-end\/","og_site_name":"Ma\u0161ina English","article_publisher":"https:\/\/www.facebook.com\/masinars","article_published_time":"2019-04-02T09:13:52+00:00","og_image":[{"width":1200,"height":800,"url":"https:\/\/www.masina.rs\/eng\/wp-content\/uploads\/2019\/04\/IMG_20190328_172352.jpg","type":"image\/jpeg"}],"author":"Ma\u0161ina","twitter_card":"summary_large_image","twitter_creator":"@MasinaRS","twitter_site":"@MasinaRS","twitter_misc":{"Written by":"Ma\u0161ina","Est. reading time":"3 minutes"},"schema":{"@context":"https:\/\/schema.org","@graph":[{"@type":"Article","@id":"https:\/\/www.masina.rs\/eng\/threats-dismissals-cause-strike-post-serbia-end\/#article","isPartOf":{"@id":"https:\/\/www.masina.rs\/eng\/threats-dismissals-cause-strike-post-serbia-end\/"},"author":{"name":"Ma\u0161ina","@id":"https:\/\/www.masina.rs\/eng\/#\/schema\/person\/958b9359404b87ce04cd3437b841249a"},"headline":"Threats of dismissals cause the strike in Post Serbia to end","datePublished":"2019-04-02T09:13:52+00:00","mainEntityOfPage":{"@id":"https:\/\/www.masina.rs\/eng\/threats-dismissals-cause-strike-post-serbia-end\/"},"wordCount":599,"publisher":{"@id":"https:\/\/www.masina.rs\/eng\/#organization"},"image":{"@id":"https:\/\/www.masina.rs\/eng\/threats-dismissals-cause-strike-post-serbia-end\/#primaryimage"},"thumbnailUrl":"https:\/\/www.masina.rs\/eng\/wp-content\/uploads\/2019\/04\/IMG_20190328_172352.jpg","keywords":["public sector","strike"],"inLanguage":"en-US"},{"@type":"WebPage","@id":"https:\/\/www.masina.rs\/eng\/threats-dismissals-cause-strike-post-serbia-end\/","url":"https:\/\/www.masina.rs\/eng\/threats-dismissals-cause-strike-post-serbia-end\/","name":"Threats of dismissals cause the strike in Post Serbia to end - Ma\u0161ina English","isPartOf":{"@id":"https:\/\/www.masina.rs\/eng\/#website"},"primaryImageOfPage":{"@id":"https:\/\/www.masina.rs\/eng\/threats-dismissals-cause-strike-post-serbia-end\/#primaryimage"},"image":{"@id":"https:\/\/www.masina.rs\/eng\/threats-dismissals-cause-strike-post-serbia-end\/#primaryimage"},"thumbnailUrl":"https:\/\/www.masina.rs\/eng\/wp-content\/uploads\/2019\/04\/IMG_20190328_172352.jpg","datePublished":"2019-04-02T09:13:52+00:00","breadcrumb":{"@id":"https:\/\/www.masina.rs\/eng\/threats-dismissals-cause-strike-post-serbia-end\/#breadcrumb"},"inLanguage":"en-US","potentialAction":[{"@type":"ReadAction","target":["https:\/\/www.masina.rs\/eng\/threats-dismissals-cause-strike-post-serbia-end\/"]}]},{"@type":"ImageObject","inLanguage":"en-US","@id":"https:\/\/www.masina.rs\/eng\/threats-dismissals-cause-strike-post-serbia-end\/#primaryimage","url":"https:\/\/www.masina.rs\/eng\/wp-content\/uploads\/2019\/04\/IMG_20190328_172352.jpg","contentUrl":"https:\/\/www.masina.rs\/eng\/wp-content\/uploads\/2019\/04\/IMG_20190328_172352.jpg","width":1200,"height":800,"caption":"Photo: Marko Mileti\u0107 \/ Ma\u0161ina"},{"@type":"BreadcrumbList","@id":"https:\/\/www.masina.rs\/eng\/threats-dismissals-cause-strike-post-serbia-end\/#breadcrumb","itemListElement":[{"@type":"ListItem","position":1,"name":"Home","item":"https:\/\/www.masina.rs\/eng\/"},{"@type":"ListItem","position":2,"name":"Threats of dismissals cause the strike in Post Serbia to end"}]},{"@type":"WebSite","@id":"https:\/\/www.masina.rs\/eng\/#website","url":"https:\/\/www.masina.rs\/eng\/","name":"Ma\u0161ina English","description":"Production of Social Critique","publisher":{"@id":"https:\/\/www.masina.rs\/eng\/#organization"},"potentialAction":[{"@type":"SearchAction","target":{"@type":"EntryPoint","urlTemplate":"https:\/\/www.masina.rs\/eng\/?s={search_term_string}"},"query-input":{"@type":"PropertyValueSpecification","valueRequired":true,"valueName":"search_term_string"}}],"inLanguage":"en-US"},{"@type":"Organization","@id":"https:\/\/www.masina.rs\/eng\/#organization","name":"masina.rs","url":"https:\/\/www.masina.rs\/eng\/","logo":{"@type":"ImageObject","inLanguage":"en-US","@id":"https:\/\/www.masina.rs\/eng\/#\/schema\/logo\/image\/","url":"https:\/\/www.masina.rs\/eng\/wp-content\/uploads\/2021\/05\/Masina-header-on-white-1.svg","contentUrl":"https:\/\/www.masina.rs\/eng\/wp-content\/uploads\/2021\/05\/Masina-header-on-white-1.svg","width":850,"height":283,"caption":"masina.rs"},"image":{"@id":"https:\/\/www.masina.rs\/eng\/#\/schema\/logo\/image\/"},"sameAs":["https:\/\/www.facebook.com\/masinars","https:\/\/x.com\/MasinaRS","https:\/\/www.instagram.com\/masina.rs"]},{"@type":"Person","@id":"https:\/\/www.masina.rs\/eng\/#\/schema\/person\/958b9359404b87ce04cd3437b841249a","name":"Ma\u0161ina","image":{"@type":"ImageObject","inLanguage":"en-US","@id":"https:\/\/secure.gravatar.com\/avatar\/714de62ad05798c58e25eca1fcdd8527f1b4886757589aaeee8409f9ffc347e5?s=96&d=mm&r=g712341107c94d7ea0db4b5f0543a82ce","url":"https:\/\/secure.gravatar.com\/avatar\/714de62ad05798c58e25eca1fcdd8527f1b4886757589aaeee8409f9ffc347e5?s=96&d=mm&r=g","contentUrl":"https:\/\/secure.gravatar.com\/avatar\/714de62ad05798c58e25eca1fcdd8527f1b4886757589aaeee8409f9ffc347e5?s=96&d=mm&r=g","caption":"Ma\u0161ina"},"url":"https:\/\/www.masina.rs\/eng\/author\/masina\/"}]}},"_links":{"self":[{"href":"https:\/\/www.masina.rs\/eng\/wp-json\/wp\/v2\/posts\/657","targetHints":{"allow":["GET"]}}],"collection":[{"href":"https:\/\/www.masina.rs\/eng\/wp-json\/wp\/v2\/posts"}],"about":[{"href":"https:\/\/www.masina.rs\/eng\/wp-json\/wp\/v2\/types\/post"}],"author":[{"embeddable":true,"href":"https:\/\/www.masina.rs\/eng\/wp-json\/wp\/v2\/users\/2"}],"replies":[{"embeddable":true,"href":"https:\/\/www.masina.rs\/eng\/wp-json\/wp\/v2\/comments?post=657"}],"version-history":[{"count":1,"href":"https:\/\/www.masina.rs\/eng\/wp-json\/wp\/v2\/posts\/657\/revisions"}],"predecessor-version":[{"id":659,"href":"https:\/\/www.masina.rs\/eng\/wp-json\/wp\/v2\/posts\/657\/revisions\/659"}],"wp:featuredmedia":[{"embeddable":true,"href":"https:\/\/www.masina.rs\/eng\/wp-json\/wp\/v2\/media\/658"}],"wp:attachment":[{"href":"https:\/\/www.masina.rs\/eng\/wp-json\/wp\/v2\/media?parent=657"}],"wp:term":[{"taxonomy":"category","embeddable":true,"href":"https:\/\/www.masina.rs\/eng\/wp-json\/wp\/v2\/categories?post=657"},{"taxonomy":"post_tag","embeddable":true,"href":"https:\/\/www.masina.rs\/eng\/wp-json\/wp\/v2\/tags?post=657"},{"taxonomy":"form","embeddable":true,"href":"https:\/\/www.masina.rs\/eng\/wp-json\/wp\/v2\/form?post=657"},{"taxonomy":"concept","embeddable":true,"href":"https:\/\/www.masina.rs\/eng\/wp-json\/wp\/v2\/concept?post=657"},{"taxonomy":"contents","embeddable":true,"href":"https:\/\/www.masina.rs\/eng\/wp-json\/wp\/v2\/contents?post=657"},{"taxonomy":"author","embeddable":true,"href":"https:\/\/www.masina.rs\/eng\/wp-json\/wp\/v2\/coauthors?post=657"}],"curies":[{"name":"wp","href":"https:\/\/api.w.org\/{rel}","templated":true}]}}