{"id":780,"date":"2019-12-12T18:15:57","date_gmt":"2019-12-12T17:15:57","guid":{"rendered":"https:\/\/www.masina.rs\/eng\/?p=780"},"modified":"2019-12-12T18:16:47","modified_gmt":"2019-12-12T17:16:47","slug":"post-serbia-workers-protest-novi-sad-well-victorious-well-victorious","status":"publish","type":"post","link":"https:\/\/www.masina.rs\/eng\/post-serbia-workers-protest-novi-sad-well-victorious-well-victorious\/","title":{"rendered":"Post of Serbia workers protest in Novi Sad: \u201cthere is no surrender, we&#8217;ll be victorious\u201d"},"content":{"rendered":"<figure id=\"attachment_782\" aria-describedby=\"caption-attachment-782\" style=\"width: 1014px\" class=\"wp-caption alignnone\"><a href=\"https:\/\/www.masina.rs\/eng\/wp-content\/uploads\/2019\/12\/po\u0161ta-1.jpg\"><img loading=\"lazy\" decoding=\"async\" class=\"size-full wp-image-782\" src=\"https:\/\/www.masina.rs\/eng\/wp-content\/uploads\/2019\/12\/po\u0161ta-1.jpg\" alt=\"\" width=\"1024\" height=\"576\" srcset=\"https:\/\/www.masina.rs\/eng\/wp-content\/uploads\/2019\/12\/po\u0161ta-1.jpg 1024w, https:\/\/www.masina.rs\/eng\/wp-content\/uploads\/2019\/12\/po\u0161ta-1-300x169.jpg 300w, https:\/\/www.masina.rs\/eng\/wp-content\/uploads\/2019\/12\/po\u0161ta-1-768x432.jpg 768w\" sizes=\"auto, (max-width: 1024px) 100vw, 1024px\" \/><\/a><figcaption id=\"caption-attachment-782\" class=\"wp-caption-text\">Photo: Andr\u00e1s Juh\u00e1sz \/ Ma\u0161ina<\/figcaption><\/figure>\n<p><strong>Postmen protested today in front of the main post office in Novi Sad. Post of Serbia workers don\u2019t give up on their demand for better material position and fight against the increasing pressure exerted by management and the authorities.<\/strong><\/p>\n<blockquote><p>Practically all of Novi Sad is in work stoppage, all postmen, couriers, drivers&#8230; Vojvodina has stopped, Belgrade has stopped, Serbia has stopped, there is no surrender, we&#8217;ll be victorious!<\/p><\/blockquote>\n<p>That was the message of the postal workers gathered at today&#8217;s protest outside the main post office in Novi Sad.<\/p>\n<p>After the postmen <a href=\"https:\/\/www.masina.rs\/eng\/post-serbia-workers-stick-demands-425-e-minimum-wage\/\" target=\"_blank\" rel=\"noopener noreferrer\">rejected the government&#8217;s wage increase proposition<\/a> on December 8th and decided not to accept salaries below the national average, the Post of Serbia and the authorities began to exert various forms of pressure on employees of the Serbian Post.<\/p>\n<p>The speakers at today\u2019s protest stated that three hundred postal workers were suspended in Novi Sad. The suspensions came after postmen refused to sign work orders. The Post of Serbia acted likewise in Zrenjanin, which we <a href=\"https:\/\/www.masina.rs\/?p=11658\" target=\"_blank\" rel=\"noopener noreferrer\">wrote about earlier<\/a>.<\/p>\n<p>They informed their co-workers that the management&#8217;s new offer is to lift the suspensions if the workers discontinue the stoppage. The postmen loudly rejected this offer and unanimously agreed not to give up their original demand for a better material position.<\/p>\n<figure id=\"attachment_781\" aria-describedby=\"caption-attachment-781\" style=\"width: 1014px\" class=\"wp-caption alignnone\"><a href=\"https:\/\/www.masina.rs\/eng\/wp-content\/uploads\/2019\/12\/po\u0161ta-3.jpg\"><img loading=\"lazy\" decoding=\"async\" class=\"size-full wp-image-781\" src=\"https:\/\/www.masina.rs\/eng\/wp-content\/uploads\/2019\/12\/po\u0161ta-3.jpg\" alt=\"\" width=\"1024\" height=\"576\" srcset=\"https:\/\/www.masina.rs\/eng\/wp-content\/uploads\/2019\/12\/po\u0161ta-3.jpg 1024w, https:\/\/www.masina.rs\/eng\/wp-content\/uploads\/2019\/12\/po\u0161ta-3-300x169.jpg 300w, https:\/\/www.masina.rs\/eng\/wp-content\/uploads\/2019\/12\/po\u0161ta-3-768x432.jpg 768w\" sizes=\"auto, (max-width: 1024px) 100vw, 1024px\" \/><\/a><figcaption id=\"caption-attachment-781\" class=\"wp-caption-text\">Photo: Andr\u00e1s Juh\u00e1sz \/ Ma\u0161ina<\/figcaption><\/figure>\n<p>The speakers at the protest also stated that it was understandable why some colleagues were afraid, and urged those who did not suspend work to do so.<\/p>\n<blockquote><p>We are here because of all the employees of the Post of Serbia, and their children. People, let&#8217;s stick together. We urge the colleagues who didn\u2019t join the stoppage not to work against themselves, the speaker said.<\/p><\/blockquote>\n<p>Today&#8217;s protest was also supported by the <a href=\"https:\/\/housingnotprofit.org\/all-members\/za-krov-nad-glavom-the-roof\/\" target=\"_blank\" rel=\"noopener noreferrer\">Common Action \u201cThe Roof Over Our Heads\u201d<\/a> of Novi Sad. They explained why:<\/p>\n<blockquote><p>We believe that housing policy is not separate from other segments of society, and we believe that labor rights are also important for what we stand for. When postmen strike, the whole system may be in trouble and then various issues of public importance can be re-examined, said Luka Rudi\u0107 of Common Action \u201cThe Roof Over Our Heads\u201d.<\/p><\/blockquote>\n<p>After the speeches, <a href=\"https:\/\/www.youtube.com\/watch?v=dkrfop2ZYJI\" target=\"_blank\" rel=\"noopener noreferrer\">the postal workers sang the song<\/a>: \u201cU svetu postoji jedno carstvo\u201d (\u201cThere is an empire somewhere, in which friendship reigns\u201d). In the context of the postmen\u2019s fight, this song has a dual meaning. On the one hand, the refrain emphasizes the importance of camaraderie, that is, community and solidarity. On the other hand, it became the anthem of this strike after information emerged that Branko Kockica (the leading actor in Yugoslav children\u2019s TV series featuring the song) was on the payroll of the Post of Serbia based on political connections, while not being a real employee of the company.<\/p>\n<p style=\"text-align: right;\"><em>A.J.<\/em><\/p>\n<p style=\"text-align: right;\">Translation from Serbian: Iskra Krsti\u0107<\/p>\n<p>This article was <a href=\"https:\/\/www.masina.rs\/?p=11670\" target=\"_blank\" rel=\"noopener noreferrer\">originally published<\/a> in Serbian on Dec 12, 2019.<\/p>\n","protected":false},"excerpt":{"rendered":"<p>Postmen protested today in front of the main post office in Novi Sad. Post of Serbia workers don\u2019t give up on their demand for better material position and fight against the increasing pressure exerted by management and the authorities.<\/p>\n","protected":false},"author":2,"featured_media":782,"comment_status":"closed","ping_status":"closed","sticky":false,"template":"","format":"standard","meta":{"_acf_changed":false,"footnotes":""},"categories":[1],"tags":[22,18,8],"form":[],"concept":[],"contents":[],"coauthors":[5],"class_list":["post-780","post","type-post","status-publish","format-standard","has-post-thumbnail","hentry","category-uncategorized","tag-labor-movement","tag-protest","tag-workers-rights","infinite-scroll-item","generate-columns","tablet-grid-50","mobile-grid-100","grid-parent","grid-25"],"acf":[],"yoast_head":"<!-- This site is optimized with the Yoast SEO plugin v27.4 - https:\/\/yoast.com\/product\/yoast-seo-wordpress\/ -->\n<title>Post of Serbia workers protest in Novi Sad: \u201cthere is no surrender, we&#039;ll be victorious\u201d - Ma\u0161ina English<\/title>\n<meta name=\"robots\" content=\"index, follow, max-snippet:-1, max-image-preview:large, max-video-preview:-1\" \/>\n<link rel=\"canonical\" href=\"https:\/\/www.masina.rs\/eng\/post-serbia-workers-protest-novi-sad-well-victorious-well-victorious\/\" \/>\n<meta property=\"og:locale\" content=\"en_US\" \/>\n<meta property=\"og:type\" content=\"article\" \/>\n<meta property=\"og:title\" content=\"Post of Serbia workers protest in Novi Sad: \u201cthere is no surrender, we&#039;ll be victorious\u201d - Ma\u0161ina English\" \/>\n<meta property=\"og:description\" content=\"Postmen protested today in front of the main post office in Novi Sad. Post of Serbia workers don\u2019t give up on their demand for better material position and fight against the increasing pressure exerted by management and the authorities.\" \/>\n<meta property=\"og:url\" content=\"https:\/\/www.masina.rs\/eng\/post-serbia-workers-protest-novi-sad-well-victorious-well-victorious\/\" \/>\n<meta property=\"og:site_name\" content=\"Ma\u0161ina English\" \/>\n<meta property=\"article:publisher\" content=\"https:\/\/www.facebook.com\/masinars\" \/>\n<meta property=\"article:published_time\" content=\"2019-12-12T17:15:57+00:00\" \/>\n<meta property=\"article:modified_time\" content=\"2019-12-12T17:16:47+00:00\" \/>\n<meta property=\"og:image\" content=\"https:\/\/www.masina.rs\/eng\/wp-content\/uploads\/2019\/12\/po\u0161ta-1.jpg\" \/>\n\t<meta property=\"og:image:width\" content=\"1024\" \/>\n\t<meta property=\"og:image:height\" content=\"576\" \/>\n\t<meta property=\"og:image:type\" content=\"image\/jpeg\" \/>\n<meta name=\"author\" content=\"Ma\u0161ina\" \/>\n<meta name=\"twitter:card\" content=\"summary_large_image\" \/>\n<meta name=\"twitter:creator\" content=\"@MasinaRS\" \/>\n<meta name=\"twitter:site\" content=\"@MasinaRS\" \/>\n<meta name=\"twitter:label1\" content=\"Written by\" \/>\n\t<meta name=\"twitter:data1\" content=\"Ma\u0161ina\" \/>\n\t<meta name=\"twitter:label2\" content=\"Est. reading time\" \/>\n\t<meta name=\"twitter:data2\" content=\"3 minutes\" \/>\n<script type=\"application\/ld+json\" class=\"yoast-schema-graph\">{\"@context\":\"https:\\\/\\\/schema.org\",\"@graph\":[{\"@type\":\"Article\",\"@id\":\"https:\\\/\\\/www.masina.rs\\\/eng\\\/post-serbia-workers-protest-novi-sad-well-victorious-well-victorious\\\/#article\",\"isPartOf\":{\"@id\":\"https:\\\/\\\/www.masina.rs\\\/eng\\\/post-serbia-workers-protest-novi-sad-well-victorious-well-victorious\\\/\"},\"author\":{\"name\":\"Ma\u0161ina\",\"@id\":\"https:\\\/\\\/www.masina.rs\\\/eng\\\/#\\\/schema\\\/person\\\/958b9359404b87ce04cd3437b841249a\"},\"headline\":\"Post of Serbia workers protest in Novi Sad: \u201cthere is no surrender, we&#8217;ll be victorious\u201d\",\"datePublished\":\"2019-12-12T17:15:57+00:00\",\"dateModified\":\"2019-12-12T17:16:47+00:00\",\"mainEntityOfPage\":{\"@id\":\"https:\\\/\\\/www.masina.rs\\\/eng\\\/post-serbia-workers-protest-novi-sad-well-victorious-well-victorious\\\/\"},\"wordCount\":525,\"publisher\":{\"@id\":\"https:\\\/\\\/www.masina.rs\\\/eng\\\/#organization\"},\"image\":{\"@id\":\"https:\\\/\\\/www.masina.rs\\\/eng\\\/post-serbia-workers-protest-novi-sad-well-victorious-well-victorious\\\/#primaryimage\"},\"thumbnailUrl\":\"https:\\\/\\\/www.masina.rs\\\/eng\\\/wp-content\\\/uploads\\\/2019\\\/12\\\/po\u0161ta-1.jpg\",\"keywords\":[\"labor movement\",\"protest\",\"workers rights\"],\"inLanguage\":\"en-US\"},{\"@type\":\"WebPage\",\"@id\":\"https:\\\/\\\/www.masina.rs\\\/eng\\\/post-serbia-workers-protest-novi-sad-well-victorious-well-victorious\\\/\",\"url\":\"https:\\\/\\\/www.masina.rs\\\/eng\\\/post-serbia-workers-protest-novi-sad-well-victorious-well-victorious\\\/\",\"name\":\"Post of Serbia workers protest in Novi Sad: \u201cthere is no surrender, we'll be victorious\u201d - Ma\u0161ina English\",\"isPartOf\":{\"@id\":\"https:\\\/\\\/www.masina.rs\\\/eng\\\/#website\"},\"primaryImageOfPage\":{\"@id\":\"https:\\\/\\\/www.masina.rs\\\/eng\\\/post-serbia-workers-protest-novi-sad-well-victorious-well-victorious\\\/#primaryimage\"},\"image\":{\"@id\":\"https:\\\/\\\/www.masina.rs\\\/eng\\\/post-serbia-workers-protest-novi-sad-well-victorious-well-victorious\\\/#primaryimage\"},\"thumbnailUrl\":\"https:\\\/\\\/www.masina.rs\\\/eng\\\/wp-content\\\/uploads\\\/2019\\\/12\\\/po\u0161ta-1.jpg\",\"datePublished\":\"2019-12-12T17:15:57+00:00\",\"dateModified\":\"2019-12-12T17:16:47+00:00\",\"breadcrumb\":{\"@id\":\"https:\\\/\\\/www.masina.rs\\\/eng\\\/post-serbia-workers-protest-novi-sad-well-victorious-well-victorious\\\/#breadcrumb\"},\"inLanguage\":\"en-US\",\"potentialAction\":[{\"@type\":\"ReadAction\",\"target\":[\"https:\\\/\\\/www.masina.rs\\\/eng\\\/post-serbia-workers-protest-novi-sad-well-victorious-well-victorious\\\/\"]}]},{\"@type\":\"ImageObject\",\"inLanguage\":\"en-US\",\"@id\":\"https:\\\/\\\/www.masina.rs\\\/eng\\\/post-serbia-workers-protest-novi-sad-well-victorious-well-victorious\\\/#primaryimage\",\"url\":\"https:\\\/\\\/www.masina.rs\\\/eng\\\/wp-content\\\/uploads\\\/2019\\\/12\\\/po\u0161ta-1.jpg\",\"contentUrl\":\"https:\\\/\\\/www.masina.rs\\\/eng\\\/wp-content\\\/uploads\\\/2019\\\/12\\\/po\u0161ta-1.jpg\",\"width\":1024,\"height\":576,\"caption\":\"Photo: Andr\u00e1s Juh\u00e1sz \\\/ Ma\u0161ina\"},{\"@type\":\"BreadcrumbList\",\"@id\":\"https:\\\/\\\/www.masina.rs\\\/eng\\\/post-serbia-workers-protest-novi-sad-well-victorious-well-victorious\\\/#breadcrumb\",\"itemListElement\":[{\"@type\":\"ListItem\",\"position\":1,\"name\":\"Home\",\"item\":\"https:\\\/\\\/www.masina.rs\\\/eng\\\/\"},{\"@type\":\"ListItem\",\"position\":2,\"name\":\"Post of Serbia workers protest in Novi Sad: \u201cthere is no surrender, we&#8217;ll be victorious\u201d\"}]},{\"@type\":\"WebSite\",\"@id\":\"https:\\\/\\\/www.masina.rs\\\/eng\\\/#website\",\"url\":\"https:\\\/\\\/www.masina.rs\\\/eng\\\/\",\"name\":\"Ma\u0161ina English\",\"description\":\"Production of Social Critique\",\"publisher\":{\"@id\":\"https:\\\/\\\/www.masina.rs\\\/eng\\\/#organization\"},\"potentialAction\":[{\"@type\":\"SearchAction\",\"target\":{\"@type\":\"EntryPoint\",\"urlTemplate\":\"https:\\\/\\\/www.masina.rs\\\/eng\\\/?s={search_term_string}\"},\"query-input\":{\"@type\":\"PropertyValueSpecification\",\"valueRequired\":true,\"valueName\":\"search_term_string\"}}],\"inLanguage\":\"en-US\"},{\"@type\":\"Organization\",\"@id\":\"https:\\\/\\\/www.masina.rs\\\/eng\\\/#organization\",\"name\":\"masina.rs\",\"url\":\"https:\\\/\\\/www.masina.rs\\\/eng\\\/\",\"logo\":{\"@type\":\"ImageObject\",\"inLanguage\":\"en-US\",\"@id\":\"https:\\\/\\\/www.masina.rs\\\/eng\\\/#\\\/schema\\\/logo\\\/image\\\/\",\"url\":\"https:\\\/\\\/www.masina.rs\\\/eng\\\/wp-content\\\/uploads\\\/2021\\\/05\\\/Masina-header-on-white-1.svg\",\"contentUrl\":\"https:\\\/\\\/www.masina.rs\\\/eng\\\/wp-content\\\/uploads\\\/2021\\\/05\\\/Masina-header-on-white-1.svg\",\"width\":850,\"height\":283,\"caption\":\"masina.rs\"},\"image\":{\"@id\":\"https:\\\/\\\/www.masina.rs\\\/eng\\\/#\\\/schema\\\/logo\\\/image\\\/\"},\"sameAs\":[\"https:\\\/\\\/www.facebook.com\\\/masinars\",\"https:\\\/\\\/x.com\\\/MasinaRS\",\"https:\\\/\\\/www.instagram.com\\\/masina.rs\"]},{\"@type\":\"Person\",\"@id\":\"https:\\\/\\\/www.masina.rs\\\/eng\\\/#\\\/schema\\\/person\\\/958b9359404b87ce04cd3437b841249a\",\"name\":\"Ma\u0161ina\",\"image\":{\"@type\":\"ImageObject\",\"inLanguage\":\"en-US\",\"@id\":\"https:\\\/\\\/secure.gravatar.com\\\/avatar\\\/714de62ad05798c58e25eca1fcdd8527f1b4886757589aaeee8409f9ffc347e5?s=96&d=mm&r=g712341107c94d7ea0db4b5f0543a82ce\",\"url\":\"https:\\\/\\\/secure.gravatar.com\\\/avatar\\\/714de62ad05798c58e25eca1fcdd8527f1b4886757589aaeee8409f9ffc347e5?s=96&d=mm&r=g\",\"contentUrl\":\"https:\\\/\\\/secure.gravatar.com\\\/avatar\\\/714de62ad05798c58e25eca1fcdd8527f1b4886757589aaeee8409f9ffc347e5?s=96&d=mm&r=g\",\"caption\":\"Ma\u0161ina\"},\"url\":\"https:\\\/\\\/www.masina.rs\\\/eng\\\/author\\\/masina\\\/\"}]}<\/script>\n<!-- \/ Yoast SEO plugin. -->","yoast_head_json":{"title":"Post of Serbia workers protest in Novi Sad: \u201cthere is no surrender, we'll be victorious\u201d - Ma\u0161ina English","robots":{"index":"index","follow":"follow","max-snippet":"max-snippet:-1","max-image-preview":"max-image-preview:large","max-video-preview":"max-video-preview:-1"},"canonical":"https:\/\/www.masina.rs\/eng\/post-serbia-workers-protest-novi-sad-well-victorious-well-victorious\/","og_locale":"en_US","og_type":"article","og_title":"Post of Serbia workers protest in Novi Sad: \u201cthere is no surrender, we'll be victorious\u201d - Ma\u0161ina English","og_description":"Postmen protested today in front of the main post office in Novi Sad. Post of Serbia workers don\u2019t give up on their demand for better material position and fight against the increasing pressure exerted by management and the authorities.","og_url":"https:\/\/www.masina.rs\/eng\/post-serbia-workers-protest-novi-sad-well-victorious-well-victorious\/","og_site_name":"Ma\u0161ina English","article_publisher":"https:\/\/www.facebook.com\/masinars","article_published_time":"2019-12-12T17:15:57+00:00","article_modified_time":"2019-12-12T17:16:47+00:00","og_image":[{"width":1024,"height":576,"url":"https:\/\/www.masina.rs\/eng\/wp-content\/uploads\/2019\/12\/po\u0161ta-1.jpg","type":"image\/jpeg"}],"author":"Ma\u0161ina","twitter_card":"summary_large_image","twitter_creator":"@MasinaRS","twitter_site":"@MasinaRS","twitter_misc":{"Written by":"Ma\u0161ina","Est. reading time":"3 minutes"},"schema":{"@context":"https:\/\/schema.org","@graph":[{"@type":"Article","@id":"https:\/\/www.masina.rs\/eng\/post-serbia-workers-protest-novi-sad-well-victorious-well-victorious\/#article","isPartOf":{"@id":"https:\/\/www.masina.rs\/eng\/post-serbia-workers-protest-novi-sad-well-victorious-well-victorious\/"},"author":{"name":"Ma\u0161ina","@id":"https:\/\/www.masina.rs\/eng\/#\/schema\/person\/958b9359404b87ce04cd3437b841249a"},"headline":"Post of Serbia workers protest in Novi Sad: \u201cthere is no surrender, we&#8217;ll be victorious\u201d","datePublished":"2019-12-12T17:15:57+00:00","dateModified":"2019-12-12T17:16:47+00:00","mainEntityOfPage":{"@id":"https:\/\/www.masina.rs\/eng\/post-serbia-workers-protest-novi-sad-well-victorious-well-victorious\/"},"wordCount":525,"publisher":{"@id":"https:\/\/www.masina.rs\/eng\/#organization"},"image":{"@id":"https:\/\/www.masina.rs\/eng\/post-serbia-workers-protest-novi-sad-well-victorious-well-victorious\/#primaryimage"},"thumbnailUrl":"https:\/\/www.masina.rs\/eng\/wp-content\/uploads\/2019\/12\/po\u0161ta-1.jpg","keywords":["labor movement","protest","workers rights"],"inLanguage":"en-US"},{"@type":"WebPage","@id":"https:\/\/www.masina.rs\/eng\/post-serbia-workers-protest-novi-sad-well-victorious-well-victorious\/","url":"https:\/\/www.masina.rs\/eng\/post-serbia-workers-protest-novi-sad-well-victorious-well-victorious\/","name":"Post of Serbia workers protest in Novi Sad: \u201cthere is no surrender, we'll be victorious\u201d - Ma\u0161ina English","isPartOf":{"@id":"https:\/\/www.masina.rs\/eng\/#website"},"primaryImageOfPage":{"@id":"https:\/\/www.masina.rs\/eng\/post-serbia-workers-protest-novi-sad-well-victorious-well-victorious\/#primaryimage"},"image":{"@id":"https:\/\/www.masina.rs\/eng\/post-serbia-workers-protest-novi-sad-well-victorious-well-victorious\/#primaryimage"},"thumbnailUrl":"https:\/\/www.masina.rs\/eng\/wp-content\/uploads\/2019\/12\/po\u0161ta-1.jpg","datePublished":"2019-12-12T17:15:57+00:00","dateModified":"2019-12-12T17:16:47+00:00","breadcrumb":{"@id":"https:\/\/www.masina.rs\/eng\/post-serbia-workers-protest-novi-sad-well-victorious-well-victorious\/#breadcrumb"},"inLanguage":"en-US","potentialAction":[{"@type":"ReadAction","target":["https:\/\/www.masina.rs\/eng\/post-serbia-workers-protest-novi-sad-well-victorious-well-victorious\/"]}]},{"@type":"ImageObject","inLanguage":"en-US","@id":"https:\/\/www.masina.rs\/eng\/post-serbia-workers-protest-novi-sad-well-victorious-well-victorious\/#primaryimage","url":"https:\/\/www.masina.rs\/eng\/wp-content\/uploads\/2019\/12\/po\u0161ta-1.jpg","contentUrl":"https:\/\/www.masina.rs\/eng\/wp-content\/uploads\/2019\/12\/po\u0161ta-1.jpg","width":1024,"height":576,"caption":"Photo: Andr\u00e1s Juh\u00e1sz \/ Ma\u0161ina"},{"@type":"BreadcrumbList","@id":"https:\/\/www.masina.rs\/eng\/post-serbia-workers-protest-novi-sad-well-victorious-well-victorious\/#breadcrumb","itemListElement":[{"@type":"ListItem","position":1,"name":"Home","item":"https:\/\/www.masina.rs\/eng\/"},{"@type":"ListItem","position":2,"name":"Post of Serbia workers protest in Novi Sad: \u201cthere is no surrender, we&#8217;ll be victorious\u201d"}]},{"@type":"WebSite","@id":"https:\/\/www.masina.rs\/eng\/#website","url":"https:\/\/www.masina.rs\/eng\/","name":"Ma\u0161ina English","description":"Production of Social Critique","publisher":{"@id":"https:\/\/www.masina.rs\/eng\/#organization"},"potentialAction":[{"@type":"SearchAction","target":{"@type":"EntryPoint","urlTemplate":"https:\/\/www.masina.rs\/eng\/?s={search_term_string}"},"query-input":{"@type":"PropertyValueSpecification","valueRequired":true,"valueName":"search_term_string"}}],"inLanguage":"en-US"},{"@type":"Organization","@id":"https:\/\/www.masina.rs\/eng\/#organization","name":"masina.rs","url":"https:\/\/www.masina.rs\/eng\/","logo":{"@type":"ImageObject","inLanguage":"en-US","@id":"https:\/\/www.masina.rs\/eng\/#\/schema\/logo\/image\/","url":"https:\/\/www.masina.rs\/eng\/wp-content\/uploads\/2021\/05\/Masina-header-on-white-1.svg","contentUrl":"https:\/\/www.masina.rs\/eng\/wp-content\/uploads\/2021\/05\/Masina-header-on-white-1.svg","width":850,"height":283,"caption":"masina.rs"},"image":{"@id":"https:\/\/www.masina.rs\/eng\/#\/schema\/logo\/image\/"},"sameAs":["https:\/\/www.facebook.com\/masinars","https:\/\/x.com\/MasinaRS","https:\/\/www.instagram.com\/masina.rs"]},{"@type":"Person","@id":"https:\/\/www.masina.rs\/eng\/#\/schema\/person\/958b9359404b87ce04cd3437b841249a","name":"Ma\u0161ina","image":{"@type":"ImageObject","inLanguage":"en-US","@id":"https:\/\/secure.gravatar.com\/avatar\/714de62ad05798c58e25eca1fcdd8527f1b4886757589aaeee8409f9ffc347e5?s=96&d=mm&r=g712341107c94d7ea0db4b5f0543a82ce","url":"https:\/\/secure.gravatar.com\/avatar\/714de62ad05798c58e25eca1fcdd8527f1b4886757589aaeee8409f9ffc347e5?s=96&d=mm&r=g","contentUrl":"https:\/\/secure.gravatar.com\/avatar\/714de62ad05798c58e25eca1fcdd8527f1b4886757589aaeee8409f9ffc347e5?s=96&d=mm&r=g","caption":"Ma\u0161ina"},"url":"https:\/\/www.masina.rs\/eng\/author\/masina\/"}]}},"_links":{"self":[{"href":"https:\/\/www.masina.rs\/eng\/wp-json\/wp\/v2\/posts\/780","targetHints":{"allow":["GET"]}}],"collection":[{"href":"https:\/\/www.masina.rs\/eng\/wp-json\/wp\/v2\/posts"}],"about":[{"href":"https:\/\/www.masina.rs\/eng\/wp-json\/wp\/v2\/types\/post"}],"author":[{"embeddable":true,"href":"https:\/\/www.masina.rs\/eng\/wp-json\/wp\/v2\/users\/2"}],"replies":[{"embeddable":true,"href":"https:\/\/www.masina.rs\/eng\/wp-json\/wp\/v2\/comments?post=780"}],"version-history":[{"count":2,"href":"https:\/\/www.masina.rs\/eng\/wp-json\/wp\/v2\/posts\/780\/revisions"}],"predecessor-version":[{"id":784,"href":"https:\/\/www.masina.rs\/eng\/wp-json\/wp\/v2\/posts\/780\/revisions\/784"}],"wp:featuredmedia":[{"embeddable":true,"href":"https:\/\/www.masina.rs\/eng\/wp-json\/wp\/v2\/media\/782"}],"wp:attachment":[{"href":"https:\/\/www.masina.rs\/eng\/wp-json\/wp\/v2\/media?parent=780"}],"wp:term":[{"taxonomy":"category","embeddable":true,"href":"https:\/\/www.masina.rs\/eng\/wp-json\/wp\/v2\/categories?post=780"},{"taxonomy":"post_tag","embeddable":true,"href":"https:\/\/www.masina.rs\/eng\/wp-json\/wp\/v2\/tags?post=780"},{"taxonomy":"form","embeddable":true,"href":"https:\/\/www.masina.rs\/eng\/wp-json\/wp\/v2\/form?post=780"},{"taxonomy":"concept","embeddable":true,"href":"https:\/\/www.masina.rs\/eng\/wp-json\/wp\/v2\/concept?post=780"},{"taxonomy":"contents","embeddable":true,"href":"https:\/\/www.masina.rs\/eng\/wp-json\/wp\/v2\/contents?post=780"},{"taxonomy":"author","embeddable":true,"href":"https:\/\/www.masina.rs\/eng\/wp-json\/wp\/v2\/coauthors?post=780"}],"curies":[{"name":"wp","href":"https:\/\/api.w.org\/{rel}","templated":true}]}}